{"id":6865,"date":"2017-07-10T10:38:46","date_gmt":"2017-07-10T07:38:46","guid":{"rendered":"http:\/\/www.yeniterter.az\/?p=6865"},"modified":"2017-07-10T10:48:34","modified_gmt":"2017-07-10T07:48:34","slug":"t%c9%99mizlik-goz%c9%99llikdir","status":"publish","type":"post","link":"https:\/\/yeniterter.az\/?p=6865","title":{"rendered":"T\u018fM\u0130ZL\u0130K G\u00d6Z\u018fLL\u0130KD\u0130R"},"content":{"rendered":"<p><img decoding=\"async\" loading=\"lazy\" class=\" wp-image-6866 alignleft\" src=\"http:\/\/www.yeniterter.az\/wp-content\/uploads\/IMG-20170314-WA0061-200x300.jpg\" alt=\"IMG-20170314-WA0061\" width=\"103\" height=\"155\" srcset=\"https:\/\/yeniterter.az\/wp-content\/uploads\/IMG-20170314-WA0061-200x300.jpg 200w, https:\/\/yeniterter.az\/wp-content\/uploads\/IMG-20170314-WA0061.jpg 409w\" sizes=\"(max-width: 103px) 100vw, 103px\" \/>\u00d6lk\u0259 Prezidenti \u0130lham \u018fliyevin s\u0259r\u0259ncam\u0131 il\u0259 regionlar\u0131n sosial-iqtisadi inki\u015faf\u0131 istiqam\u0259tind\u0259 apa-r\u0131lan quruculuq i\u015fl\u0259ri h\u0259r yerd\u0259 geni\u015f v\u00fcs\u0259t al\u0131b. El\u0259 bizimT\u0259rt\u0259r rayonu da bu inki\u015faf\u0131n bariz n\u00fcmun\u0259sidir. G\u00f6r\u00fclm\u00fc\u015f tikinti, abadl\u0131q i\u015fl\u0259ri \u015f\u0259h\u0259rimizin simas\u0131n\u0131 g\u00fcnd\u0259n-g\u00fcn\u0259 d\u0259yi\u015fdirib, g\u00f6z\u0259ll\u0259\u015fdirir. Bu g\u00f6z\u0259lliyi qoruyub saxlayan z\u0259hm\u0259t adamlar\u0131 s\u0131ras\u0131nda kommunal m\u00fc\u0259ssis\u0259l\u0259ri kombinat\u0131n\u0131n f\u0259hl\u0259 v\u0259 s\u00fcp\u00fcrg\u0259\u00e7il\u0259ri d\u0259 var. Bu z\u0259hm\u0259t adamlar\u0131n\u0131 h\u0259r g\u00fcn i\u015f ba\u015f\u0131nda g\u00f6rm\u0259k olur. M\u00fc\u0259ssis\u0259nin m\u00fch\u0259ndisi Adil \u018fhm\u0259dova bel\u0259 sad\u0259 pe\u015f\u0259 sahibl\u0259rinin bir n\u00fcmay\u0259nd\u0259si haqq\u0131nda yazmaq ist\u0259diyimi bildirdim. M\u00fch\u0259ndis bu insanlar\u0131n h\u0259r birinin z\u0259hm\u0259tini d\u0259y\u0259rl\u0259ndir\u0259r\u0259k H\u00fcr\u00fc Meydanovadan yazma\u011f\u0131 m\u0259sl\u0259h\u0259t bildi.<br \/>\nBu z\u0259hm\u0259t adam\u0131 g\u00fcl\u00fcms\u00fcn\u0259r\u0259k \u00f6z i\u015find\u0259n s\u00f6z a\u00e7d\u0131: \u201cAy qadan al\u0131m, m\u0259nim i\u015fimin n\u0259yind\u0259n yazacaqsan? Sad\u0259 bir s\u00fcp\u00fcrg\u0259\u00e7iy\u0259m. Amma el\u0259 bilm\u0259 ki, m\u0259n i\u015fimi sevmir\u0259m. Ham\u0131 kimi m\u0259n d\u0259 \u00e7\u00f6r\u0259k pulumu qazand\u0131\u011f\u0131m i\u015fimd\u0259 \u00e7ox \u00fcr\u0259kl\u0259 \u00e7al\u0131\u015f\u0131ram. M\u0259n\u0259 tap\u015f\u0131r\u0131lan i\u015fin m\u0259suliyy\u0259tini d\u0259rk edir\u0259m. T\u0259mizliyin\u0259 baxd\u0131\u011f\u0131m yolla tez-tez qonaqlar g\u0259lib-gedir. D\u00fc\u015f\u00fcn\u00fcr\u0259m ki, onlarda \u015f\u0259h\u0259rimiz haqq\u0131nda ilk t\u0259\u0259ss\u00fcrat el\u0259 ke\u00e7dikl\u0259ri k\u00fc\u00e7\u0259d\u0259n, yoldan ba\u015flay\u0131r. <!--more--><br \/>\nBu sad\u0259 pe\u015f\u0259d\u0259 \u00e7al\u0131\u015fan qad\u0131nla s\u00f6hb\u0259t etdikc\u0259 \u00fcr\u0259yimd\u0259 ona qar\u015f\u0131 h\u00f6rm\u0259tim artd\u0131. Harda \u00e7al\u0131\u015fmas\u0131ndan as\u0131l\u0131 olmaya-raq h\u0259r bir insanda i\u015fin\u0259 qar\u015f\u0131 m\u0259suliyy\u0259t hissi olmal\u0131d\u0131r. H\u00fcr\u00fc Meydanovan\u0131 \u00e7al\u0131\u015fd\u0131\u011f\u0131 kollektivd\u0259 ham\u0131 n\u00fcmun\u0259vi bir i\u015f\u00e7i kimi tan\u0131y\u0131r v\u0259 ona h\u00f6rm\u0259t edir. H\u00fcr\u00fc \u00f6z\u00fc is\u0259 ona g\u00f6st\u0259ril\u0259n bu qay\u011f\u0131ya b\u00f6y\u00fck d\u0259y\u0259r ver\u0259r\u0259k \u00f6z i\u015find\u0259 daha m\u0259suliyy\u0259tl\u0259 \u00e7al\u0131\u015f\u0131r.<\/p>\n<p style=\"text-align: right;\"><em><strong>Elfuz\u0259 Camalq\u0131z\u0131<\/strong><\/em><\/p>\n","protected":false},"excerpt":{"rendered":"<p>\u00d6lk\u0259 Prezidenti \u0130lham \u018fliyevin s\u0259r\u0259ncam\u0131 il\u0259 regionlar\u0131n sosial-iqtisadi inki\u015faf\u0131 istiqam\u0259tind\u0259 apa-r\u0131lan quruculuq i\u015fl\u0259ri h\u0259r yerd\u0259 geni\u015f v\u00fcs\u0259t al\u0131b. El\u0259 bizimT\u0259rt\u0259r rayonu da bu inki\u015faf\u0131n bariz n\u00fcmun\u0259sidir. G\u00f6r\u00fclm\u00fc\u015f tikinti, abadl\u0131q i\u015fl\u0259ri \u015f\u0259h\u0259rimizin simas\u0131n\u0131 g\u00fcnd\u0259n-g\u00fcn\u0259 d\u0259yi\u015fdirib, g\u00f6z\u0259ll\u0259\u015fdirir. Bu g\u00f6z\u0259lliyi qoruyub saxlayan z\u0259hm\u0259t adamlar\u0131 s\u0131ras\u0131nda kommunal m\u00fc\u0259ssis\u0259l\u0259ri kombinat\u0131n\u0131n f\u0259hl\u0259 v\u0259 s\u00fcp\u00fcrg\u0259\u00e7il\u0259ri d\u0259 var. Bu z\u0259hm\u0259t adamlar\u0131n\u0131 h\u0259r g\u00fcn [&hellip;]<\/p>\n","protected":false},"author":2,"featured_media":0,"comment_status":"closed","ping_status":"closed","sticky":false,"template":"","format":"standard","meta":[],"categories":[10],"tags":[20],"_links":{"self":[{"href":"https:\/\/yeniterter.az\/index.php?rest_route=\/wp\/v2\/posts\/6865"}],"collection":[{"href":"https:\/\/yeniterter.az\/index.php?rest_route=\/wp\/v2\/posts"}],"about":[{"href":"https:\/\/yeniterter.az\/index.php?rest_route=\/wp\/v2\/types\/post"}],"author":[{"embeddable":true,"href":"https:\/\/yeniterter.az\/index.php?rest_route=\/wp\/v2\/users\/2"}],"replies":[{"embeddable":true,"href":"https:\/\/yeniterter.az\/index.php?rest_route=%2Fwp%2Fv2%2Fcomments&post=6865"}],"version-history":[{"count":0,"href":"https:\/\/yeniterter.az\/index.php?rest_route=\/wp\/v2\/posts\/6865\/revisions"}],"wp:attachment":[{"href":"https:\/\/yeniterter.az\/index.php?rest_route=%2Fwp%2Fv2%2Fmedia&parent=6865"}],"wp:term":[{"taxonomy":"category","embeddable":true,"href":"https:\/\/yeniterter.az\/index.php?rest_route=%2Fwp%2Fv2%2Fcategories&post=6865"},{"taxonomy":"post_tag","embeddable":true,"href":"https:\/\/yeniterter.az\/index.php?rest_route=%2Fwp%2Fv2%2Ftags&post=6865"}],"curies":[{"name":"wp","href":"https:\/\/api.w.org\/{rel}","templated":true}]}}