{"id":6825,"date":"2017-06-30T13:42:31","date_gmt":"2017-06-30T10:42:31","guid":{"rendered":"http:\/\/www.yeniterter.az\/?p=6825"},"modified":"2017-06-30T13:42:31","modified_gmt":"2017-06-30T10:42:31","slug":"az%c9%99rbaycanda-silahli-quvv%c9%99l%c9%99r-gunu","status":"publish","type":"post","link":"https:\/\/yeniterter.az\/?p=6825","title":{"rendered":"AZ\u018fRBAYCANDA S\u0130LAHLI Q\u00dcVV\u018fL\u018fR G\u00dcN\u00dc"},"content":{"rendered":"<p>AZ\u018fRBAYCAN G\u00dcCL\u00dc D\u00d6VL\u018fTD\u0130R V\u018f ONUN G\u00dcCL\u00dc ORDUSU VAR<\/p>\n<p><img decoding=\"async\" loading=\"lazy\" class=\" wp-image-6826 alignleft\" src=\"http:\/\/www.yeniterter.az\/wp-content\/uploads\/170288-300x185.jpg\" alt=\"170288\" width=\"144\" height=\"89\" srcset=\"https:\/\/yeniterter.az\/wp-content\/uploads\/170288-300x185.jpg 300w, https:\/\/yeniterter.az\/wp-content\/uploads\/170288.jpg 424w\" sizes=\"(max-width: 144px) 100vw, 144px\" \/>1918-ci ilin 28 may tarixind\u0259 Az\u0259rbaycan Demokratik Respublikas\u0131 elan olunanda Az\u0259rbaycanda milli ordu yox idi. Az\u0259rbaycan Demokratik Respublikas\u0131 h\u00f6kum\u0259tinin q\u0259rar\u0131 il\u0259 1918-ci il iyunun 26-da ilk h\u0259rbi hiss\u0259 &#8211; \u0259lahidd\u0259 korpus yarand\u0131. Az bir vaxt \u0259rzind\u0259 Az\u0259rbaycanda milli ordu quruculu\u011funda \u0259sasl\u0131 n\u0259tic\u0259l\u0259r \u0259ld\u0259 olundu.<br \/>\nXalq\u0131m\u0131z\u0131n \u00dcmummilli Lideri Heyd\u0259r \u018fliyevin 1998-ci il 22 may tarixind\u0259 imzalad\u0131\u011f\u0131 f\u0259rmanla 1918-ci ild\u0259 &#8211; Az\u0259rbaycan Demokratik Respublikas\u0131 d\u00f6vr\u00fcnd\u0259 general S\u0259m\u0259d b\u0259y Mehmandarovun r\u0259hb\u0259rliyi il\u0259 ilk \u0259lahidd\u0259 Az\u0259rbaycan korpusunun yarad\u0131ld\u0131\u011f\u0131 g\u00fcn &#8211; 26 iyun Az\u0259rbaycan Respublikas\u0131n\u0131n Silahl\u0131 Q\u00fcvv\u0259l\u0259r G\u00fcn\u00fc elan edildi.<br \/>\nHaz\u0131rda Az\u0259rbaycan Ordusu C\u0259nubi Qafqazda \u0259n g\u00fccl\u00fc v\u0259 haz\u0131rl\u0131ql\u0131 ordu hesab olunur.<br \/>\nAz\u0259rbaycan Respublikas\u0131n\u0131n Prezidenti, Silahl\u0131 Q\u00fcvv\u0259l\u0259rin Ali Ba\u015f Komandan\u0131 \u0130lham \u018fliyev Silahl\u0131 Q\u00fcvv\u0259l\u0259rin yarad\u0131lmas\u0131n\u0131n 95 illiyi m\u00fcnasib\u0259til\u0259 Bak\u0131n\u0131n Azadl\u0131q Meydan\u0131nda ke\u00e7iril\u0259n h\u0259rbi paradda \u00e7\u0131x\u0131\u015f\u0131 zaman\u0131 bildirmi\u015fdir:<!--more--> \u201cM\u0259n h\u0259mi\u015f\u0259 deyir\u0259m ki, g\u00fccl\u00fc d\u00f6vl\u0259tin g\u00fccl\u00fc ordusu olmal\u0131d\u0131r. Az\u0259rbaycan Ordusu n\u0259inki b\u00f6lg\u0259d\u0259, d\u00fcnyada h\u0259m h\u0259rbi potensial\u0131na, h\u0259m d\u00f6y\u00fc\u015f qabiliyy\u0259tin\u0259, h\u0259m d\u0259 t\u0259chizat\u0131na g\u00f6r\u0259 g\u00fccl\u00fc ordular s\u0131ras\u0131ndad\u0131r. Ordumuz ist\u0259nil\u0259n v\u0259zif\u0259ni h\u0259ll etm\u0259y\u0259 haz\u0131rd\u0131r, buna qadirdir!\u201d<br \/>\n\u00d6t\u0259n ilin aprel hadis\u0259l\u0259ri Az\u0259rbaycan Ordusunun q\u00fcdr\u0259tini bir daha s\u00fcbut etdi. 2016-c\u0131 ilin 2 aprel tarixind\u0259 c\u0259bh\u0259yan\u0131 \u0259razil\u0259rd\u0259 m\u0259skunla\u015fan m\u00fclki \u0259hali h\u0259d\u0259f\u0259 al\u0131naraq Erm\u0259nistan t\u0259r\u0259find\u0259n Az\u0259rbaycan Silahl\u0131 Q\u00fcvv\u0259l\u0259rinin qo\u015funlar\u0131n t\u0259mas x\u0259ttind\u0259 m\u00f6vqel\u0259ri a\u011f\u0131r silahlardan intensiv at\u0259\u015f\u0259 m\u0259ruz qald\u0131. H\u0259min hadis\u0259l\u0259r zaman\u0131 erm\u0259ni silahl\u0131 birl\u0259\u015fm\u0259l\u0259rinin t\u0259xribat\u0131n\u0131n qar\u015f\u0131s\u0131n\u0131 layiqinc\u0259 alan Az\u0259rbaycan Silahl\u0131 Q\u00fcvv\u0259l\u0259ri uzun ill\u0259r d\u00fc\u015fm\u0259n tapda\u011f\u0131 alt\u0131nda olan \u0259razil\u0259rimizin bir hiss\u0259sini i\u015f\u011faldan azad etdi. Az\u0259rbaycan Respublikas\u0131n\u0131n Prezidenti c\u0259nab \u0130lham \u018fliyevin bildirdiyi kimi, aprel d\u00f6y\u00fc\u015fl\u0259ri tarixd\u0259 Az\u0259rbaycan\u0131n b\u00f6y\u00fck h\u0259rbi q\u0259l\u0259b\u0259si kimi qalacaqd\u0131r, Az\u0259rbaycan g\u00fccl\u00fc d\u00f6vl\u0259tdir v\u0259 onun g\u00fccl\u00fc ordusu var.<\/p>\n<p style=\"text-align: right;\"><strong><em>\u201cYeni T\u0259rt\u0259r\u201d<\/em><\/strong><\/p>\n","protected":false},"excerpt":{"rendered":"<p>AZ\u018fRBAYCAN G\u00dcCL\u00dc D\u00d6VL\u018fTD\u0130R V\u018f ONUN G\u00dcCL\u00dc ORDUSU VAR 1918-ci ilin 28 may tarixind\u0259 Az\u0259rbaycan Demokratik Respublikas\u0131 elan olunanda Az\u0259rbaycanda milli ordu yox idi. Az\u0259rbaycan Demokratik Respublikas\u0131 h\u00f6kum\u0259tinin q\u0259rar\u0131 il\u0259 1918-ci il iyunun 26-da ilk h\u0259rbi hiss\u0259 &#8211; \u0259lahidd\u0259 korpus yarand\u0131. Az bir vaxt \u0259rzind\u0259 Az\u0259rbaycanda milli ordu quruculu\u011funda \u0259sasl\u0131 n\u0259tic\u0259l\u0259r \u0259ld\u0259 olundu. Xalq\u0131m\u0131z\u0131n \u00dcmummilli Lideri [&hellip;]<\/p>\n","protected":false},"author":2,"featured_media":0,"comment_status":"closed","ping_status":"closed","sticky":false,"template":"","format":"standard","meta":[],"categories":[10],"tags":[20],"_links":{"self":[{"href":"https:\/\/yeniterter.az\/index.php?rest_route=\/wp\/v2\/posts\/6825"}],"collection":[{"href":"https:\/\/yeniterter.az\/index.php?rest_route=\/wp\/v2\/posts"}],"about":[{"href":"https:\/\/yeniterter.az\/index.php?rest_route=\/wp\/v2\/types\/post"}],"author":[{"embeddable":true,"href":"https:\/\/yeniterter.az\/index.php?rest_route=\/wp\/v2\/users\/2"}],"replies":[{"embeddable":true,"href":"https:\/\/yeniterter.az\/index.php?rest_route=%2Fwp%2Fv2%2Fcomments&post=6825"}],"version-history":[{"count":0,"href":"https:\/\/yeniterter.az\/index.php?rest_route=\/wp\/v2\/posts\/6825\/revisions"}],"wp:attachment":[{"href":"https:\/\/yeniterter.az\/index.php?rest_route=%2Fwp%2Fv2%2Fmedia&parent=6825"}],"wp:term":[{"taxonomy":"category","embeddable":true,"href":"https:\/\/yeniterter.az\/index.php?rest_route=%2Fwp%2Fv2%2Fcategories&post=6825"},{"taxonomy":"post_tag","embeddable":true,"href":"https:\/\/yeniterter.az\/index.php?rest_route=%2Fwp%2Fv2%2Ftags&post=6825"}],"curies":[{"name":"wp","href":"https:\/\/api.w.org\/{rel}","templated":true}]}}