{"id":6776,"date":"2017-06-21T13:23:36","date_gmt":"2017-06-21T10:23:36","guid":{"rendered":"http:\/\/www.yeniterter.az\/?p=6776"},"modified":"2017-06-21T14:56:30","modified_gmt":"2017-06-21T11:56:30","slug":"6776","status":"publish","type":"post","link":"https:\/\/yeniterter.az\/?p=6776","title":{"rendered":""},"content":{"rendered":"<p><strong><em><img decoding=\"async\" loading=\"lazy\" class=\" wp-image-6777 alignleft\" src=\"http:\/\/www.yeniterter.az\/wp-content\/uploads\/475c7ed02ba735186338672aca0bd942-300x212.jpg\" alt=\"475c7ed02ba735186338672aca0bd942\" width=\"246\" height=\"174\" srcset=\"https:\/\/yeniterter.az\/wp-content\/uploads\/475c7ed02ba735186338672aca0bd942-300x212.jpg 300w, https:\/\/yeniterter.az\/wp-content\/uploads\/475c7ed02ba735186338672aca0bd942-768x544.jpg 768w, https:\/\/yeniterter.az\/wp-content\/uploads\/475c7ed02ba735186338672aca0bd942-1024x725.jpg 1024w, https:\/\/yeniterter.az\/wp-content\/uploads\/475c7ed02ba735186338672aca0bd942.jpg 1500w\" sizes=\"(max-width: 246px) 100vw, 246px\" \/>Bug\u00fcnk\u00fc Az\u0259rbaycan d\u00fcnya miqyas\u0131nda se\u00e7il\u0259n bir \u00f6lk\u0259dir. T\u0259\u0259ss\u00fcf edir\u0259m, ham\u0131m\u0131z t\u0259\u0259ss\u00fcf edirik ki, m\u00fcst\u0259qilliyimizin ilk g\u00fcnl\u0259rind\u0259n Heyd\u0259r \u018fliyev Az\u0259rbaycanda r\u0259hb\u0259rlikd\u0259 olmay\u0131b. \u018fg\u0259r r\u0259hb\u0259rlikd\u0259 olsayd\u0131, bir qar\u0131\u015f torpaq da i\u015f\u011fal alt\u0131na d\u00fc\u015fm\u0259zdi. \u018ffsuslar olsun ki, m\u00fcst\u0259qilliyimizin ilk ill\u0259rind\u0259 \u00f6lk\u0259miz\u0259 r\u0259hb\u0259rlik etmi\u015f insanlar z\u0259iflik, qorxaql\u0131q g\u00f6st\u0259rdil\u0259r. AXC-M\u00fcsavat c\u00fctl\u00fcy\u00fcn\u0259 g\u0259linc\u0259, x\u0259yan\u0259tkar hakimiyy\u0259t torpaqlar\u0131m\u0131z\u0131 qoruya bilm\u0259di. Qurtulu\u015f G\u00fcn\u00fc bug\u00fcnk\u00fc reall\u0131qlar\u0131 \u015f\u0259rtl\u0259ndir\u0259n g\u00fcnd\u00fcr. \u018fg\u0259r Heyd\u0259r \u018fliyev m\u00fcst\u0259qilliyimizin ilk ill\u0259rind\u0259 hakimiyy\u0259td\u0259 olsayd\u0131, \u00f6z\u00fcm\u00fcz\u00fc b\u0259lalardan qoruya bil\u0259rdik.<\/em><\/strong><\/p>\n<p style=\"text-align: right;\"><strong>\u0130lham \u018fliyev,<\/strong><br \/>\n<strong>Az\u0259rbaycan Respublikas\u0131n\u0131n Prezidenti<\/strong><\/p>\n","protected":false},"excerpt":{"rendered":"<p>Bug\u00fcnk\u00fc Az\u0259rbaycan d\u00fcnya miqyas\u0131nda se\u00e7il\u0259n bir \u00f6lk\u0259dir. T\u0259\u0259ss\u00fcf edir\u0259m, ham\u0131m\u0131z t\u0259\u0259ss\u00fcf edirik ki, m\u00fcst\u0259qilliyimizin ilk g\u00fcnl\u0259rind\u0259n Heyd\u0259r \u018fliyev Az\u0259rbaycanda r\u0259hb\u0259rlikd\u0259 olmay\u0131b. \u018fg\u0259r r\u0259hb\u0259rlikd\u0259 olsayd\u0131, bir qar\u0131\u015f torpaq da i\u015f\u011fal alt\u0131na d\u00fc\u015fm\u0259zdi. \u018ffsuslar olsun ki, m\u00fcst\u0259qilliyimizin ilk ill\u0259rind\u0259 \u00f6lk\u0259miz\u0259 r\u0259hb\u0259rlik etmi\u015f insanlar z\u0259iflik, qorxaql\u0131q g\u00f6st\u0259rdil\u0259r. AXC-M\u00fcsavat c\u00fctl\u00fcy\u00fcn\u0259 g\u0259linc\u0259, x\u0259yan\u0259tkar hakimiyy\u0259t torpaqlar\u0131m\u0131z\u0131 qoruya bilm\u0259di. Qurtulu\u015f G\u00fcn\u00fc bug\u00fcnk\u00fc [&hellip;]<\/p>\n","protected":false},"author":2,"featured_media":0,"comment_status":"closed","ping_status":"closed","sticky":false,"template":"","format":"standard","meta":[],"categories":[10],"tags":[20],"_links":{"self":[{"href":"https:\/\/yeniterter.az\/index.php?rest_route=\/wp\/v2\/posts\/6776"}],"collection":[{"href":"https:\/\/yeniterter.az\/index.php?rest_route=\/wp\/v2\/posts"}],"about":[{"href":"https:\/\/yeniterter.az\/index.php?rest_route=\/wp\/v2\/types\/post"}],"author":[{"embeddable":true,"href":"https:\/\/yeniterter.az\/index.php?rest_route=\/wp\/v2\/users\/2"}],"replies":[{"embeddable":true,"href":"https:\/\/yeniterter.az\/index.php?rest_route=%2Fwp%2Fv2%2Fcomments&post=6776"}],"version-history":[{"count":0,"href":"https:\/\/yeniterter.az\/index.php?rest_route=\/wp\/v2\/posts\/6776\/revisions"}],"wp:attachment":[{"href":"https:\/\/yeniterter.az\/index.php?rest_route=%2Fwp%2Fv2%2Fmedia&parent=6776"}],"wp:term":[{"taxonomy":"category","embeddable":true,"href":"https:\/\/yeniterter.az\/index.php?rest_route=%2Fwp%2Fv2%2Fcategories&post=6776"},{"taxonomy":"post_tag","embeddable":true,"href":"https:\/\/yeniterter.az\/index.php?rest_route=%2Fwp%2Fv2%2Ftags&post=6776"}],"curies":[{"name":"wp","href":"https:\/\/api.w.org\/{rel}","templated":true}]}}