{"id":6772,"date":"2017-06-21T13:21:22","date_gmt":"2017-06-21T10:21:22","guid":{"rendered":"http:\/\/www.yeniterter.az\/?p=6772"},"modified":"2017-06-21T13:21:22","modified_gmt":"2017-06-21T10:21:22","slug":"qurtulus-gunu-xalqin-muq%c9%99dd%c9%99rati-h%c9%99ll-olundu","status":"publish","type":"post","link":"https:\/\/yeniterter.az\/?p=6772","title":{"rendered":"QURTULU\u015e G\u00dcN\u00dc XALQIN M\u00dcQ\u018fDD\u018fRATI H\u018fLL OLUNDU"},"content":{"rendered":"<p><img decoding=\"async\" loading=\"lazy\" class=\" wp-image-6773 alignright\" src=\"http:\/\/www.yeniterter.az\/wp-content\/uploads\/DSC_3991-300x200.jpg\" alt=\"DSC_3991\" width=\"162\" height=\"108\" srcset=\"https:\/\/yeniterter.az\/wp-content\/uploads\/DSC_3991-300x200.jpg 300w, https:\/\/yeniterter.az\/wp-content\/uploads\/DSC_3991-768x512.jpg 768w, https:\/\/yeniterter.az\/wp-content\/uploads\/DSC_3991-1024x683.jpg 1024w, https:\/\/yeniterter.az\/wp-content\/uploads\/DSC_3991.jpg 1500w\" sizes=\"(max-width: 162px) 100vw, 162px\" \/><img decoding=\"async\" loading=\"lazy\" class=\" wp-image-6774 alignleft\" src=\"http:\/\/www.yeniterter.az\/wp-content\/uploads\/Qurtulus-300x200.jpg\" alt=\"Qurtulus\" width=\"155\" height=\"103\" srcset=\"https:\/\/yeniterter.az\/wp-content\/uploads\/Qurtulus-300x200.jpg 300w, https:\/\/yeniterter.az\/wp-content\/uploads\/Qurtulus.jpg 600w\" sizes=\"(max-width: 155px) 100vw, 155px\" \/>T\u0259rt\u0259r rayonunda 15 iyun\u2013Milli Qurtulu\u015f G\u00fcn\u00fc m\u00fcnasib\u0259ti il\u0259 \u00fcmumrayon t\u0259dbiri ke\u00e7irilib.<br \/>\n\u018fvv\u0259lc\u0259 t\u0259dbir i\u015ftirak\u00e7\u0131lar\u0131 \u00dcmummilli liderin xatir\u0259sini ehtiramla yad edib, abid\u0259si \u00f6n\u00fcn\u0259 g\u00fcl-\u00e7i\u00e7\u0259k d\u0259st\u0259l\u0259ri qoyublar. Sonra t\u0259dbir Yeni Az\u0259rbaycan Partiyas\u0131n\u0131n T\u0259rt\u0259r Rayon T\u0259\u015fkilat\u0131n\u0131n inzibati binas\u0131nda d\u0259yirmi masa \u0259traf\u0131nda davam etdirilib.<br \/>\nT\u0259dbiri rayon icra hakimiyy\u0259tinin ba\u015f\u00e7\u0131s\u0131 M\u00fcst\u0259qim M\u0259mm\u0259dov a\u00e7araq t\u0259rt\u0259rlil\u0259ri Milli Qurtulu\u015f G\u00fcn\u00fc m\u00fcnasib\u0259ti il\u0259 t\u0259brik edib, Ulu \u00d6nd\u0259rin Az\u0259rbaycan xalq\u0131n\u0131n xilaskar\u0131 oldu\u011funu bildirib. Rayon r\u0259hb\u0259ri qeyd edib ki, m\u00fcst\u0259qilliyin ilk ill\u0259rind\u0259 d\u00f6vl\u0259tin idar\u0259\u00e7ilik s\u00fckan\u0131 arxas\u0131nda xalq\u0131n b\u00fct\u00fcn q\u00fcvv\u0259l\u0259rini bir yer\u0259 toplaya bil\u0259c\u0259k q\u00fcdr\u0259tli lider yox idi. R\u0259hb\u0259rlik Moskvan\u0131n dikt\u0259si il\u0259 i\u015fl\u0259yirdi. Bel\u0259 bir \u00e7\u0259tin anda xalq\u0131m\u0131z \u00f6z liderinin\u2013Heyd\u0259r \u018fliyevin g\u0259li\u015fini h\u0259sr\u0259tl\u0259 g\u00f6zl\u0259yirdi.<br \/>\nXaql\u0131n t\u0259kidli t\u0259l\u0259bi v\u0259 iqtidar\u0131n xahi\u015fi il\u0259 Heyd\u0259r \u018fliyev 1993-c\u00fc il iyunun 15-d\u0259 Ali Sovet\u0259 s\u0259dr se\u00e7ildi. O g\u00fcnd\u0259n insanlarda inam yarand\u0131 ki, faci\u0259l\u0259rd\u0259n, f\u0259lak\u0259tl\u0259rd\u0259n, \u00f6l\u00fcm v\u0259 qandan qurtulacaqlar. Bu, do\u011frudan da milli qurtulu\u015f idi.<!--more--><br \/>\nRayon r\u0259hb\u0259ri qeyd edib ki, Ulu \u00d6nd\u0259rin ilk d\u0259f\u0259 hakimiyy\u0259t\u0259 g\u0259li\u015fi il\u0259 \u0259laq\u0259dar olaraq T\u0259rt\u0259r rayonunun iqtisadiyyat\u0131nda da b\u00f6y\u00fck d\u00f6n\u00fc\u015f yaranm\u0131\u015fd\u0131r. H\u0259min ill\u0259rd\u0259 rayon 35-40 min ton pamb\u0131q istehsal ed\u0259n, b\u00f6y\u00fck maldarl\u0131\u011fa malik olan, s\u0259nayesini dir\u00e7\u0259ld\u0259n bir rayona \u00e7evrilmi\u015fdir.<br \/>\nRayon r\u0259hb\u0259ri Ulu \u00d6nd\u0259rin ikinci d\u0259f\u0259 hakimiyy\u0259t\u0259 qay\u0131td\u0131qdan sonra T\u0259rt\u0259r rayonunda qazan\u0131lan sosial-iqtisadi inki\u015fafdan da s\u00f6hb\u0259t a\u00e7\u0131b. Bildirib ki, haz\u0131rda bu i\u015fl\u0259r Ulu \u00d6nd\u0259rin siyasi kursunun layiqli davam\u00e7\u0131s\u0131 m\u00f6ht\u0259r\u0259m Prezidentimiz \u0130lham \u018fliyev t\u0259r\u0259find\u0259n u\u011furla davam etdirilir.<br \/>\nSonra rayon A\u011fsaqqallar \u015euras\u0131 \u0130dar\u0259 Hey\u0259tinin \u00fczv\u00fc Rauf H\u0259s\u0259nzad\u0259, YAP T\u0259rt\u0259r Rayon T\u0259\u015fkilat\u0131 Aparat\u0131n\u0131n ba\u015f m\u0259sl\u0259h\u0259t\u00e7isi Eldar \u018fs\u0259dov v\u0259 Umudlu k\u0259nd tam orta m\u0259kt\u0259binin m\u00fc\u0259llimi L\u0259man Heyd\u0259rli \u00e7\u0131x\u0131\u015f edibl\u0259r. Onlar dahi \u015f\u0259x-siyy\u0259t olan Ulu \u00d6nd\u0259rin xalq\u0131n xilaskar\u0131, lideri oldu\u011funu qeyd edib, Heyd\u0259r \u018fliyevin hakimiyy\u0259t\u0259 g\u0259li\u015fil\u0259 \u00f6lk\u0259d\u0259 h\u0259rc-m\u0259rciliy\u0259, xaosa, v\u0259t\u0259nda\u015f m\u00fcharib\u0259si t\u0259hl\u00fck\u0259sin\u0259 son qoyuldu\u011funu bildiribl\u0259r.<br \/>\nT\u0259dbirin sonunda Yeni Az\u0259rbaycan Partiyas\u0131n\u0131n s\u0131ralar\u0131na yeni q\u0259bul edilmi\u015f g\u0259ncl\u0259r\u0259 v\u0259siq\u0259l\u0259r, \u015f\u0259h\u0259r bir sayl\u0131 tam orta m\u0259kt\u0259bin VIII sinif \u015fagirdi H\u00fcseyn \u0130sazad\u0259y\u0259 is\u0259 boks \u00fczr\u0259 ke\u00e7iril\u0259n respublika birinciliyind\u0259 ikinci yeri tutdu\u011fu \u00fc\u00e7\u00fcn rayon g\u0259ncl\u0259r v\u0259 idman idar\u0259si t\u0259r\u0259find\u0259n diplom v\u0259 qiym\u0259tli h\u0259diyy\u0259 t\u0259qdim edilib.<br \/>\n15 iyun\u2013Milli Qurtulu\u015f G\u00fcn\u00fc m\u00fcnasib\u0259ti il\u0259 rayonun \u0259razisind\u0259 yerl\u0259\u015f\u0259n h\u0259rbi hiss\u0259l\u0259rin \u0259sg\u0259r v\u0259 zabitl\u0259ri d\u0259 Ulu \u00d6nd\u0259rin xatir\u0259sini yad ed\u0259r\u0259k abid\u0259si \u00f6n\u00fcn\u0259 g\u00fcl-\u00e7i\u00e7\u0259k d\u0259st\u0259l\u0259ri qoyublar. Sonra h\u0259rb\u00e7il\u0259r Heyd\u0259r \u018fliyev M\u0259rk\u0259zind\u0259 \u00dcmummilli Liderin h\u0259yat v\u0259 f\u0259aliyy\u0259tini \u0259ks etdir\u0259n eksponatlarla tan\u0131\u015f olublar.<\/p>\n<p style=\"text-align: right;\"><strong><em>\u201cYeni T\u0259rt\u0259r\u201d<\/em><\/strong><\/p>\n","protected":false},"excerpt":{"rendered":"<p>T\u0259rt\u0259r rayonunda 15 iyun\u2013Milli Qurtulu\u015f G\u00fcn\u00fc m\u00fcnasib\u0259ti il\u0259 \u00fcmumrayon t\u0259dbiri ke\u00e7irilib. \u018fvv\u0259lc\u0259 t\u0259dbir i\u015ftirak\u00e7\u0131lar\u0131 \u00dcmummilli liderin xatir\u0259sini ehtiramla yad edib, abid\u0259si \u00f6n\u00fcn\u0259 g\u00fcl-\u00e7i\u00e7\u0259k d\u0259st\u0259l\u0259ri qoyublar. Sonra t\u0259dbir Yeni Az\u0259rbaycan Partiyas\u0131n\u0131n T\u0259rt\u0259r Rayon T\u0259\u015fkilat\u0131n\u0131n inzibati binas\u0131nda d\u0259yirmi masa \u0259traf\u0131nda davam etdirilib. T\u0259dbiri rayon icra hakimiyy\u0259tinin ba\u015f\u00e7\u0131s\u0131 M\u00fcst\u0259qim M\u0259mm\u0259dov a\u00e7araq t\u0259rt\u0259rlil\u0259ri Milli Qurtulu\u015f G\u00fcn\u00fc m\u00fcnasib\u0259ti il\u0259 t\u0259brik [&hellip;]<\/p>\n","protected":false},"author":2,"featured_media":0,"comment_status":"closed","ping_status":"closed","sticky":false,"template":"","format":"standard","meta":[],"categories":[1],"tags":[13],"_links":{"self":[{"href":"https:\/\/yeniterter.az\/index.php?rest_route=\/wp\/v2\/posts\/6772"}],"collection":[{"href":"https:\/\/yeniterter.az\/index.php?rest_route=\/wp\/v2\/posts"}],"about":[{"href":"https:\/\/yeniterter.az\/index.php?rest_route=\/wp\/v2\/types\/post"}],"author":[{"embeddable":true,"href":"https:\/\/yeniterter.az\/index.php?rest_route=\/wp\/v2\/users\/2"}],"replies":[{"embeddable":true,"href":"https:\/\/yeniterter.az\/index.php?rest_route=%2Fwp%2Fv2%2Fcomments&post=6772"}],"version-history":[{"count":0,"href":"https:\/\/yeniterter.az\/index.php?rest_route=\/wp\/v2\/posts\/6772\/revisions"}],"wp:attachment":[{"href":"https:\/\/yeniterter.az\/index.php?rest_route=%2Fwp%2Fv2%2Fmedia&parent=6772"}],"wp:term":[{"taxonomy":"category","embeddable":true,"href":"https:\/\/yeniterter.az\/index.php?rest_route=%2Fwp%2Fv2%2Fcategories&post=6772"},{"taxonomy":"post_tag","embeddable":true,"href":"https:\/\/yeniterter.az\/index.php?rest_route=%2Fwp%2Fv2%2Ftags&post=6772"}],"curies":[{"name":"wp","href":"https:\/\/api.w.org\/{rel}","templated":true}]}}