{"id":6768,"date":"2017-06-21T13:16:02","date_gmt":"2017-06-21T10:16:02","guid":{"rendered":"http:\/\/www.yeniterter.az\/?p=6768"},"modified":"2017-06-21T13:16:15","modified_gmt":"2017-06-21T10:16:15","slug":"heyd%c9%99r-%c9%99liyev-fondunun-numay%c9%99nd%c9%99l%c9%99ri-t%c9%99rt%c9%99rd%c9%99","status":"publish","type":"post","link":"https:\/\/yeniterter.az\/?p=6768","title":{"rendered":"HEYD\u018fR \u018fL\u0130YEV FONDUNUN N\u00dcMAY\u018fND\u018fL\u018fR\u0130 T\u018fRT\u018fRD\u018f"},"content":{"rendered":"<p><img decoding=\"async\" loading=\"lazy\" class=\" wp-image-6769 alignleft\" src=\"http:\/\/www.yeniterter.az\/wp-content\/uploads\/952bd1afb5e27e09b2b247e3a817f1e8-300x200.jpg\" alt=\"952bd1afb5e27e09b2b247e3a817f1e8\" width=\"150\" height=\"100\" srcset=\"https:\/\/yeniterter.az\/wp-content\/uploads\/952bd1afb5e27e09b2b247e3a817f1e8-300x200.jpg 300w, https:\/\/yeniterter.az\/wp-content\/uploads\/952bd1afb5e27e09b2b247e3a817f1e8-768x511.jpg 768w, https:\/\/yeniterter.az\/wp-content\/uploads\/952bd1afb5e27e09b2b247e3a817f1e8-1024x682.jpg 1024w, https:\/\/yeniterter.az\/wp-content\/uploads\/952bd1afb5e27e09b2b247e3a817f1e8.jpg 1200w\" sizes=\"(max-width: 150px) 100vw, 150px\" \/>Heyd\u0259r \u018fliyev Fondunun Regional \u0130nki\u015faf \u0130ctimai Birliyinin (R\u0130\u0130B) Yuxar\u0131 Qaraba\u011f regional m\u0259rk\u0259zi yarad\u0131l\u0131b. Regional M\u0259rk\u0259zin T\u0259rt\u0259rd\u0259 ke\u00e7iril\u0259n iclas\u0131nda \u00e7\u0131x\u0131\u015f ed\u0259n Heyd\u0259r \u018fliyev Fondunun icra\u00e7\u0131 direktoru Anar \u018fl\u0259kb\u0259rov ictimai birliyin yaranma z\u0259rur\u0259ti v\u0259 f\u0259aliyy\u0259ti bar\u0259d\u0259 m\u0259lumat verib. Bildirib ki, Heyd\u0259r \u018fliyev Fondunun prezidenti Mehriban \u018fliyevan\u0131n tap\u015f\u0131r\u0131\u011f\u0131 il\u0259 yarad\u0131lan v\u0259 2016-c\u0131 ilin mart ay\u0131ndan f\u0259aliyy\u0259t\u0259 ba\u015flayan Regional \u0130nki\u015faf \u0130ctimai Birliyi \u00f6lk\u0259nin sosial-iqtisadi v\u0259 m\u0259d\u0259ni inki\u015faf\u0131na d\u0259st\u0259k ver\u0259n layih\u0259l\u0259r h\u0259yata ke\u00e7irir.<br \/>\n\u00d6t\u0259n m\u00fcdd\u0259t \u0259rzind\u0259 g\u00f6r\u00fcl\u0259n i\u015fl\u0259r bar\u0259d\u0259 m\u0259lumat ver\u0259n ictimai birliyin s\u0259dri M\u0259h\u0259mm\u0259d Abdullayev bildirib ki, t\u0259\u015fkilat\u0131n Yuxar\u0131 Qaraba\u011f regionu \u00fczr\u0259 f\u0259aliyy\u0259ti T\u0259rt\u0259r, B\u0259rd\u0259, A\u011fcab\u0259di, A\u011fdam, F\u00fczuli v\u0259 C\u0259bray\u0131l rayonlar\u0131n\u0131 \u0259hat\u0259 ed\u0259c\u0259k, R\u0130\u0130B n\u00fcmay\u0259nd\u0259l\u0259ri is\u0259 T\u0259rt\u0259r \u015f\u0259h\u0259rind\u0259 Heyd\u0259r \u018fliyev M\u0259rk\u0259zind\u0259 f\u0259aliyy\u0259t g\u00f6st\u0259r\u0259c\u0259kl\u0259r.<!--more--><br \/>\nMilli M\u0259clisin G\u0259ncl\u0259r v\u0259 idman komit\u0259sinin s\u0259dri Fuad Muradov rayonlarda v\u0259t\u0259nda\u015flarla birba\u015fa g\u00f6r\u00fc\u015fl\u0259rin \u0259h\u0259miyy\u0259tini qeyd edib. Bildirib ki, g\u0259ncl\u0259rin t\u0259\u015f\u0259bb\u00fcskarl\u0131\u011f\u0131 R\u0130\u0130B-in layih\u0259l\u0259rinin u\u011furla h\u0259yata ke\u00e7irilm\u0259sind\u0259 \u0259h\u0259miyy\u0259tli rol oynay\u0131r.<br \/>\nR\u0130\u0130B n\u00fcmay\u0259nd\u0259l\u0259ri il\u0259 g\u00f6r\u00fc\u015fd\u0259 \u00e7\u0131x\u0131\u015f ed\u0259n rayon sakinl\u0259ri bildirmi\u015fl\u0259r ki, Prezident \u0130lham \u018fliyevin v\u0259 Heyd\u0259r \u018fliyev Fondunun prezidenti Mehriban \u018fliyevan\u0131n m\u00fct\u0259madi olaraq c\u0259bh\u0259yan\u0131 rayonlara s\u0259f\u0259rl\u0259ri v\u0259 sakinl\u0259rin g\u00fcnd\u0259lik probleml\u0259rinin d\u00f6vl\u0259t ba\u015f\u00e7\u0131s\u0131n\u0131n daim diqq\u0259t m\u0259rk\u0259zind\u0259 olmas\u0131 t\u0259rt\u0259rlil\u0259ri \u00f6lk\u0259nin h\u0259yat\u0131nda h\u0259mi\u015f\u0259 aktiv i\u015ftiraka ruhland\u0131r\u0131r.<br \/>\nSakinl\u0259r, h\u0259m\u00e7inin rayon \u00fc\u00e7\u00fcn vacib olan t\u0259klif v\u0259 m\u00fcraci\u0259tl\u0259rl\u0259 \u00e7\u0131x\u0131\u015f edibl\u0259r.<br \/>\nDaha sonra R\u0130\u0130B n\u00fcmay\u0259nd\u0259l\u0259ri T\u0259rt\u0259rin Seydimli v\u0259 Sar\u0131cal\u0131 k\u0259ndl\u0259rind\u0259 v\u0259 u\u015faq musiqi m\u0259kt\u0259bind\u0259 olub, t\u0259hsil m\u00fc\u0259ssis\u0259l\u0259rinin haz\u0131rk\u0131 durumu v\u0259 ehtiyaclar\u0131 il\u0259 maraqlan\u0131blar.<\/p>\n<p style=\"text-align: right;\"><em><strong>\u201cYeni T\u0259rt\u0259r\u201d<\/strong><\/em><\/p>\n","protected":false},"excerpt":{"rendered":"<p>Heyd\u0259r \u018fliyev Fondunun Regional \u0130nki\u015faf \u0130ctimai Birliyinin (R\u0130\u0130B) Yuxar\u0131 Qaraba\u011f regional m\u0259rk\u0259zi yarad\u0131l\u0131b. Regional M\u0259rk\u0259zin T\u0259rt\u0259rd\u0259 ke\u00e7iril\u0259n iclas\u0131nda \u00e7\u0131x\u0131\u015f ed\u0259n Heyd\u0259r \u018fliyev Fondunun icra\u00e7\u0131 direktoru Anar \u018fl\u0259kb\u0259rov ictimai birliyin yaranma z\u0259rur\u0259ti v\u0259 f\u0259aliyy\u0259ti bar\u0259d\u0259 m\u0259lumat verib. Bildirib ki, Heyd\u0259r \u018fliyev Fondunun prezidenti Mehriban \u018fliyevan\u0131n tap\u015f\u0131r\u0131\u011f\u0131 il\u0259 yarad\u0131lan v\u0259 2016-c\u0131 ilin mart ay\u0131ndan f\u0259aliyy\u0259t\u0259 ba\u015flayan Regional [&hellip;]<\/p>\n","protected":false},"author":2,"featured_media":0,"comment_status":"closed","ping_status":"closed","sticky":false,"template":"","format":"standard","meta":[],"categories":[1],"tags":[13],"_links":{"self":[{"href":"https:\/\/yeniterter.az\/index.php?rest_route=\/wp\/v2\/posts\/6768"}],"collection":[{"href":"https:\/\/yeniterter.az\/index.php?rest_route=\/wp\/v2\/posts"}],"about":[{"href":"https:\/\/yeniterter.az\/index.php?rest_route=\/wp\/v2\/types\/post"}],"author":[{"embeddable":true,"href":"https:\/\/yeniterter.az\/index.php?rest_route=\/wp\/v2\/users\/2"}],"replies":[{"embeddable":true,"href":"https:\/\/yeniterter.az\/index.php?rest_route=%2Fwp%2Fv2%2Fcomments&post=6768"}],"version-history":[{"count":0,"href":"https:\/\/yeniterter.az\/index.php?rest_route=\/wp\/v2\/posts\/6768\/revisions"}],"wp:attachment":[{"href":"https:\/\/yeniterter.az\/index.php?rest_route=%2Fwp%2Fv2%2Fmedia&parent=6768"}],"wp:term":[{"taxonomy":"category","embeddable":true,"href":"https:\/\/yeniterter.az\/index.php?rest_route=%2Fwp%2Fv2%2Fcategories&post=6768"},{"taxonomy":"post_tag","embeddable":true,"href":"https:\/\/yeniterter.az\/index.php?rest_route=%2Fwp%2Fv2%2Ftags&post=6768"}],"curies":[{"name":"wp","href":"https:\/\/api.w.org\/{rel}","templated":true}]}}