{"id":6742,"date":"2017-06-21T10:23:48","date_gmt":"2017-06-21T07:23:48","guid":{"rendered":"http:\/\/www.yeniterter.az\/?p=6742"},"modified":"2017-06-21T10:24:18","modified_gmt":"2017-06-21T07:24:18","slug":"g%c9%99ncl%c9%99rin-milli-v%c9%99t%c9%99np%c9%99rv%c9%99rlik-t%c9%99rbiy%c9%99si-%c9%99sas-s%c9%99rtdir","status":"publish","type":"post","link":"https:\/\/yeniterter.az\/?p=6742","title":{"rendered":"G\u018fNCL\u018fR\u0130N M\u0130LL\u0130 V\u018fT\u018fNP\u018fRV\u018fRL\u0130K T\u018fRB\u0130Y\u018fS\u0130 \u018fSAS \u015e\u018fRTD\u0130R"},"content":{"rendered":"<p><img decoding=\"async\" loading=\"lazy\" class=\" wp-image-6743 alignleft\" src=\"http:\/\/www.yeniterter.az\/wp-content\/uploads\/\u0418\u0437\u043e\u0431\u0440\u0430\u0436\u0435\u043d\u0438\u0435-081-1-300x201.jpg\" alt=\"\u0418\u0437\u043e\u0431\u0440\u0430\u0436\u0435\u043d\u0438\u0435 081\" width=\"158\" height=\"106\" srcset=\"https:\/\/yeniterter.az\/wp-content\/uploads\/\u0418\u0437\u043e\u0431\u0440\u0430\u0436\u0435\u043d\u0438\u0435-081-1-300x201.jpg 300w, https:\/\/yeniterter.az\/wp-content\/uploads\/\u0418\u0437\u043e\u0431\u0440\u0430\u0436\u0435\u043d\u0438\u0435-081-1-768x514.jpg 768w, https:\/\/yeniterter.az\/wp-content\/uploads\/\u0418\u0437\u043e\u0431\u0440\u0430\u0436\u0435\u043d\u0438\u0435-081-1-1024x685.jpg 1024w, https:\/\/yeniterter.az\/wp-content\/uploads\/\u0418\u0437\u043e\u0431\u0440\u0430\u0436\u0435\u043d\u0438\u0435-081-1.jpg 1500w\" sizes=\"(max-width: 158px) 100vw, 158px\" \/><img decoding=\"async\" loading=\"lazy\" class=\" wp-image-6744 alignright\" src=\"http:\/\/www.yeniterter.az\/wp-content\/uploads\/veten-300x201.jpg\" alt=\"veten\" width=\"158\" height=\"106\" srcset=\"https:\/\/yeniterter.az\/wp-content\/uploads\/veten-300x201.jpg 300w, https:\/\/yeniterter.az\/wp-content\/uploads\/veten-768x514.jpg 768w, https:\/\/yeniterter.az\/wp-content\/uploads\/veten-1024x685.jpg 1024w, https:\/\/yeniterter.az\/wp-content\/uploads\/veten.jpg 1500w\" sizes=\"(max-width: 158px) 100vw, 158px\" \/>\u201cG\u0259ncl\u0259rin milli v\u0259t\u0259np\u0259rv\u0259rlik t\u0259rbiy\u0259si\u201d m\u00f6vzusunda ke\u00e7iril\u0259n t\u0259dbiri giri\u015f s\u00f6z\u00fc il\u0259 T\u0259rt\u0259r Rayon Polis \u015e\u00f6b\u0259sinin r\u0259isi, polis polkovniki Rauf M\u0259cidov a\u00e7d\u0131.<br \/>\nSonra Az\u0259rbaycan Respublikas\u0131 Daxili \u0130\u015fl\u0259r Nazirliyi Veteranlar \u015euras\u0131n\u0131n s\u0259dri, ehtiyatda olan polis polkovniki F\u0259rhad S\u00fcleymanov \u201cG\u0259ncl\u0259rin milli v\u0259t\u0259np\u0259rv\u0259rlik t\u0259rbiy\u0259si\u201d m\u00f6vzusunda m\u0259ruz\u0259 il\u0259 \u00e7\u0131x\u0131\u015f etdi.<br \/>\nM\u00f6vzu il\u0259 ba\u011fl\u0131 Qaraba\u011f M\u00fcharib\u0259si Veteranlar\u0131, \u018flill\u0259ri v\u0259 \u015e\u0259hid Ail\u0259l\u0259ri \u0130ctimai Birliyi rayon \u015f\u00f6b\u0259sinin s\u0259dri Suliddin Yusibov, polis veteranlar\u0131 H\u0259s\u0259na\u011fa Bayramov, N\u0259riman Sad\u0131qov, Daxili \u0130\u015fl\u0259r Nazirliyi Veteranlar \u015euras\u0131 T\u0259rt\u0259r Rayon T\u0259\u015fkilat\u0131n\u0131n s\u0259dri Qeys Q\u0259hr\u0259manov, Daxili \u0130\u015fl\u0259r Nazirliyinin \u015f\u0259xsi hey\u0259tl\u0259 i\u015fl\u0259r idar\u0259sinin \u015f\u00f6b\u0259 r\u0259isi, polis polkovnik-leytenant\u0131 Elxan M\u00fcrs\u0259lov \u0259trafl\u0131 dan\u0131\u015fd\u0131lar.<!--more--><br \/>\n\u201cV\u0259t\u0259np\u0259rv\u0259rlik n\u0259dir?\u201d sual\u0131na Umudlu k\u0259nd tam orta m\u0259kt\u0259binin XI sinif \u015fagirdi \u018fli Cabbarl\u0131n\u0131n verdiyi cavab\u0131 alq\u0131\u015flarla qar\u015f\u0131lad\u0131lar.<br \/>\nT\u0259dbird\u0259 rayon icra hakimiyy\u0259ti ba\u015f\u00e7\u0131s\u0131n\u0131n m\u00fcavini Abbas Cavadov i\u015ftirak etdi.<\/p>\n<p style=\"text-align: right;\"><em><strong>\u201cYeni T\u0259rt\u0259r\u201d<\/strong><\/em><\/p>\n","protected":false},"excerpt":{"rendered":"<p>\u201cG\u0259ncl\u0259rin milli v\u0259t\u0259np\u0259rv\u0259rlik t\u0259rbiy\u0259si\u201d m\u00f6vzusunda ke\u00e7iril\u0259n t\u0259dbiri giri\u015f s\u00f6z\u00fc il\u0259 T\u0259rt\u0259r Rayon Polis \u015e\u00f6b\u0259sinin r\u0259isi, polis polkovniki Rauf M\u0259cidov a\u00e7d\u0131. Sonra Az\u0259rbaycan Respublikas\u0131 Daxili \u0130\u015fl\u0259r Nazirliyi Veteranlar \u015euras\u0131n\u0131n s\u0259dri, ehtiyatda olan polis polkovniki F\u0259rhad S\u00fcleymanov \u201cG\u0259ncl\u0259rin milli v\u0259t\u0259np\u0259rv\u0259rlik t\u0259rbiy\u0259si\u201d m\u00f6vzusunda m\u0259ruz\u0259 il\u0259 \u00e7\u0131x\u0131\u015f etdi. M\u00f6vzu il\u0259 ba\u011fl\u0131 Qaraba\u011f M\u00fcharib\u0259si Veteranlar\u0131, \u018flill\u0259ri v\u0259 \u015e\u0259hid Ail\u0259l\u0259ri \u0130ctimai [&hellip;]<\/p>\n","protected":false},"author":2,"featured_media":0,"comment_status":"closed","ping_status":"closed","sticky":false,"template":"","format":"standard","meta":[],"categories":[1],"tags":[13],"_links":{"self":[{"href":"https:\/\/yeniterter.az\/index.php?rest_route=\/wp\/v2\/posts\/6742"}],"collection":[{"href":"https:\/\/yeniterter.az\/index.php?rest_route=\/wp\/v2\/posts"}],"about":[{"href":"https:\/\/yeniterter.az\/index.php?rest_route=\/wp\/v2\/types\/post"}],"author":[{"embeddable":true,"href":"https:\/\/yeniterter.az\/index.php?rest_route=\/wp\/v2\/users\/2"}],"replies":[{"embeddable":true,"href":"https:\/\/yeniterter.az\/index.php?rest_route=%2Fwp%2Fv2%2Fcomments&post=6742"}],"version-history":[{"count":0,"href":"https:\/\/yeniterter.az\/index.php?rest_route=\/wp\/v2\/posts\/6742\/revisions"}],"wp:attachment":[{"href":"https:\/\/yeniterter.az\/index.php?rest_route=%2Fwp%2Fv2%2Fmedia&parent=6742"}],"wp:term":[{"taxonomy":"category","embeddable":true,"href":"https:\/\/yeniterter.az\/index.php?rest_route=%2Fwp%2Fv2%2Fcategories&post=6742"},{"taxonomy":"post_tag","embeddable":true,"href":"https:\/\/yeniterter.az\/index.php?rest_route=%2Fwp%2Fv2%2Ftags&post=6742"}],"curies":[{"name":"wp","href":"https:\/\/api.w.org\/{rel}","templated":true}]}}