{"id":6710,"date":"2017-06-09T11:07:07","date_gmt":"2017-06-09T08:07:07","guid":{"rendered":"http:\/\/www.yeniterter.az\/?p=6710"},"modified":"2017-06-09T11:07:07","modified_gmt":"2017-06-09T08:07:07","slug":"az%c9%99rbaycan-respublikasinin-prezidenti-ilham-%c9%99liyev-oz-kokl%c9%99rin%c9%99-bagli-olan-xalq-v%c9%99-dovl%c9%99t-h%c9%99mis%c9%99-duzgun-siyas%c9%99t-aparacaq","status":"publish","type":"post","link":"https:\/\/yeniterter.az\/?p=6710","title":{"rendered":"AZ\u018fRBAYCAN RESPUBL\u0130KASININ PREZ\u0130DENT\u0130 \u0130LHAM \u018fL\u0130YEV: \u201c\u00d6Z K\u00d6KL\u018fR\u0130N\u018f BA\u011eLI OLAN XALQ V\u018f D\u00d6VL\u018fT H\u018fM\u0130\u015e\u018f D\u00dcZG\u00dcN S\u0130YAS\u018fT APARACAQ\u201d"},"content":{"rendered":"<p><img decoding=\"async\" loading=\"lazy\" class=\" wp-image-6711 alignleft\" src=\"http:\/\/www.yeniterter.az\/wp-content\/uploads\/14807809115236329608_1000x669-300x208.jpg\" alt=\"14807809115236329608_1000x669\" width=\"226\" height=\"157\" srcset=\"https:\/\/yeniterter.az\/wp-content\/uploads\/14807809115236329608_1000x669-300x208.jpg 300w, https:\/\/yeniterter.az\/wp-content\/uploads\/14807809115236329608_1000x669-768x533.jpg 768w, https:\/\/yeniterter.az\/wp-content\/uploads\/14807809115236329608_1000x669.jpg 964w\" sizes=\"(max-width: 226px) 100vw, 226px\" \/>Xalq\u0131m\u0131z Az\u0259rbaycan Xalq C\u00fcmhuriyy\u0259ti yarad\u0131c\u0131lar\u0131n\u0131n xatir\u0259sini daim \u0259ziz tutur. \u00d6lk\u0259 ba\u015f\u00e7\u0131s\u0131 \u0130lham \u018fliyev t\u0259r\u0259find\u0259n Az\u0259rbaycan Xalq C\u00fcmhuriyy\u0259tinin 100 illik yubileyinin qeyd edilm\u0259si bar\u0259d\u0259 imzalanm\u0131\u015f s\u0259r\u0259ncam da bu b\u00f6y\u00fck ehtiram\u0131n ifad\u0259sidir.<br \/>\nAz\u0259rbaycan Xalq C\u00fcmhuriyy\u0259ti c\u0259mi 23 ay ya\u015fad\u0131. Daxili v\u0259 xarici m\u00fcdaxil\u0259l\u0259r n\u0259tic\u0259sind\u0259 \u015e\u0259rqd\u0259 ilk demokratik respublika s\u00fcqut etdi. Lakin bu az m\u00fcdd\u0259td\u0259 \u00e7ox i\u015f g\u00f6r\u00fcld\u00fc. 70 il Sovet \u0130ttifaq\u0131n\u0131n t\u0259rkibind\u0259 ya\u015fad\u0131\u011f\u0131m\u0131za g\u00f6r\u0259 biz \u00f6z tariximizi laz\u0131m\u0131nca \u00f6yr\u0259n\u0259 bilm\u0259dik. Bu g\u00fcn Xalq C\u00fcmhuriyy\u0259tini quran f\u0259dail\u0259rin h\u0259yat yolu \u00f6yr\u0259nilir, onlar\u0131n xatir\u0259sinin \u0259b\u0259dil\u0259\u015fdirilm\u0259si istiqam\u0259tind\u0259 t\u0259dbirl\u0259r g\u00f6r\u00fcl\u00fcr. Bak\u0131n\u0131n m\u0259rk\u0259zind\u0259 Az\u0259rbaycan Xalq C\u00fcmhuriyy\u0259tinin \u015f\u0259r\u0259fin\u0259 abid\u0259 ucald\u0131l\u0131b.<br \/>\nAz\u0259rbaycan ikinci d\u0259f\u0259 m\u00fcst\u0259qillik \u0259ld\u0259 etdikd\u0259n sonra q\u0131sa bir d\u00f6vrd\u0259 b\u00f6y\u00fck inki\u015faf yolu ke\u00e7ib. Bu g\u00fcn d\u0259 h\u0259min inki\u015faf davam edir. \u0130qtisadi, sosial sah\u0259d\u0259, b\u00fct\u00fcn sah\u0259l\u0259rd\u0259 \u00f6lk\u0259miz b\u00f6y\u00fck u\u011furlara imza at\u0131b. \u00c7\u00fcnki xalq\u0131m\u0131z m\u00fcst\u0259qillik \u015f\u0259raitind\u0259 ya\u015fay\u0131r. Bu u\u011furlar\u0131n t\u0259m\u0259lind\u0259 is\u0259 \u0259sas\u0131 Ulu \u00d6nd\u0259r Heyd\u0259r \u018fliyev t\u0259r\u0259find\u0259n qoyulan d\u00fc\u015f\u00fcn\u00fclm\u00fc\u015f xarici v\u0259 daxili siyas\u0259t dayan\u0131r.<!--more--><br \/>\nPrezident \u0130lham \u018fliyev Az\u0259rbaycan\u0131n milli bayram\u0131\u2013Respublika G\u00fcn\u00fc m\u00fcnasib\u0259til\u0259 ke\u00e7iril\u0259n r\u0259smi q\u0259buldak\u0131 nitqind\u0259 deyib: \u201cHesab edir\u0259m ki, Az\u0259rbaycan modeli, o c\u00fcml\u0259d\u0259n bu istiqam\u0259td\u0259 \u0259ld\u0259 etdiyiniz u\u011furlar bir \u00e7ox \u00f6lk\u0259l\u0259r \u00fc\u00e7\u00fcn c\u0259lbedicidir. H\u0259m \u0259n\u0259n\u0259l\u0259r, tariximiz, dinimiz bizim \u00fc\u00e7\u00fcn m\u00fcq\u0259dd\u0259sdir, eyni zamanda, biz d\u00fcnyaya a\u00e7\u0131\u011f\u0131q, m\u00fcasirik, b\u00fct\u00fcn \u00f6lk\u0259l\u0259rl\u0259 yax\u015f\u0131 m\u00fcnasib\u0259tl\u0259r qurma\u011fa \u00e7al\u0131\u015f\u0131r\u0131q\u201d.<\/p>\n<p style=\"text-align: right;\"><strong><em>\u201cYeni T\u0259rt\u0259r\u201d<\/em><\/strong><\/p>\n","protected":false},"excerpt":{"rendered":"<p>Xalq\u0131m\u0131z Az\u0259rbaycan Xalq C\u00fcmhuriyy\u0259ti yarad\u0131c\u0131lar\u0131n\u0131n xatir\u0259sini daim \u0259ziz tutur. \u00d6lk\u0259 ba\u015f\u00e7\u0131s\u0131 \u0130lham \u018fliyev t\u0259r\u0259find\u0259n Az\u0259rbaycan Xalq C\u00fcmhuriyy\u0259tinin 100 illik yubileyinin qeyd edilm\u0259si bar\u0259d\u0259 imzalanm\u0131\u015f s\u0259r\u0259ncam da bu b\u00f6y\u00fck ehtiram\u0131n ifad\u0259sidir. Az\u0259rbaycan Xalq C\u00fcmhuriyy\u0259ti c\u0259mi 23 ay ya\u015fad\u0131. Daxili v\u0259 xarici m\u00fcdaxil\u0259l\u0259r n\u0259tic\u0259sind\u0259 \u015e\u0259rqd\u0259 ilk demokratik respublika s\u00fcqut etdi. Lakin bu az m\u00fcdd\u0259td\u0259 \u00e7ox i\u015f g\u00f6r\u00fcld\u00fc. [&hellip;]<\/p>\n","protected":false},"author":2,"featured_media":0,"comment_status":"closed","ping_status":"closed","sticky":false,"template":"","format":"standard","meta":[],"categories":[10],"tags":[20],"_links":{"self":[{"href":"https:\/\/yeniterter.az\/index.php?rest_route=\/wp\/v2\/posts\/6710"}],"collection":[{"href":"https:\/\/yeniterter.az\/index.php?rest_route=\/wp\/v2\/posts"}],"about":[{"href":"https:\/\/yeniterter.az\/index.php?rest_route=\/wp\/v2\/types\/post"}],"author":[{"embeddable":true,"href":"https:\/\/yeniterter.az\/index.php?rest_route=\/wp\/v2\/users\/2"}],"replies":[{"embeddable":true,"href":"https:\/\/yeniterter.az\/index.php?rest_route=%2Fwp%2Fv2%2Fcomments&post=6710"}],"version-history":[{"count":0,"href":"https:\/\/yeniterter.az\/index.php?rest_route=\/wp\/v2\/posts\/6710\/revisions"}],"wp:attachment":[{"href":"https:\/\/yeniterter.az\/index.php?rest_route=%2Fwp%2Fv2%2Fmedia&parent=6710"}],"wp:term":[{"taxonomy":"category","embeddable":true,"href":"https:\/\/yeniterter.az\/index.php?rest_route=%2Fwp%2Fv2%2Fcategories&post=6710"},{"taxonomy":"post_tag","embeddable":true,"href":"https:\/\/yeniterter.az\/index.php?rest_route=%2Fwp%2Fv2%2Ftags&post=6710"}],"curies":[{"name":"wp","href":"https:\/\/api.w.org\/{rel}","templated":true}]}}