{"id":6707,"date":"2017-06-09T11:03:40","date_gmt":"2017-06-09T08:03:40","guid":{"rendered":"http:\/\/www.yeniterter.az\/?p=6707"},"modified":"2017-06-09T11:03:40","modified_gmt":"2017-06-09T08:03:40","slug":"s%c9%99rs%c9%99ng-su-anbarinin-v%c9%99ziyy%c9%99tinin-avropa-parlamentind%c9%99-muzakir%c9%99-edilm%c9%99si-t%c9%99rt%c9%99rlil%c9%99rin-ur%c9%99yinc%c9%99dir","status":"publish","type":"post","link":"https:\/\/yeniterter.az\/?p=6707","title":{"rendered":"S\u018fRS\u018fNG SU ANBARININ V\u018fZ\u0130YY\u018fT\u0130N\u0130N AVROPA PARLAMENT\u0130ND\u018f M\u00dcZAK\u0130R\u018f ED\u0130LM\u018fS\u0130 T\u018fRT\u018fRL\u0130L\u018fR\u0130N \u00dcR\u018fY\u0130NC\u018fD\u0130R"},"content":{"rendered":"<p><img decoding=\"async\" loading=\"lazy\" class=\" wp-image-6708 alignleft\" src=\"http:\/\/www.yeniterter.az\/wp-content\/uploads\/568C22E6-7013-4A26-94A1-1AAFA84DE698_cx17_cy22_cw74_w1023_r1_s-300x169.jpg\" alt=\"568C22E6-7013-4A26-94A1-1AAFA84DE698_cx17_cy22_cw74_w1023_r1_s\" width=\"167\" height=\"94\" srcset=\"https:\/\/yeniterter.az\/wp-content\/uploads\/568C22E6-7013-4A26-94A1-1AAFA84DE698_cx17_cy22_cw74_w1023_r1_s-300x169.jpg 300w, https:\/\/yeniterter.az\/wp-content\/uploads\/568C22E6-7013-4A26-94A1-1AAFA84DE698_cx17_cy22_cw74_w1023_r1_s-768x432.jpg 768w, https:\/\/yeniterter.az\/wp-content\/uploads\/568C22E6-7013-4A26-94A1-1AAFA84DE698_cx17_cy22_cw74_w1023_r1_s-1024x575.jpg 1024w, https:\/\/yeniterter.az\/wp-content\/uploads\/568C22E6-7013-4A26-94A1-1AAFA84DE698_cx17_cy22_cw74_w1023_r1_s.jpg 1500w\" sizes=\"(max-width: 167px) 100vw, 167px\" \/><strong><em>T\u0259rt\u0259r c\u0259bh\u0259 b\u00f6lg\u0259sidir. D\u00fc\u015fm\u0259nl\u0259 48 km m\u0259saf\u0259d\u0259 t\u0259mas x\u0259tti var. Burada insanlar h\u0259r an d\u00fc\u015fm\u0259n t\u0259xribat\u0131na m\u0259ruz qalmaq t\u0259hl\u00fck\u0259si il\u0259 ya\u015fay\u0131rlar. Bel\u0259 \u015f\u0259raitd\u0259 t\u0259s\u0259rr\u00fcfat i\u015fl\u0259ril\u0259 m\u0259\u015f\u011ful olur, bir an da olsun bel\u0259 \u00f6z do\u011fma ocaqlar\u0131ndan ayr\u0131lm\u0131rlar. Bu il t\u0259bi\u0259tin \u015f\u0131ltaql\u0131\u011f\u0131na baxmayaraq, insanlar\u0131n \u00fcz\u00fc g\u00fcl\u00fcr. \u00c7\u00fcnki h\u0259m ba\u011f-ba\u011f\u00e7alarda, h\u0259m d\u0259 tax\u0131l z\u0259mil\u0259rind\u0259, \u00e7u\u011fundur, pamb\u0131q, g\u00fcn\u0259baxan plantasiyalar\u0131nda m\u0259hsul boldur, \u00fcr\u0259ka\u00e7and\u0131r. Amma insanlar\u0131n bu sevincin\u0259 narahat\u00e7\u0131l\u0131q hissl\u0259ri d\u0259 qar\u0131\u015f\u0131b. Yay aylar\u0131nda erm\u0259nil\u0259r S\u0259rs\u0259ng Su Anbar\u0131ndan g\u0259l\u0259n suyun qar\u015f\u0131s\u0131n\u0131 k\u0259sdikl\u0259ri \u00fc\u00e7\u00fcn, su q\u0131tl\u0131\u011f\u0131 yaran\u0131r. D\u00fczd\u00fcr, Az\u0259rbaycan Respublikas\u0131n\u0131n Prezidenti \u0130lham \u018fliyevin tap\u015f\u0131r\u0131qlar\u0131 \u0259sas\u0131nda c\u0259bh\u0259yan\u0131 b\u00f6lg\u0259 olan T\u0259rt\u0259rd\u0259 su q\u0131tl\u0131\u011f\u0131n\u0131n aradan qald\u0131r\u0131lmas\u0131 m\u0259qs\u0259dil\u0259 \u0259lav\u0259 t\u0259dbirl\u0259r g\u00f6r\u00fcl\u00fcb, alternativ su m\u0259nb\u0259l\u0259ri yarad\u0131l\u0131b. T\u0259kc\u0259 son \u00fc\u00e7 ild\u0259 T\u0259rt\u0259rd\u0259 61 \u0259d\u0259d yeni subartezian quyusu qaz\u0131l\u0131b. \u00dcmumilikd\u0259 is\u0259 rayon subartezian quyular\u0131 istismar\u0131 idar\u0259sinin balans\u0131nda 489 \u0259d\u0259d subartezian quyusu var. <\/em><\/strong><br \/>\n<strong><em>B\u00fct\u00fcn bunlara baxmayaraq, isti yay g\u00fcnl\u0259rind\u0259 T\u0259rt\u0259r \u00e7ay\u0131n\u0131n suyu S\u0259rs\u0259ng Su Anbar\u0131ndan erm\u0259nil\u0259r t\u0259r\u0259find\u0259n k\u0259sildiyin\u0259 g\u00f6r\u0259 \u0259kinl\u0259rin suvarmaya olan ehtiyac\u0131n\u0131n \u00f6d\u0259nilm\u0259sind\u0259 \u00e7\u0259tinlikl\u0259r yaran\u0131r.<\/em><\/strong><!--more--><br \/>\nAvropa Parlamentind\u0259 S\u0259rs\u0259ng Su Anbar\u0131 il\u0259 ba\u011fl\u0131 t\u0259dbirin ke\u00e7irilm\u0259si t\u0259rt\u0259rlil\u0259ri d\u0259 \u00e7ox sevindirib.<br \/>\n\u201cDa\u011fl\u0131q Qaraba\u011f m\u00fcnaqi\u015f\u0259si: S\u0259rs\u0259ng bu\u201d dondurulmu\u015f m\u00fcnaqi\u015f\u0259nin\u201d buzlar\u0131n\u0131 \u0259rid\u0259 bil\u0259rmi? \u201cba\u015fl\u0131\u011f\u0131 alt\u0131nda ke\u00e7iril\u0259n t\u0259dbird\u0259 ekspert qismind\u0259 Britaniya Kral Kollecinin t\u0259msil\u00e7il\u0259ri xan\u0131m Tracey Cerman, Beyn\u0259lxalq X\u0259b\u0259rdarl\u0131q M\u0259rk\u0259zinin r\u0259hb\u0259ri xan\u0131m Marina Naqayi, L\u0130NKS t\u0259\u015fkilat\u0131n\u0131n direktoru c\u0259nab Denis Sammut v\u0259 A\u0130-nin C\u0259nubi Qafqaz \u00fczr\u0259 t\u0259msil\u00e7isi c\u0259nab Torsten Ahren qat\u0131lm\u0131\u015fd\u0131r. T\u0259dbir\u0259 ev sahibliyi ed\u0259n avropaparlamentaril\u0259rin d\u0259v\u0259ti \u0259sas\u0131nda Milli M\u0259clisin \u00fczv\u00fc, A\u0130-Az\u0259rbaycan Parlament \u018fm\u0259kda\u015fl\u0131q Komit\u0259sinin h\u0259ms\u0259dri Cavan\u015fir Feyziyev t\u0259dbird\u0259 x\u00fcsusi qonaq statusu il\u0259 i\u015ftirak etmi\u015fdir.<br \/>\nA\u0130-nin C\u0259nubi Qafqaz \u00fczr\u0259 x\u00fcsusi n\u00fcmay\u0259nd\u0259sinin t\u0259msil\u00e7isi c\u0259nab Torsten Ahren S\u0259rs\u0259ng Su Anbar\u0131n\u0131n \u0259halinin t\u0259s\u0259rr\u00fcfat f\u0259aliyy\u0259tinin d\u0259st\u0259kl\u0259nm\u0259si m\u0259qs\u0259dil\u0259 tikildiyini, lakin haz\u0131rda Erm\u0259nistan t\u0259r\u0259find\u0259n su anbar\u0131n\u0131n bir t\u0259zyiq vasit\u0259si kimi istifad\u0259 edildiyini, bunun is\u0259 q\u0259ti \u015f\u0259kild\u0259 q\u0259buledilm\u0259z oldu\u011funu diqq\u0259t\u0259 \u00e7atd\u0131rm\u0131\u015fd\u0131r.<br \/>\nC\u0259nab Sammut qeyd etmi\u015fdir ki, S\u0259rs\u0259ng problemi Da\u011fl\u0131q Qaraba\u011f m\u00fcnaqi\u015f\u0259si n\u0259tic\u0259sind\u0259 ortaya \u00e7\u0131xan m\u0259s\u0259l\u0259dir v\u0259 bu m\u0259s\u0259l\u0259y\u0259 g\u00f6r\u0259 100 minl\u0259rl\u0259 insan \u0259ziyy\u0259t \u00e7\u0259kir.<br \/>\nMill\u0259t v\u0259kili Cavan\u015fir Feyziyev \u00f6z \u00e7\u0131x\u0131\u015f\u0131nda g\u00f6st\u0259rmi\u015fdir ki, A\u011fcab\u0259di, B\u0259rd\u0259, Goranboy, T\u0259rt\u0259r v\u0259 Yexlax rayonlar\u0131 bu problemd\u0259n \u0259n \u00e7ox z\u0259r\u0259r\u00e7\u0259k\u0259n b\u00f6lg\u0259l\u0259rdir. O, Erm\u0259nistan\u0131n Az\u0259rbaycan t\u0259r\u0259fin\u0259 he\u00e7 bir x\u0259b\u0259rdarl\u0131q etm\u0259d\u0259n bol ya\u011f\u0131nt\u0131l\u0131 d\u00f6vrl\u0259rd\u0259 S\u0259rs\u0259ngd\u0259n b\u00f6y\u00fck h\u0259cmd\u0259 su buraxmaqla da\u015fq\u0131nlara, yayda is\u0259 suyun \u00f6n\u00fcn\u00fc k\u0259sm\u0259kl\u0259 quraql\u0131\u011fa s\u0259b\u0259b oldu\u011funu bildirmi\u015fdir.<br \/>\n\u018fn q\u0131sa m\u00fcdd\u0259td\u0259 S\u0259rs\u0259ng probleminin h\u0259lli \u00fc\u00e7\u00fcn konkret t\u0259klifl\u0259r haz\u0131rlanmas\u0131n\u0131n vacibliyi qeyd edilmi\u015fdir.<br \/>\n<strong><em>Bel\u0259likl\u0259 d\u0259, bu g\u00fcn d\u00fc\u015fm\u0259nin silahla apard\u0131\u011f\u0131 m\u00fcharib\u0259 il\u0259 yana\u015f\u0131 h\u0259m d\u0259 ekoloji m\u00fcharib\u0259 g\u00fcnd\u0259md\u0259dir. T\u0259rt\u0259rlil\u0259r bu m\u0259s\u0259l\u0259nin tezlikl\u0259 h\u0259ll olunaca\u011f\u0131n\u0131 g\u00f6zl\u0259yirl\u0259r.<\/em><\/strong><\/p>\n<p style=\"text-align: right;\"><strong><em>\u201cYeni T\u0259rt\u0259r\u201d<\/em><\/strong><\/p>\n","protected":false},"excerpt":{"rendered":"<p>T\u0259rt\u0259r c\u0259bh\u0259 b\u00f6lg\u0259sidir. D\u00fc\u015fm\u0259nl\u0259 48 km m\u0259saf\u0259d\u0259 t\u0259mas x\u0259tti var. Burada insanlar h\u0259r an d\u00fc\u015fm\u0259n t\u0259xribat\u0131na m\u0259ruz qalmaq t\u0259hl\u00fck\u0259si il\u0259 ya\u015fay\u0131rlar. Bel\u0259 \u015f\u0259raitd\u0259 t\u0259s\u0259rr\u00fcfat i\u015fl\u0259ril\u0259 m\u0259\u015f\u011ful olur, bir an da olsun bel\u0259 \u00f6z do\u011fma ocaqlar\u0131ndan ayr\u0131lm\u0131rlar. Bu il t\u0259bi\u0259tin \u015f\u0131ltaql\u0131\u011f\u0131na baxmayaraq, insanlar\u0131n \u00fcz\u00fc g\u00fcl\u00fcr. \u00c7\u00fcnki h\u0259m ba\u011f-ba\u011f\u00e7alarda, h\u0259m d\u0259 tax\u0131l z\u0259mil\u0259rind\u0259, \u00e7u\u011fundur, pamb\u0131q, g\u00fcn\u0259baxan plantasiyalar\u0131nda [&hellip;]<\/p>\n","protected":false},"author":2,"featured_media":0,"comment_status":"closed","ping_status":"closed","sticky":false,"template":"","format":"standard","meta":[],"categories":[10],"tags":[20],"_links":{"self":[{"href":"https:\/\/yeniterter.az\/index.php?rest_route=\/wp\/v2\/posts\/6707"}],"collection":[{"href":"https:\/\/yeniterter.az\/index.php?rest_route=\/wp\/v2\/posts"}],"about":[{"href":"https:\/\/yeniterter.az\/index.php?rest_route=\/wp\/v2\/types\/post"}],"author":[{"embeddable":true,"href":"https:\/\/yeniterter.az\/index.php?rest_route=\/wp\/v2\/users\/2"}],"replies":[{"embeddable":true,"href":"https:\/\/yeniterter.az\/index.php?rest_route=%2Fwp%2Fv2%2Fcomments&post=6707"}],"version-history":[{"count":0,"href":"https:\/\/yeniterter.az\/index.php?rest_route=\/wp\/v2\/posts\/6707\/revisions"}],"wp:attachment":[{"href":"https:\/\/yeniterter.az\/index.php?rest_route=%2Fwp%2Fv2%2Fmedia&parent=6707"}],"wp:term":[{"taxonomy":"category","embeddable":true,"href":"https:\/\/yeniterter.az\/index.php?rest_route=%2Fwp%2Fv2%2Fcategories&post=6707"},{"taxonomy":"post_tag","embeddable":true,"href":"https:\/\/yeniterter.az\/index.php?rest_route=%2Fwp%2Fv2%2Ftags&post=6707"}],"curies":[{"name":"wp","href":"https:\/\/api.w.org\/{rel}","templated":true}]}}