{"id":6704,"date":"2017-06-09T10:57:25","date_gmt":"2017-06-09T07:57:25","guid":{"rendered":"http:\/\/www.yeniterter.az\/?p=6704"},"modified":"2017-06-09T10:57:25","modified_gmt":"2017-06-09T07:57:25","slug":"qacqin-v%c9%99-m%c9%99cburi-kockunl%c9%99rin-qaygilari-diqq%c9%99t-m%c9%99rk%c9%99zind%c9%99dir","status":"publish","type":"post","link":"https:\/\/yeniterter.az\/?p=6704","title":{"rendered":"QA\u00c7QIN V\u018f M\u018fCBUR\u0130 K\u00d6\u00c7K\u00dcNL\u018fR\u0130N QAY\u011eILARI D\u0130QQ\u018fT M\u018fRK\u018fZ\u0130ND\u018fD\u0130R"},"content":{"rendered":"<p><img decoding=\"async\" loading=\"lazy\" class=\" wp-image-6705 alignleft\" src=\"http:\/\/www.yeniterter.az\/wp-content\/uploads\/\u0418\u0437\u043e\u0431\u0440\u0430\u0436\u0435\u043d\u0438\u0435-035-1-300x201.jpg\" alt=\"\u0418\u0437\u043e\u0431\u0440\u0430\u0436\u0435\u043d\u0438\u0435 035\" width=\"179\" height=\"120\" srcset=\"https:\/\/yeniterter.az\/wp-content\/uploads\/\u0418\u0437\u043e\u0431\u0440\u0430\u0436\u0435\u043d\u0438\u0435-035-1-300x201.jpg 300w, https:\/\/yeniterter.az\/wp-content\/uploads\/\u0418\u0437\u043e\u0431\u0440\u0430\u0436\u0435\u043d\u0438\u0435-035-1-768x514.jpg 768w, https:\/\/yeniterter.az\/wp-content\/uploads\/\u0418\u0437\u043e\u0431\u0440\u0430\u0436\u0435\u043d\u0438\u0435-035-1-1024x685.jpg 1024w, https:\/\/yeniterter.az\/wp-content\/uploads\/\u0418\u0437\u043e\u0431\u0440\u0430\u0436\u0435\u043d\u0438\u0435-035-1.jpg 1500w\" sizes=\"(max-width: 179px) 100vw, 179px\" \/>T\u0259rt\u0259r \u00f6z\u00fc d\u00f6y\u00fc\u015f\u0259n \u015f\u0259h\u0259r olsa da, qoynunda minl\u0259rl\u0259 qa\u00e7q\u0131n v\u0259 m\u0259cburi k\u00f6\u00e7k\u00fcn soyda\u015f\u0131m\u0131za yer verib. Rayon statistika idar\u0259sinin 1 yanvar 2016-c\u0131 il tarix\u0259 olan m\u0259lumat\u0131na g\u00f6r\u0259, Erm\u0259nistan\u0131n respublikam\u0131za t\u0259cav\u00fcz\u00fc n\u0259tic\u0259sind\u0259 T\u0259rt\u0259rd\u0259 2635 n\u0259f\u0259r qa\u00e7q\u0131n v\u0259 14342 n\u0259f\u0259r m\u0259cburi k\u00f6\u00e7k\u00fcn m\u0259skunla\u015f\u0131b.<br \/>\nAz\u0259rbaycan\u0131n s\u00fcr\u0259tli inki\u015faf\u0131 bu t\u0259b\u0259q\u0259d\u0259n olan insanlar\u0131n h\u0259yat\u0131nda da \u00f6z\u00fcn\u00fc g\u00f6st\u0259rir. Qa\u00e7q\u0131n v\u0259 m\u0259cburi k\u00f6\u00e7k\u00fcnl\u0259rin sosial probleml\u0259rinin h\u0259lli \u00f6lk\u0259nin Birinci vitse-prezidenti Mehri-ban xan\u0131m \u018fliyevan\u0131n da diqq\u0259t m\u0259rk\u0259zind\u0259dir. Bunu Birinci vitse-prezident kimi onun ilk m\u00fc\u015favir\u0259ni m\u0259cburi k\u00f6\u00e7k\u00fcn ail\u0259l\u0259rinin m\u0259nzil \u015f\u0259raitinin yax\u015f\u0131la\u015fd\u0131r\u0131lmas\u0131na h\u0259sr etm\u0259si d\u0259 ayd\u0131n \u015f\u0259kild\u0259 n\u00fcmayi\u015f etdirir. M\u0259hz Mehriban xan\u0131m\u0131n verdiyi tap\u015f\u0131r\u0131qlar \u0259sas\u0131nda haz\u0131rda m\u0259cburi k\u00f6\u00e7k\u00fcnl\u0259rin sosial probleml\u0259rinin h\u0259lli istiqam\u0259tind\u0259 geni\u015fmiqyasl\u0131 i\u015fl\u0259rin g\u00f6r\u00fclm\u0259sin\u0259 ba\u015flan\u0131l\u0131b.<!--more--><br \/>\nT\u0259rt\u0259r rayonunda da bu t\u0259b\u0259q\u0259d\u0259n olan insanlar\u0131n m\u0259nzil \u015f\u0259raitinin yax\u015f\u0131la\u015fd\u0131r\u0131lmas\u0131 m\u0259qs\u0259dil\u0259 b\u00f6y\u00fck q\u0259s\u0259b\u0259 tikilir. \u015e\u0259h\u0259rcikd\u0259 h\u0259r biri 4 m\u0259rt\u0259b\u0259li olmaqla 34 m\u00fcasir tipli ya\u015fay\u0131\u015f binas\u0131 in\u015fa olunur. Burada m\u0259skunla\u015facaq qa\u00e7q\u0131n v\u0259 m\u0259cburi k\u00f6\u00e7k\u00fcnl\u0259rin ail\u0259 \u00fczvl\u0259rinin say\u0131 1170 n\u0259f\u0259rd\u0259n \u00e7ox olacaq. Q\u0259s\u0259b\u0259d\u0259 ya\u015fay\u0131\u015f binalar\u0131 il\u0259 yana\u015f\u0131 1300 yerlik orta m\u0259kt\u0259b, 130 yerlik k\u00f6rp\u0259l\u0259r evi-usaq ba\u011f\u00e7as\u0131, musiqi m\u0259kt\u0259bi, h\u0259kim ambulatoriyas\u0131 tikilir.<br \/>\nYeni \u015f\u0259h\u0259rcikl\u0259 yana\u015f\u0131 T\u0259rt\u0259rd\u0259 uzun ill\u0259r m\u0259skunla\u015fan qa\u00e7q\u0131n v\u0259 m\u0259cburi k\u00f6\u00e7k\u00fcn ail\u0259l\u0259ri \u00fc\u00e7\u00fcn d\u00f6vl\u0259t t\u0259r\u0259find\u0259n 78 f\u0259rdi ya\u015fay\u0131\u015f evi tikilir.<br \/>\nQa\u00e7q\u0131nlar bu qay\u011f\u0131n\u0131 y\u00fcks\u0259k qiym\u0259tl\u0259ndirirl\u0259r. \u00c7\u00fcnki d\u00fcnyan\u0131n he\u00e7 bir yerind\u0259 \u00f6lk\u0259mizd\u0259ki q\u0259d\u0259r bu q\u0259bild\u0259n olan insanlara bel\u0259 diqq\u0259tl\u0259 yana\u015f\u0131lm\u0131r. Onlar h\u0259m d\u0259 \u0259mindirl\u0259r ki, \u00f6lk\u0259 ba\u015f\u00e7\u0131s\u0131n\u0131n h\u0259yata ke\u00e7irdiyi m\u0259qs\u0259dy\u00f6nl\u00fc xarici siyas\u0259t n\u0259tic\u0259sind\u0259 tezlikl\u0259 yurd h\u0259sr\u0259tin\u0259 d\u0259 son qoyulacaq.<\/p>\n<p style=\"text-align: right;\"><em><strong>\u201cYeni T\u0259rt\u0259r\u201d<\/strong><\/em><\/p>\n","protected":false},"excerpt":{"rendered":"<p>T\u0259rt\u0259r \u00f6z\u00fc d\u00f6y\u00fc\u015f\u0259n \u015f\u0259h\u0259r olsa da, qoynunda minl\u0259rl\u0259 qa\u00e7q\u0131n v\u0259 m\u0259cburi k\u00f6\u00e7k\u00fcn soyda\u015f\u0131m\u0131za yer verib. Rayon statistika idar\u0259sinin 1 yanvar 2016-c\u0131 il tarix\u0259 olan m\u0259lumat\u0131na g\u00f6r\u0259, Erm\u0259nistan\u0131n respublikam\u0131za t\u0259cav\u00fcz\u00fc n\u0259tic\u0259sind\u0259 T\u0259rt\u0259rd\u0259 2635 n\u0259f\u0259r qa\u00e7q\u0131n v\u0259 14342 n\u0259f\u0259r m\u0259cburi k\u00f6\u00e7k\u00fcn m\u0259skunla\u015f\u0131b. Az\u0259rbaycan\u0131n s\u00fcr\u0259tli inki\u015faf\u0131 bu t\u0259b\u0259q\u0259d\u0259n olan insanlar\u0131n h\u0259yat\u0131nda da \u00f6z\u00fcn\u00fc g\u00f6st\u0259rir. Qa\u00e7q\u0131n v\u0259 m\u0259cburi k\u00f6\u00e7k\u00fcnl\u0259rin [&hellip;]<\/p>\n","protected":false},"author":2,"featured_media":0,"comment_status":"closed","ping_status":"closed","sticky":false,"template":"","format":"standard","meta":[],"categories":[10],"tags":[20],"_links":{"self":[{"href":"https:\/\/yeniterter.az\/index.php?rest_route=\/wp\/v2\/posts\/6704"}],"collection":[{"href":"https:\/\/yeniterter.az\/index.php?rest_route=\/wp\/v2\/posts"}],"about":[{"href":"https:\/\/yeniterter.az\/index.php?rest_route=\/wp\/v2\/types\/post"}],"author":[{"embeddable":true,"href":"https:\/\/yeniterter.az\/index.php?rest_route=\/wp\/v2\/users\/2"}],"replies":[{"embeddable":true,"href":"https:\/\/yeniterter.az\/index.php?rest_route=%2Fwp%2Fv2%2Fcomments&post=6704"}],"version-history":[{"count":0,"href":"https:\/\/yeniterter.az\/index.php?rest_route=\/wp\/v2\/posts\/6704\/revisions"}],"wp:attachment":[{"href":"https:\/\/yeniterter.az\/index.php?rest_route=%2Fwp%2Fv2%2Fmedia&parent=6704"}],"wp:term":[{"taxonomy":"category","embeddable":true,"href":"https:\/\/yeniterter.az\/index.php?rest_route=%2Fwp%2Fv2%2Fcategories&post=6704"},{"taxonomy":"post_tag","embeddable":true,"href":"https:\/\/yeniterter.az\/index.php?rest_route=%2Fwp%2Fv2%2Ftags&post=6704"}],"curies":[{"name":"wp","href":"https:\/\/api.w.org\/{rel}","templated":true}]}}