{"id":6669,"date":"2017-06-09T10:05:54","date_gmt":"2017-06-09T07:05:54","guid":{"rendered":"http:\/\/www.yeniterter.az\/?p=6669"},"modified":"2017-06-09T10:05:54","modified_gmt":"2017-06-09T07:05:54","slug":"tarixi-gunl%c9%99r","status":"publish","type":"post","link":"https:\/\/yeniterter.az\/?p=6669","title":{"rendered":"Tarixi g\u00fcnl\u0259r"},"content":{"rendered":"<p><strong>BEYN\u018fLXALQ S\u00d6Z V\u018f M\u018fTBUAT AZADLI\u011eI G\u00dcN\u00dc<\/strong><\/p>\n<p><img decoding=\"async\" loading=\"lazy\" class=\" wp-image-6670 alignleft\" src=\"http:\/\/www.yeniterter.az\/wp-content\/uploads\/2015-10-17-01-00-5185742fccd346-300x225.jpg\" alt=\"2015-10-17-01-00-5185742fccd346\" width=\"156\" height=\"117\" srcset=\"https:\/\/yeniterter.az\/wp-content\/uploads\/2015-10-17-01-00-5185742fccd346-300x225.jpg 300w, https:\/\/yeniterter.az\/wp-content\/uploads\/2015-10-17-01-00-5185742fccd346.jpg 440w\" sizes=\"(max-width: 156px) 100vw, 156px\" \/>1991-ci il may\u0131n 3-d\u0259 Namibiyan\u0131n paytaxt\u0131 Vindhukda regional seminara topla\u015fan jurnalistl\u0259r azad v\u0259 m\u00fcst\u0259qil informasiya vasit\u0259l\u0259rin\u0259 yard\u0131m\u00e7\u0131 olmaq m\u0259qs\u0259dil\u0259 d\u00fcnya h\u00f6kum\u0259tl\u0259rin\u0259 m\u0259tbuat azadl\u0131\u011f\u0131n\u0131n v\u0259 demokratiyan\u0131n t\u0259min edilm\u0259sin\u0259 yard\u0131m\u00e7\u0131 olma\u011fa \u00e7a\u011f\u0131ran \u201cVindhuk B\u0259yannam\u0259si\u201dni q\u0259bul edibl\u0259r. Bununla ba\u011fl\u0131 BMT Ba\u015f M\u0259clisi 1993-c\u00fc ild\u0259 may\u0131n 3-n\u00fc Beyn\u0259lxalq S\u00f6z v\u0259 M\u0259tbuat Azadl\u0131\u011f\u0131 g\u00fcn\u00fc kimi qeyd etm\u0259yi q\u0259rara al\u0131b. Az\u0259rbaycanda s\u00f6z v\u0259 m\u0259tbuat azadl\u0131\u011f\u0131n\u0131n t\u0259minat\u0131 il\u0259 ba\u011fl\u0131 m\u00fcvafiq qanunvericilik aktlar\u0131 q\u0259bul edilib. 1998-ci il avqustun 6-da Ulu \u00d6nd\u0259r Heyd\u0259r \u018fliyevin F\u0259rman\u0131 il\u0259 m\u0259tbuat \u00fcz\u0259rind\u0259 senzura l\u0259\u011fv olunub.<br \/>\nSenzuran\u0131n l\u0259\u011fvi v\u0259 bu q\u0259bild\u0259n dig\u0259r t\u0259dbirl\u0259r m\u00fcst\u0259qil K\u0130V-l\u0259rin inki\u015faf\u0131n\u0131, v\u0259t\u0259nda\u015flar\u0131n beyn\u0259lxalq h\u00fcquq normalar\u0131 v\u0259 Az\u0259rbaycan Konstitusiyas\u0131 il\u0259 t\u0259sbit olunmu\u015f s\u00f6z, m\u0259lumat v\u0259 fikir azadl\u0131\u011f\u0131n\u0131 t\u0259min edib.<!--more--> S\u00f6z azadl\u0131\u011f\u0131 istiqam\u0259tind\u0259 h\u0259yata ke\u00e7iril\u0259n siyas\u0259tin davam\u0131 olaraq, prezident \u0130lham \u018fliyev d\u0259 K\u0130V-in inki\u015faf\u0131 v\u0259 m\u00fcst\u0259qilliyinin m\u00f6hk\u0259ml\u0259ndirilm\u0259si y\u00f6n\u00fcnd\u0259 bir s\u0131ra m\u00fch\u00fcm add\u0131mlar at\u0131b. Haz\u0131rda Az\u0259rbaycanda d\u00fcnya standartlar\u0131na uy\u011fun media, elektron v\u0259 yaz\u0131l\u0131 K\u0130V-l\u0259r formala\u015f\u0131b, s\u00f6z azadl\u0131\u011f\u0131 tam t\u0259min olunub. M\u00fcst\u0259qil K\u0130V-l\u0259rin say\u0131na g\u00f6r\u0259 Az\u0259rbaycan MDB v\u0259 \u015e\u0259rqi Avropa \u00f6lk\u0259l\u0259ri aras\u0131nda qabaqc\u0131l m\u00f6vqel\u0259rd\u0259n birini tutur.<\/p>\n","protected":false},"excerpt":{"rendered":"<p>BEYN\u018fLXALQ S\u00d6Z V\u018f M\u018fTBUAT AZADLI\u011eI G\u00dcN\u00dc 1991-ci il may\u0131n 3-d\u0259 Namibiyan\u0131n paytaxt\u0131 Vindhukda regional seminara topla\u015fan jurnalistl\u0259r azad v\u0259 m\u00fcst\u0259qil informasiya vasit\u0259l\u0259rin\u0259 yard\u0131m\u00e7\u0131 olmaq m\u0259qs\u0259dil\u0259 d\u00fcnya h\u00f6kum\u0259tl\u0259rin\u0259 m\u0259tbuat azadl\u0131\u011f\u0131n\u0131n v\u0259 demokratiyan\u0131n t\u0259min edilm\u0259sin\u0259 yard\u0131m\u00e7\u0131 olma\u011fa \u00e7a\u011f\u0131ran \u201cVindhuk B\u0259yannam\u0259si\u201dni q\u0259bul edibl\u0259r. Bununla ba\u011fl\u0131 BMT Ba\u015f M\u0259clisi 1993-c\u00fc ild\u0259 may\u0131n 3-n\u00fc Beyn\u0259lxalq S\u00f6z v\u0259 M\u0259tbuat Azadl\u0131\u011f\u0131 g\u00fcn\u00fc [&hellip;]<\/p>\n","protected":false},"author":2,"featured_media":0,"comment_status":"closed","ping_status":"closed","sticky":false,"template":"","format":"standard","meta":[],"categories":[10],"tags":[20],"_links":{"self":[{"href":"https:\/\/yeniterter.az\/index.php?rest_route=\/wp\/v2\/posts\/6669"}],"collection":[{"href":"https:\/\/yeniterter.az\/index.php?rest_route=\/wp\/v2\/posts"}],"about":[{"href":"https:\/\/yeniterter.az\/index.php?rest_route=\/wp\/v2\/types\/post"}],"author":[{"embeddable":true,"href":"https:\/\/yeniterter.az\/index.php?rest_route=\/wp\/v2\/users\/2"}],"replies":[{"embeddable":true,"href":"https:\/\/yeniterter.az\/index.php?rest_route=%2Fwp%2Fv2%2Fcomments&post=6669"}],"version-history":[{"count":0,"href":"https:\/\/yeniterter.az\/index.php?rest_route=\/wp\/v2\/posts\/6669\/revisions"}],"wp:attachment":[{"href":"https:\/\/yeniterter.az\/index.php?rest_route=%2Fwp%2Fv2%2Fmedia&parent=6669"}],"wp:term":[{"taxonomy":"category","embeddable":true,"href":"https:\/\/yeniterter.az\/index.php?rest_route=%2Fwp%2Fv2%2Fcategories&post=6669"},{"taxonomy":"post_tag","embeddable":true,"href":"https:\/\/yeniterter.az\/index.php?rest_route=%2Fwp%2Fv2%2Ftags&post=6669"}],"curies":[{"name":"wp","href":"https:\/\/api.w.org\/{rel}","templated":true}]}}