{"id":6665,"date":"2017-06-09T10:02:10","date_gmt":"2017-06-09T07:02:10","guid":{"rendered":"http:\/\/www.yeniterter.az\/?p=6665"},"modified":"2017-06-09T10:02:25","modified_gmt":"2017-06-09T07:02:25","slug":"beyn%c9%99lxalq-ail%c9%99-gunu","status":"publish","type":"post","link":"https:\/\/yeniterter.az\/?p=6665","title":{"rendered":"BEYN\u018fLXALQ A\u0130L\u018f G\u00dcN\u00dc"},"content":{"rendered":"<p><img decoding=\"async\" loading=\"lazy\" class=\" wp-image-6666 alignleft\" src=\"http:\/\/www.yeniterter.az\/wp-content\/uploads\/\u0441\u043a\u0430\u0447\u0430\u043d\u043d\u044b\u0435-\u0444\u0430\u0439\u043b\u044b-6.jpg\" alt=\"\u0441\u043a\u0430\u0447\u0430\u043d\u043d\u044b\u0435 \u0444\u0430\u0439\u043b\u044b\" width=\"147\" height=\"98\" \/>15 may Birl\u0259\u015fmi\u015f Mill\u0259tl\u0259r T\u0259\u015fkilat\u0131n\u0131n q\u0259rar\u0131 il\u0259 b\u00fct\u00fcn d\u00fcnyada Beyn\u0259lxalq ail\u0259 g\u00fcn\u00fc kimi qeyd olunur. Az\u0259rbaycanda ail\u0259 b\u00fct\u00fcn zamanlarda c\u0259miyy\u0259timizin \u0259n m\u00fcq\u0259dd\u0259s t\u0259m\u0259l da\u015f\u0131 hesab olunub. Ulu \u00d6nd\u0259r Heyd\u0259r \u018fliyev Az\u0259rbaycan ail\u0259si v\u0259 onun probleml\u0259rini h\u0259mi\u015f\u0259 diqq\u0259td\u0259 saxlay\u0131rd\u0131. Bu m\u00fcnasib\u0259t indi d\u0259 d\u00f6vl\u0259t ba\u015f\u00e7\u0131m\u0131z \u0130lham \u018fliyev t\u0259r\u0259find\u0259n h\u0259ssasl\u0131qla davam etdirilir.<br \/>\nBu g\u00fcn \u00f6lk\u0259mizd\u0259 ail\u0259 c\u0259miyy\u0259tin \u0259sas \u00f6z\u0259yi kimi d\u00f6vl\u0259tin x\u00fcsusi himay\u0259sind\u0259dir v\u0259 d\u00f6vl\u0259t \u00f6z siyas\u0259tind\u0259 ail\u0259nin sosial m\u00fcdafi\u0259si, g\u0259nc ail\u0259l\u0259r\u0259 qay\u011f\u0131n\u0131 \u0259sas tutur. Az\u0259rbaycan ail\u0259si v\u0259 onun probleml\u0259rini h\u0259mi\u015f\u0259 diqq\u0259td\u0259 saxlayan Ulu \u00d6nd\u0259r Heyd\u0259r \u018fliyev c\u0259miyy\u0259td\u0259 qad\u0131nlar\u0131n rolunun art\u0131r\u0131lmas\u0131, qad\u0131nlarla ki\u015fil\u0259r aras\u0131nda b\u0259rab\u0259rliyin ger\u00e7\u0259kl\u0259\u015fdirilm\u0259si, qad\u0131n, ail\u0259 probleml\u0259rinin h\u0259lli istiqam\u0259tind\u0259 d\u0259 b\u00f6y\u00fck i\u015fl\u0259r g\u00f6rd\u00fc. 1998-ci il yanvar\u0131n 14-d\u0259 Az\u0259rbaycanda \u201cQad\u0131n Probleml\u0259ri \u00fczr\u0259 D\u00f6vl\u0259t Komit\u0259si\u201dni yaratd\u0131. Bu m\u0259s\u0259l\u0259y\u0259 b\u00f6y\u00fck h\u0259ssasl\u0131qla yana\u015fan Prezident \u0130lham \u018fliyev 2006-c\u0131 il fevral\u0131n 6-da Ail\u0259, Qad\u0131n v\u0259 U\u015faq Probleml\u0259ri \u00fczr\u0259 D\u00f6vl\u0259t Komit\u0259sinin yarad\u0131lmas\u0131 haqq\u0131nda S\u0259r\u0259ncam imzalad\u0131.<!--more--><br \/>\nAil\u0259nin \u0259sas s\u00fctunlar\u0131ndan biri olan Az\u0259rbaycan qad\u0131n\u0131 bu g\u00fcn \u00f6z\u00fc d\u0259 \u00f6lk\u0259mizd\u0259 \u0259min-amanl\u0131\u011f\u0131n qorunmas\u0131, ail\u0259 d\u0259-y\u0259rl\u0259rinin ya\u015fad\u0131lmas\u0131 namin\u0259 \u0259zmkarl\u0131q g\u00f6st\u0259rir. \u00d6lk\u0259nin Birinci xan\u0131m\u0131, Az\u0259rbaycan Respublikas\u0131n\u0131n Birinci vitse-prezidenti, Heyd\u0259r \u018fliyev Fondunun prezidenti Mehriban \u018fliyevan\u0131n ail\u0259, qad\u0131n v\u0259 u\u015faq m\u0259s\u0259l\u0259l\u0259rin\u0259, bu sah\u0259d\u0259 aktual probleml\u0259r\u0259 qay\u011f\u0131ke\u015f m\u00fcnasib\u0259ti bunu bir daha t\u0259sdiq edir. Mehriban \u018fliyevann t\u0259\u015f\u0259bb\u00fcs\u00fc il\u0259 Heyd\u0259r \u018fliyev Fondunun h\u0259yata ke\u00e7irdiyi n\u0259h\u0259ng proqram v\u0259 layih\u0259l\u0259r ail\u0259l\u0259r \u00fc\u00e7\u00fcn, s\u00f6z\u00fcn \u0259sl m\u0259nas\u0131nda b\u00f6y\u00fck dayaqd\u0131r. Onun u\u015faqlara x\u00fcsusi qay\u011f\u0131s\u0131, ail\u0259l\u0259rin probleml\u0259rin\u0259 diqq\u0259ti h\u0259min geni\u015fmiqyasl\u0131, \u00e7oxsayl\u0131 t\u0259dbirl\u0259rd\u0259 \u00f6z\u00fcn\u00fc g\u00f6st\u0259rir. Mehriban \u018fliyevan\u0131n kims\u0259siz u\u015faqlarla ba\u011fl\u0131 unudulmaz t\u0259dbirl\u0259rind\u0259n biri d\u0259 onun t\u0259\u015f\u0259bb\u00fcs v\u0259 d\u0259st\u0259yi il\u0259 u\u015faq evl\u0259rind\u0259 t\u0259rbiy\u0259 alan, ya\u015f\u0131 18-d\u0259n yuxar\u0131 olan q\u0131zlar \u00fc\u00e7\u00fcn ya\u015fay\u0131\u015f binalar\u0131n\u0131n tikilm\u0259sidir. Bununla da ictimai narahatl\u0131\u011fa s\u0259b\u0259b olan ciddi bir problemin h\u0259llin\u0259 yol a\u00e7\u0131ld\u0131: u\u015faq evl\u0259rini t\u0259rk ed\u0259n q\u0131zlar taleyin ac\u0131s\u0131 il\u0259 ba\u015f-ba\u015fa qalmad\u0131lar, \u00f6z arxalar\u0131nda onlar\u0131 m\u00fcdafi\u0259 ed\u0259n b\u00f6y\u00fck bir q\u00fcvv\u0259nin oldu\u011funu g\u00f6rd\u00fcl\u0259r.<br \/>\nB\u00fct\u00fcn bunlar bir daha s\u00fcbut edir ki, ail\u0259 Az\u0259rbaycan d\u00f6vl\u0259ti, Az\u0259rbaycan c\u0259miyy\u0259ti \u00fc\u00e7\u00fcn h\u0259mi\u015f\u0259 m\u00fcq\u0259dd\u0259sdir.<\/p>\n","protected":false},"excerpt":{"rendered":"<p>15 may Birl\u0259\u015fmi\u015f Mill\u0259tl\u0259r T\u0259\u015fkilat\u0131n\u0131n q\u0259rar\u0131 il\u0259 b\u00fct\u00fcn d\u00fcnyada Beyn\u0259lxalq ail\u0259 g\u00fcn\u00fc kimi qeyd olunur. Az\u0259rbaycanda ail\u0259 b\u00fct\u00fcn zamanlarda c\u0259miyy\u0259timizin \u0259n m\u00fcq\u0259dd\u0259s t\u0259m\u0259l da\u015f\u0131 hesab olunub. Ulu \u00d6nd\u0259r Heyd\u0259r \u018fliyev Az\u0259rbaycan ail\u0259si v\u0259 onun probleml\u0259rini h\u0259mi\u015f\u0259 diqq\u0259td\u0259 saxlay\u0131rd\u0131. Bu m\u00fcnasib\u0259t indi d\u0259 d\u00f6vl\u0259t ba\u015f\u00e7\u0131m\u0131z \u0130lham \u018fliyev t\u0259r\u0259find\u0259n h\u0259ssasl\u0131qla davam etdirilir. Bu g\u00fcn \u00f6lk\u0259mizd\u0259 ail\u0259 c\u0259miyy\u0259tin [&hellip;]<\/p>\n","protected":false},"author":2,"featured_media":0,"comment_status":"closed","ping_status":"closed","sticky":false,"template":"","format":"standard","meta":[],"categories":[10],"tags":[20],"_links":{"self":[{"href":"https:\/\/yeniterter.az\/index.php?rest_route=\/wp\/v2\/posts\/6665"}],"collection":[{"href":"https:\/\/yeniterter.az\/index.php?rest_route=\/wp\/v2\/posts"}],"about":[{"href":"https:\/\/yeniterter.az\/index.php?rest_route=\/wp\/v2\/types\/post"}],"author":[{"embeddable":true,"href":"https:\/\/yeniterter.az\/index.php?rest_route=\/wp\/v2\/users\/2"}],"replies":[{"embeddable":true,"href":"https:\/\/yeniterter.az\/index.php?rest_route=%2Fwp%2Fv2%2Fcomments&post=6665"}],"version-history":[{"count":0,"href":"https:\/\/yeniterter.az\/index.php?rest_route=\/wp\/v2\/posts\/6665\/revisions"}],"wp:attachment":[{"href":"https:\/\/yeniterter.az\/index.php?rest_route=%2Fwp%2Fv2%2Fmedia&parent=6665"}],"wp:term":[{"taxonomy":"category","embeddable":true,"href":"https:\/\/yeniterter.az\/index.php?rest_route=%2Fwp%2Fv2%2Fcategories&post=6665"},{"taxonomy":"post_tag","embeddable":true,"href":"https:\/\/yeniterter.az\/index.php?rest_route=%2Fwp%2Fv2%2Ftags&post=6665"}],"curies":[{"name":"wp","href":"https:\/\/api.w.org\/{rel}","templated":true}]}}