{"id":6662,"date":"2017-06-09T09:58:34","date_gmt":"2017-06-09T06:58:34","guid":{"rendered":"http:\/\/www.yeniterter.az\/?p=6662"},"modified":"2017-06-09T09:58:34","modified_gmt":"2017-06-09T06:58:34","slug":"ekologiya-v%c9%99-t%c9%99bii-s%c9%99rv%c9%99tl%c9%99r-nazirliyi-iscil%c9%99rinin-pes%c9%99-bayrami","status":"publish","type":"post","link":"https:\/\/yeniterter.az\/?p=6662","title":{"rendered":"EKOLOG\u0130YA V\u018f T\u018fB\u0130\u0130 S\u018fRV\u018fTL\u018fR NAZ\u0130RL\u0130Y\u0130 \u0130\u015e\u00c7\u0130L\u018fR\u0130N\u0130N PE\u015e\u018f BAYRAMI"},"content":{"rendered":"<p><img decoding=\"async\" loading=\"lazy\" class=\" wp-image-6663 alignleft\" src=\"http:\/\/www.yeniterter.az\/wp-content\/uploads\/DSC02105-300x225.jpg\" alt=\"DSC02105\" width=\"146\" height=\"109\" \/>Az\u0259rbaycan Respublikas\u0131 Prezidenti \u0130lham \u018fliyevin imzalad\u0131\u011f\u0131 S\u0259r\u0259ncama \u0259sas\u0259n \u00f6lk\u0259mizd\u0259 h\u0259r il 23 may g\u00fcn\u00fc Ekologiya v\u0259 T\u0259bii S\u0259rv\u0259tl\u0259r Nazirliyi i\u015f\u00e7il\u0259rinin pe\u015f\u0259 bayram\u0131 kimi qeyd olunur.<br \/>\nAz\u0259rbaycan m\u00fcst\u0259qillik \u0259ld\u0259 etdikd\u0259n sonra m\u0259hz Ulu \u00d6nd\u0259r Heyd\u0259r \u018fliyevin ekologiya v\u0259 \u0259traf m\u00fchitin m\u00fchafiz\u0259si sah\u0259sin\u0259 qay\u011f\u0131ke\u015f m\u00fcnasib\u0259ti n\u0259tic\u0259sind\u0259 onun imzalad\u0131\u011f\u0131 2001-ci il 23 may tarixli s\u0259r\u0259ncamla Ekologiya v\u0259 T\u0259bii S\u0259rv\u0259tl\u0259r Nazirliyi yarad\u0131l\u0131b.<br \/>\nSon bir ne\u00e7\u0259 ild\u0259 ekoloji v\u0259ziyy\u0259tin sa\u011flamla\u015fd\u0131r\u0131lmas\u0131, \u0259traf m\u00fchitin m\u00fchafiz\u0259si sah\u0259sind\u0259 \u00f6lk\u0259 Prezidenti \u0130lham \u018fliyevin r\u0259hb\u0259rliyi alt\u0131nda ard\u0131c\u0131l, m\u0259qs\u0259dy\u00f6nl\u00fc i\u015fl\u0259r g\u00f6r\u00fcl\u00fcb, uzun ill\u0259r \u0259rzind\u0259 y\u0131\u011f\u0131laraq m\u00fcst\u0259qil Az\u0259rbaycana miras qalm\u0131\u015f ekoloji probleml\u0259r t\u0259hlil edil\u0259r\u0259k, onlar\u0131n kompleks h\u0259llin\u0259 y\u00f6n\u0259lmi\u015f 5 Milli v\u0259 D\u00f6vl\u0259t Proqram\u0131 t\u0259sdiq edilib, ekologiya v\u0259 \u0259traf m\u00fchitin m\u00fchafiz\u0259si sah\u0259sind\u0259 h\u00fcquqi baza t\u0259kmill\u0259\u015fdirilib.<!--more--><br \/>\n\u018ftraf m\u00fchitin sa\u011flamla\u015fd\u0131r\u0131lmas\u0131 \u00fc\u00e7\u00fcn T\u0259rt\u0259r rayonunda da bir \u00e7ox i\u015fl\u0259r g\u00f6r\u00fcl\u00fcr. T\u0259kc\u0259 2017-ci ilin birinci r\u00fcb\u00fcnd\u0259 rayonda ekoloji tarazl\u0131\u011f\u0131n qorunmas\u0131 m\u0259qs\u0259dil\u0259 B\u0259rd\u0259, A\u011fdam v\u0259 G\u0259nc\u0259 istiqam\u0259tind\u0259 yol k\u0259narlar\u0131na v\u0259 rayonun ya\u015fay\u0131\u015f m\u0259nt\u0259q\u0259l\u0259rind\u0259 8 mind\u0259n \u00e7ox m\u00fcxt\u0259lif n\u00f6v a\u011faclar v\u0259 2 min g\u00fcl kolu \u0259kilib.<\/p>\n<p style=\"text-align: right;\"><strong><em>\u201cYeni T\u0259rt\u0259r\u201d<\/em><\/strong><\/p>\n","protected":false},"excerpt":{"rendered":"<p>Az\u0259rbaycan Respublikas\u0131 Prezidenti \u0130lham \u018fliyevin imzalad\u0131\u011f\u0131 S\u0259r\u0259ncama \u0259sas\u0259n \u00f6lk\u0259mizd\u0259 h\u0259r il 23 may g\u00fcn\u00fc Ekologiya v\u0259 T\u0259bii S\u0259rv\u0259tl\u0259r Nazirliyi i\u015f\u00e7il\u0259rinin pe\u015f\u0259 bayram\u0131 kimi qeyd olunur. Az\u0259rbaycan m\u00fcst\u0259qillik \u0259ld\u0259 etdikd\u0259n sonra m\u0259hz Ulu \u00d6nd\u0259r Heyd\u0259r \u018fliyevin ekologiya v\u0259 \u0259traf m\u00fchitin m\u00fchafiz\u0259si sah\u0259sin\u0259 qay\u011f\u0131ke\u015f m\u00fcnasib\u0259ti n\u0259tic\u0259sind\u0259 onun imzalad\u0131\u011f\u0131 2001-ci il 23 may tarixli s\u0259r\u0259ncamla Ekologiya v\u0259 T\u0259bii [&hellip;]<\/p>\n","protected":false},"author":2,"featured_media":0,"comment_status":"closed","ping_status":"closed","sticky":false,"template":"","format":"standard","meta":[],"categories":[10],"tags":[20],"_links":{"self":[{"href":"https:\/\/yeniterter.az\/index.php?rest_route=\/wp\/v2\/posts\/6662"}],"collection":[{"href":"https:\/\/yeniterter.az\/index.php?rest_route=\/wp\/v2\/posts"}],"about":[{"href":"https:\/\/yeniterter.az\/index.php?rest_route=\/wp\/v2\/types\/post"}],"author":[{"embeddable":true,"href":"https:\/\/yeniterter.az\/index.php?rest_route=\/wp\/v2\/users\/2"}],"replies":[{"embeddable":true,"href":"https:\/\/yeniterter.az\/index.php?rest_route=%2Fwp%2Fv2%2Fcomments&post=6662"}],"version-history":[{"count":0,"href":"https:\/\/yeniterter.az\/index.php?rest_route=\/wp\/v2\/posts\/6662\/revisions"}],"wp:attachment":[{"href":"https:\/\/yeniterter.az\/index.php?rest_route=%2Fwp%2Fv2%2Fmedia&parent=6662"}],"wp:term":[{"taxonomy":"category","embeddable":true,"href":"https:\/\/yeniterter.az\/index.php?rest_route=%2Fwp%2Fv2%2Fcategories&post=6662"},{"taxonomy":"post_tag","embeddable":true,"href":"https:\/\/yeniterter.az\/index.php?rest_route=%2Fwp%2Fv2%2Ftags&post=6662"}],"curies":[{"name":"wp","href":"https:\/\/api.w.org\/{rel}","templated":true}]}}