{"id":6642,"date":"2017-06-09T09:28:52","date_gmt":"2017-06-09T06:28:52","guid":{"rendered":"http:\/\/www.yeniterter.az\/?p=6642"},"modified":"2017-06-09T09:28:52","modified_gmt":"2017-06-09T06:28:52","slug":"93-yasli-muharib%c9%99-veterani","status":"publish","type":"post","link":"https:\/\/yeniterter.az\/?p=6642","title":{"rendered":"93 YA\u015eLI M\u00dcHAR\u0130B\u018f VETERANI"},"content":{"rendered":"<p><img decoding=\"async\" loading=\"lazy\" class=\" wp-image-6643 alignleft\" src=\"http:\/\/www.yeniterter.az\/wp-content\/uploads\/Burceliyev-210x300.jpg\" alt=\"Burceliyev\" width=\"94\" height=\"135\" srcset=\"https:\/\/yeniterter.az\/wp-content\/uploads\/Burceliyev-210x300.jpg 210w, https:\/\/yeniterter.az\/wp-content\/uploads\/Burceliyev.jpg 417w\" sizes=\"(max-width: 94px) 100vw, 94px\" \/>Fa\u015fist Almaniyas\u0131 \u00fcz\u0259rind\u0259 tarixi q\u0259l\u0259b\u0259nin 72-ci ild\u00f6n\u00fcm\u00fcnd\u0259 o d\u00f6vr\u00fcn c\u0259sur d\u00f6y\u00fc\u015f\u00e7\u00fcl\u0259rind\u0259n biri \u2013B\u00fcrc\u0259liyev Cavan\u015fir Tal\u0131b o\u011flu haqq\u0131nda, q\u0131sa da olsa, sizl\u0259r\u0259 m\u0259lumat verm\u0259k isti\u0259yir\u0259m.<br \/>\n1941-1945-ci ill\u0259rin m\u00fcharib\u0259 veteran\u0131 Cavan\u015fir B\u00fcrc\u0259liyev 1924-c\u00fc ild\u0259 Mirb\u0259\u015fir (T\u0259rt\u0259r) rayonunun C\u0259milli k\u0259ndind\u0259 anadan olub. K\u0259nd m\u0259kt\u0259bini bitir\u0259nd\u0259n sonra 1942-ci ilin oktyabr ay\u0131nda m\u00fcharib\u0259y\u0259 gedib. Primorska d\u00fc\u015f\u00fcb. G\u0259nc \u0259sg\u0259rin qo\u00e7aql\u0131\u011f\u0131n\u0131, bacar\u0131\u011f\u0131n\u0131 ilk g\u00fcnl\u0259rd\u0259n g\u00f6r\u0259n komandirl\u0259ri onu 6 ayl\u0131q ki\u00e7ik komandirl\u0259r haz\u0131rlayan m\u0259kt\u0259b\u0259 g\u00f6nd\u0259ribl\u0259r. Oran\u0131 bitirdikd\u0259n sonra Yaponiyada \u2013Mancuriyada xidm\u0259t\u0259 ba\u015flay\u0131b. \u00c7ox ke\u00e7mir ki, ona leytenant r\u00fctb\u0259si verirl\u0259r. B\u00fct\u00fcn bunlar\u0131 m\u0259n\u0259 bu yax\u0131nlarda Cavan\u015fir m\u00fc\u0259lliml\u0259 g\u00f6r\u00fc\u015f\u00fcm\u00fcz zaman\u0131 \u00f6z\u00fc dan\u0131\u015fd\u0131.<br \/>\n\u00d6yr\u0259ndim ki, Cavan\u015fir m\u00fc\u0259llim m\u00fcharib\u0259 ill\u0259rind\u0259 Ukraynan\u0131n, Belorusiyan\u0131n, Pol\u015fan\u0131n, Uzaq \u015e\u0259rqin v\u0259 Yaponiyan\u0131n alman fasi\u015ftl\u0259rind\u0259n t\u0259mizl\u0259nm\u0259sind\u0259 i\u015ftirak edib. Deyir ki, m\u00fcharib\u0259 9 may 1945-ci ild\u0259 bits\u0259 d\u0259, m\u0259n 1946-c\u0131 ilin oktyabr\u0131nda ordudan t\u0259rxis olundum.<!--more--> Ev\u0259 g\u0259ldim. Rayon h\u0259rbi komissarl\u0131\u011f\u0131na getdim. H\u0259rbi r\u00fctb\u0259m\u0259 g\u00f6r\u0259 m\u0259ni C\u0259milli k\u0259nd m\u0259kt\u0259bin\u0259 h\u0259rbi r\u0259hb\u0259r v\u0259 b\u0259d\u0259n t\u0259rbiy\u0259si m\u00fc\u0259llimi t\u0259yin etdil\u0259r. Ax\u0131, o zamanlar\u2013m\u00fcharib\u0259d\u0259n sonra ixtisasl\u0131 m\u00fc\u0259lliml\u0259r az idi. Bir il i\u015fl\u0259dikd\u0259n sonra t\u0259hsilimi davam etdirdim. Az\u0259rbaycan D\u00f6vl\u0259t Universitetinin tarix fak\u00fclt\u0259sin\u0259 daxil oldum v\u0259 ali t\u0259hsil ald\u0131m. 1982-ci il\u0259 q\u0259d\u0259r C\u0259milli k\u0259nd m\u0259kt\u0259bind\u0259 m\u00fc\u0259llim i\u015fl\u0259yib, t\u0259qa\u00fcd\u0259 \u00e7\u0131xd\u0131m.<br \/>\nCavan\u015fir m\u00fc\u0259llim \u201cFa\u015fist Almaniyas\u0131 \u00fcz\u0259rind\u0259 q\u0259l\u0259b\u0259y\u0259 g\u00f6r\u0259\u201d medal\u0131, birinci v\u0259 ikinci d\u0259r\u0259c\u0259li v\u0259t\u0259n m\u00fcharib\u0259si ordenl\u0259ri v\u0259 bir s\u0131ra dig\u0259r m\u00fckafatlara layiq g\u00f6r\u00fcl\u00fcb, \u00e7oxlu sayda f\u0259xri f\u0259rmanlar al\u0131b.<br \/>\nKe\u00e7mi\u015f m\u00fcharib\u0259 veteran\u0131 h\u0259m d\u0259 n\u00fcmun\u0259vi ail\u0259 ba\u015f\u00e7\u0131s\u0131d\u0131r, 5 \u00f6vlad\u0131 olub. 3 o\u011flan, 2 q\u0131z. O\u011flanlar\u0131ndan biri \u2013Rasim m\u0259nfur erm\u0259nil\u0259rin torpaqlar\u0131m\u0131za t\u0259cav\u00fcz\u00fc zaman\u0131 Qaraba\u011f d\u00f6y\u00fc\u015fl\u0259rind\u0259 1994-c\u00fc ild\u0259 \u015f\u0259hid olub. Yadigar adl\u0131 1 o\u011flu qal\u0131b.Yadigar Cavan\u015firli d\u0259 indi Az\u0259rbaycan Ordusunun t\u0259rkibind\u0259 xidm\u0259t edir.<br \/>\nCavan\u015fir m\u00fc\u0259llimin qalan 4 \u00f6vlad\u0131\u20132 q\u0131z\u0131 v\u0259 2 o\u011flu ali t\u0259hsillidirl\u0259r. Ham\u0131s\u0131 ail\u0259lidir. Onun 9 n\u0259v\u0259si, 7 n\u0259tic\u0259si var.<br \/>\nCavan\u015fir B\u00fcrc\u0259liyev \u00f6lk\u0259 Prezidenti \u0130lham \u018fliyevin B\u00f6y\u00fck V\u0259t\u0259n m\u00fcharib\u0259si-nin sa\u011f qalan i\u015ftirak\u00e7\u0131lar\u0131n\u0131n h\u0259r birin\u0259 bird\u0259f\u0259lik maddi yard\u0131m g\u00f6st\u0259rilm\u0259si bar\u0259d\u0259ki s\u0259r\u0259ncam\u0131n\u0131 \u00fcr\u0259kd\u0259n alq\u0131\u015flad\u0131\u011f\u0131n\u0131 bildirdi.<br \/>\nP.S. \u0130ndi rayonda c\u0259mi 6 n\u0259f\u0259r B\u00f6y\u00fck V\u0259t\u0259n M\u00fcharib\u0259si i\u015ftirak\u00e7\u0131s\u0131 qal\u0131b. Onlardan 2 n\u0259f\u0259ri I qrup, 2 n\u0259f\u0259ri II qrup \u0259lildir, 2 n\u0259f\u0259ri is\u0259 ya\u015fa g\u00f6r\u0259 pensiya al\u0131r.<br \/>\nH\u0259lak olmu\u015f v\u0259 ya sonradan v\u0259fat etmi\u015f d\u00f6y\u00fc\u015f\u00e7\u00fcl\u0259rin dul arvadlar\u0131 95 n\u0259f\u0259r, arxa c\u0259bh\u0259d\u0259 f\u0259dakar \u0259m\u0259y\u0259 g\u00f6r\u0259 orden v\u0259 medallarla t\u0259ltif olunmu\u015f \u015f\u0259xsl\u0259r 16 n\u0259f\u0259rdir. Prezidentin s\u0259r\u0259ncam\u0131na \u0259sas\u0259n h\u0259min insanlar\u0131n da h\u0259r birin\u0259 bird\u0259f\u0259lik maddi yard\u0131m verilib.<\/p>\n<p style=\"text-align: right;\"><strong><em>\u018fv\u0259z N\u0259sirov<\/em> <\/strong><\/p>\n","protected":false},"excerpt":{"rendered":"<p>Fa\u015fist Almaniyas\u0131 \u00fcz\u0259rind\u0259 tarixi q\u0259l\u0259b\u0259nin 72-ci ild\u00f6n\u00fcm\u00fcnd\u0259 o d\u00f6vr\u00fcn c\u0259sur d\u00f6y\u00fc\u015f\u00e7\u00fcl\u0259rind\u0259n biri \u2013B\u00fcrc\u0259liyev Cavan\u015fir Tal\u0131b o\u011flu haqq\u0131nda, q\u0131sa da olsa, sizl\u0259r\u0259 m\u0259lumat verm\u0259k isti\u0259yir\u0259m. 1941-1945-ci ill\u0259rin m\u00fcharib\u0259 veteran\u0131 Cavan\u015fir B\u00fcrc\u0259liyev 1924-c\u00fc ild\u0259 Mirb\u0259\u015fir (T\u0259rt\u0259r) rayonunun C\u0259milli k\u0259ndind\u0259 anadan olub. K\u0259nd m\u0259kt\u0259bini bitir\u0259nd\u0259n sonra 1942-ci ilin oktyabr ay\u0131nda m\u00fcharib\u0259y\u0259 gedib. Primorska d\u00fc\u015f\u00fcb. G\u0259nc \u0259sg\u0259rin qo\u00e7aql\u0131\u011f\u0131n\u0131, bacar\u0131\u011f\u0131n\u0131 [&hellip;]<\/p>\n","protected":false},"author":2,"featured_media":0,"comment_status":"closed","ping_status":"closed","sticky":false,"template":"","format":"standard","meta":[],"categories":[10],"tags":[20],"_links":{"self":[{"href":"https:\/\/yeniterter.az\/index.php?rest_route=\/wp\/v2\/posts\/6642"}],"collection":[{"href":"https:\/\/yeniterter.az\/index.php?rest_route=\/wp\/v2\/posts"}],"about":[{"href":"https:\/\/yeniterter.az\/index.php?rest_route=\/wp\/v2\/types\/post"}],"author":[{"embeddable":true,"href":"https:\/\/yeniterter.az\/index.php?rest_route=\/wp\/v2\/users\/2"}],"replies":[{"embeddable":true,"href":"https:\/\/yeniterter.az\/index.php?rest_route=%2Fwp%2Fv2%2Fcomments&post=6642"}],"version-history":[{"count":0,"href":"https:\/\/yeniterter.az\/index.php?rest_route=\/wp\/v2\/posts\/6642\/revisions"}],"wp:attachment":[{"href":"https:\/\/yeniterter.az\/index.php?rest_route=%2Fwp%2Fv2%2Fmedia&parent=6642"}],"wp:term":[{"taxonomy":"category","embeddable":true,"href":"https:\/\/yeniterter.az\/index.php?rest_route=%2Fwp%2Fv2%2Fcategories&post=6642"},{"taxonomy":"post_tag","embeddable":true,"href":"https:\/\/yeniterter.az\/index.php?rest_route=%2Fwp%2Fv2%2Ftags&post=6642"}],"curies":[{"name":"wp","href":"https:\/\/api.w.org\/{rel}","templated":true}]}}