{"id":6639,"date":"2017-06-09T09:24:02","date_gmt":"2017-06-09T06:24:02","guid":{"rendered":"http:\/\/www.yeniterter.az\/?p=6639"},"modified":"2017-06-09T09:24:02","modified_gmt":"2017-06-09T06:24:02","slug":"rayonumuzun-uzunomurlul%c9%99ri","status":"publish","type":"post","link":"https:\/\/yeniterter.az\/?p=6639","title":{"rendered":"RAYONUMUZUN UZUN\u00d6M\u00dcRL\u00dcL\u018fR\u0130"},"content":{"rendered":"<p>D\u018fM\u0130R\u00c7\u0130 H\u00dcSEYN<\/p>\n<p><img decoding=\"async\" loading=\"lazy\" class=\" wp-image-6640 alignleft\" src=\"http:\/\/www.yeniterter.az\/wp-content\/uploads\/DSC_0546-300x201.jpg\" alt=\"DSC_0546\" width=\"150\" height=\"100\" srcset=\"https:\/\/yeniterter.az\/wp-content\/uploads\/DSC_0546-300x201.jpg 300w, https:\/\/yeniterter.az\/wp-content\/uploads\/DSC_0546-768x514.jpg 768w, https:\/\/yeniterter.az\/wp-content\/uploads\/DSC_0546-1024x685.jpg 1024w, https:\/\/yeniterter.az\/wp-content\/uploads\/DSC_0546.jpg 1500w\" sizes=\"(max-width: 150px) 100vw, 150px\" \/>DSMF T\u0259rt\u0259r rayon \u015f\u00f6b\u0259sinin verdiyi m\u0259lumata g\u00f6r\u0259 qeydiyyatda 128 n\u0259f\u0259r 90 ya\u015fdan yuxar\u0131 sakinimiz var. Bel\u0259 insanlardan birinin ail\u0259sind\u0259 oldum. 66 ildir ki, birg\u0259 \u00f6m\u00fcr ya\u015fam\u0131\u015f Mustafayev H\u00fcseyn S\u0259lim o\u011flu v\u0259 Mustafayeva Z\u0259rniyar H\u00fcseyn q\u0131z\u0131 il\u0259 g\u00f6r\u00fc\u015fd\u00fcm.<br \/>\nH\u00fcseyn Mustafayev 11 aprel 1926-c\u0131 ild\u0259 A\u011fd\u0259r\u0259 rayonunun S\u0131rxav\u0259nd k\u0259ndind\u0259 do\u011fulub. U\u015faql\u0131\u011f\u0131 \u015fura h\u00f6kum\u0259tinin vurhavur, tuthatut d\u00f6vr\u00fcn\u0259 t\u0259sad\u00fcf edib. O zamank\u0131 b\u00fct\u00fcn ail\u0259l\u0259rd\u0259 oldu\u011fu kimi, S\u0259lim ki\u015fi d\u0259 ail\u0259sini, u\u015faqlar\u0131n\u0131 mal-heyvan saxlamaqla, \u0259kin-bi\u00e7inl\u0259 m\u0259\u015f\u011ful olmaqla doland\u0131r\u0131b. B\u00f6y\u00fck V\u0259t\u0259n m\u00fcharib\u0259si ba\u015flayanda H\u00fcseynin 15 ya\u015f\u0131 var\u0131yd\u0131.<br \/>\n1951-ci ild\u0259 qon\u015fu k\u0259ndd\u0259 ya\u015fayan Z\u0259rniyarla ail\u0259 h\u0259yat\u0131 qurdu. \u0130\u015f-g\u00fcc\u00fcn olmamas\u0131 g\u0259nc ail\u0259nin ehtiyac-lar\u0131n\u0131n t\u0259min olunmas\u0131nda \u00e7\u0259tinlikl\u0259r t\u00f6r\u0259dirdi. Odur ki, 1952-ci ild\u0259 T\u0259rt\u0259r rayonuna k\u00f6\u00e7\u00fcrl\u0259r. H\u0259min ild\u0259n 1957-ci il\u0259d\u0259k yerli s\u0259naye kombinat\u0131nda i\u015f\u0259 d\u0259mir\u00e7i kimi ba\u015flayan H\u00fcseyn o zamank\u0131 Mirb\u0259\u015fir rayonunun f\u0259rdi ya\u015fay\u0131\u015f evl\u0259rinin, ictimai binalar\u0131n dam \u00f6rt\u00fckl\u0259rini vuraraq ail\u0259sinin dolan\u0131\u015f\u0131\u011f\u0131n\u0131 t\u0259min edirdi. 1957-ci ild\u0259n 1986-c\u0131 il\u0259d\u0259k rayonun kommunal m\u00fc\u0259ssis\u0259l\u0259ri kombinat\u0131nda armatur\u00e7u i\u015fl\u0259yib. H\u00fcseynin \u0259l qabiliyy\u0259ti h\u0259r k\u0259sin diqq\u0259tini \u00e7\u0259kirdi. Onu b\u00fct\u00fcn t\u0259rt\u0259rlil\u0259r \u201cD\u0259mir\u00e7i H\u00fcseyn\u201d kimi tan\u0131y\u0131rd\u0131lar. O, h\u0259m d\u0259 g\u00f6z\u0259l tar ifa\u00e7\u0131s\u0131 olub. <!--more-->H\u00fcseyn ki\u015fi dedi:<br \/>\n\u2013 T\u0259rt\u0259rd\u0259 v\u0259 \u0259traf rayonlar\u0131n toylar\u0131nda kaman\u00e7a ustas\u0131 Yusifl\u0259 b\u0259rab\u0259r m\u0259n d\u0259 i\u015ftirak edirdim. Yax\u015f\u0131 tar \u00e7al\u0131rd\u0131m. M\u0259nim musiqi t\u0259hsilim olmasa da, tarda ifa etm\u0259yi \u00f6yr\u0259nmi\u015fdim. Dem\u0259k olar ki, kaman\u00e7a\u00e7alan Yusif olan yerd\u0259 bilirdil\u0259r ki, m\u0259n d\u0259 varam.<br \/>\nOnunla s\u00f6hb\u0259timiz\u0259 h\u0259yat yolda\u015f\u0131 Z\u0259rniyar tez-tez qo\u015fulurdu. Onlar\u0131n s\u00f6zl\u0259rind\u0259n ayd\u0131n olurdu ki, ya\u015flar\u0131n\u0131n m\u00fcdrik \u00e7a\u011flar\u0131nad\u0259k bir-birl\u0259rin\u0259 arxa-dayaq olmu\u015f v\u0259 bu g\u00fcn d\u0259 birg\u0259 ya\u015fay\u0131b qocal\u0131rlar.<br \/>\n\u00d6vladlar\u0131 il\u0259 maraqlan\u0131ram. Bildirirl\u0259r ki, 6 u\u015faq b\u00f6y\u00fcd\u00fcbl\u0259r. 3 o\u011flan, 3 q\u0131z. Ham\u0131s\u0131 da ail\u0259lidir. 2 q\u0131z\u0131 T\u0259rt\u0259rd\u0259, qalanlar\u0131 is\u0259 Bak\u0131 \u015f\u0259h\u0259rind\u0259 ya\u015fay\u0131rlar.<br \/>\nBu g\u00fcn bel\u0259 ya\u015fl\u0131 insanlar\u0131n h\u0259m maddi, h\u0259m d\u0259 m\u0259n\u0259vi qay\u011f\u0131ya ehtiyaclar\u0131 \u00e7oxdur.<br \/>\n\u201cBu ail\u0259nin m\u00f6hk\u0259mliyin\u0259, \u0259hs\u0259n\u201d\u2013 dedim. 66 illik birg\u0259 ail\u0259 h\u0259yat\u0131 alq\u0131\u015flanas\u0131d\u0131r. \u0130ndiki g\u0259nc ail\u0259l\u0259rimiz\u0259 \u00f6rn\u0259k olas\u0131 h\u0259yatd\u0131r. Do\u011frudur, \u00f6vladlar\u0131 tez-tez H\u00fcseyn baban\u0131n qona\u011f\u0131 olurlar. Burada ya\u015fayan q\u0131zlar\u0131 ev-e\u015fikl\u0259rinin t\u0259mizliyin\u0259 bax\u0131r, bi\u015f-d\u00fc\u015fl\u0259rini haz\u0131rlay\u0131rlar. Onu da bildirim ki, haz\u0131rda H\u00fcseyn baban\u0131n 26 n\u0259v\u0259si v\u0259 13 n\u0259tic\u0259si var. H\u0259r\u0259sinin d\u0259 \u00f6z yeri var baban\u0131n v\u0259 n\u0259n\u0259nin \u00fcr\u0259kl\u0259rind\u0259.<br \/>\nYa\u015fay\u0131\u015flar\u0131 sad\u0259, s\u00f6z-s\u00f6hb\u0259tl\u0259ri t\u0259bii olan bu insanlardan sa\u011folla\u015f\u0131b ayr\u0131landa el\u0259 bildim ki, H\u00fcseyn baba boyda bir nur selind\u0259n ayr\u0131ld\u0131m.<\/p>\n<p style=\"text-align: right;\"><strong><em>Elfuz\u0259 V\u0259liyeva<\/em><\/strong><\/p>\n","protected":false},"excerpt":{"rendered":"<p>D\u018fM\u0130R\u00c7\u0130 H\u00dcSEYN DSMF T\u0259rt\u0259r rayon \u015f\u00f6b\u0259sinin verdiyi m\u0259lumata g\u00f6r\u0259 qeydiyyatda 128 n\u0259f\u0259r 90 ya\u015fdan yuxar\u0131 sakinimiz var. Bel\u0259 insanlardan birinin ail\u0259sind\u0259 oldum. 66 ildir ki, birg\u0259 \u00f6m\u00fcr ya\u015fam\u0131\u015f Mustafayev H\u00fcseyn S\u0259lim o\u011flu v\u0259 Mustafayeva Z\u0259rniyar H\u00fcseyn q\u0131z\u0131 il\u0259 g\u00f6r\u00fc\u015fd\u00fcm. H\u00fcseyn Mustafayev 11 aprel 1926-c\u0131 ild\u0259 A\u011fd\u0259r\u0259 rayonunun S\u0131rxav\u0259nd k\u0259ndind\u0259 do\u011fulub. U\u015faql\u0131\u011f\u0131 \u015fura h\u00f6kum\u0259tinin vurhavur, tuthatut [&hellip;]<\/p>\n","protected":false},"author":2,"featured_media":0,"comment_status":"closed","ping_status":"closed","sticky":false,"template":"","format":"standard","meta":[],"categories":[10],"tags":[20],"_links":{"self":[{"href":"https:\/\/yeniterter.az\/index.php?rest_route=\/wp\/v2\/posts\/6639"}],"collection":[{"href":"https:\/\/yeniterter.az\/index.php?rest_route=\/wp\/v2\/posts"}],"about":[{"href":"https:\/\/yeniterter.az\/index.php?rest_route=\/wp\/v2\/types\/post"}],"author":[{"embeddable":true,"href":"https:\/\/yeniterter.az\/index.php?rest_route=\/wp\/v2\/users\/2"}],"replies":[{"embeddable":true,"href":"https:\/\/yeniterter.az\/index.php?rest_route=%2Fwp%2Fv2%2Fcomments&post=6639"}],"version-history":[{"count":0,"href":"https:\/\/yeniterter.az\/index.php?rest_route=\/wp\/v2\/posts\/6639\/revisions"}],"wp:attachment":[{"href":"https:\/\/yeniterter.az\/index.php?rest_route=%2Fwp%2Fv2%2Fmedia&parent=6639"}],"wp:term":[{"taxonomy":"category","embeddable":true,"href":"https:\/\/yeniterter.az\/index.php?rest_route=%2Fwp%2Fv2%2Fcategories&post=6639"},{"taxonomy":"post_tag","embeddable":true,"href":"https:\/\/yeniterter.az\/index.php?rest_route=%2Fwp%2Fv2%2Ftags&post=6639"}],"curies":[{"name":"wp","href":"https:\/\/api.w.org\/{rel}","templated":true}]}}