{"id":6633,"date":"2017-05-30T14:49:11","date_gmt":"2017-05-30T11:49:11","guid":{"rendered":"http:\/\/www.yeniterter.az\/?p=6633"},"modified":"2017-05-30T14:49:11","modified_gmt":"2017-05-30T11:49:11","slug":"6633","status":"publish","type":"post","link":"https:\/\/yeniterter.az\/?p=6633","title":{"rendered":""},"content":{"rendered":"<p><strong><em><img decoding=\"async\" loading=\"lazy\" class=\" wp-image-6613 alignleft\" src=\"http:\/\/www.yeniterter.az\/wp-content\/uploads\/Ilham_Aliyev-mskastarabassagligid-300x203.jpg\" alt=\"Ilham_Aliyev mskastarabassagligid\" width=\"249\" height=\"168\" srcset=\"https:\/\/yeniterter.az\/wp-content\/uploads\/Ilham_Aliyev-mskastarabassagligid-300x203.jpg 300w, https:\/\/yeniterter.az\/wp-content\/uploads\/Ilham_Aliyev-mskastarabassagligid.jpg 590w\" sizes=\"(max-width: 249px) 100vw, 249px\" \/>Yeni Az\u0259rbaycan Partiyas\u0131n\u0131n \u00f6z liderin\u0259, d\u00f6vl\u0259t\u00e7iliy\u0259 n\u0259 q\u0259d\u0259r sadiq oldu\u011funu tarix s\u0131naqdan ke\u00e7irirdi. B\u00fct\u00fcn bu s\u0131naqlardan bizim partiyam\u0131z \u00fcz\u00fca\u011f \u00e7\u0131xd\u0131. B\u00fct\u00fcn bu s\u0131naqlardan biz daha da g\u00fccl\u0259nmi\u015f \u015f\u0259kild\u0259 \u00e7\u0131xa bildik.<\/em><\/strong><\/p>\n<p style=\"text-align: right;\"><strong><em>\u0130lham \u018fliyev,<\/em><\/strong><br \/>\n<strong><em>Az\u0259rbaycan Respublikas\u0131n\u0131n Prezidenti<\/em><\/strong><\/p>\n","protected":false},"excerpt":{"rendered":"<p>Yeni Az\u0259rbaycan Partiyas\u0131n\u0131n \u00f6z liderin\u0259, d\u00f6vl\u0259t\u00e7iliy\u0259 n\u0259 q\u0259d\u0259r sadiq oldu\u011funu tarix s\u0131naqdan ke\u00e7irirdi. B\u00fct\u00fcn bu s\u0131naqlardan bizim partiyam\u0131z \u00fcz\u00fca\u011f \u00e7\u0131xd\u0131. B\u00fct\u00fcn bu s\u0131naqlardan biz daha da g\u00fccl\u0259nmi\u015f \u015f\u0259kild\u0259 \u00e7\u0131xa bildik. \u0130lham \u018fliyev, Az\u0259rbaycan Respublikas\u0131n\u0131n Prezidenti<\/p>\n","protected":false},"author":2,"featured_media":0,"comment_status":"closed","ping_status":"closed","sticky":false,"template":"","format":"standard","meta":[],"categories":[10],"tags":[20],"_links":{"self":[{"href":"https:\/\/yeniterter.az\/index.php?rest_route=\/wp\/v2\/posts\/6633"}],"collection":[{"href":"https:\/\/yeniterter.az\/index.php?rest_route=\/wp\/v2\/posts"}],"about":[{"href":"https:\/\/yeniterter.az\/index.php?rest_route=\/wp\/v2\/types\/post"}],"author":[{"embeddable":true,"href":"https:\/\/yeniterter.az\/index.php?rest_route=\/wp\/v2\/users\/2"}],"replies":[{"embeddable":true,"href":"https:\/\/yeniterter.az\/index.php?rest_route=%2Fwp%2Fv2%2Fcomments&post=6633"}],"version-history":[{"count":0,"href":"https:\/\/yeniterter.az\/index.php?rest_route=\/wp\/v2\/posts\/6633\/revisions"}],"wp:attachment":[{"href":"https:\/\/yeniterter.az\/index.php?rest_route=%2Fwp%2Fv2%2Fmedia&parent=6633"}],"wp:term":[{"taxonomy":"category","embeddable":true,"href":"https:\/\/yeniterter.az\/index.php?rest_route=%2Fwp%2Fv2%2Fcategories&post=6633"},{"taxonomy":"post_tag","embeddable":true,"href":"https:\/\/yeniterter.az\/index.php?rest_route=%2Fwp%2Fv2%2Ftags&post=6633"}],"curies":[{"name":"wp","href":"https:\/\/api.w.org\/{rel}","templated":true}]}}