{"id":6631,"date":"2017-05-30T14:47:39","date_gmt":"2017-05-30T11:47:39","guid":{"rendered":"http:\/\/www.yeniterter.az\/?p=6631"},"modified":"2017-05-30T14:47:39","modified_gmt":"2017-05-30T11:47:39","slug":"15-iyun-milli-qurtulus","status":"publish","type":"post","link":"https:\/\/yeniterter.az\/?p=6631","title":{"rendered":"15 \u0130YUN M\u0130LL\u0130 QURTULU\u015e"},"content":{"rendered":"<p><strong>TAR\u0130X\u018f QIZIL H\u018fRFL\u018fRL\u018f YAZILAN G\u00dcN<\/strong><\/p>\n<p><img decoding=\"async\" loading=\"lazy\" class=\" wp-image-6610 alignleft\" src=\"http:\/\/www.yeniterter.az\/wp-content\/uploads\/heyder7_r-300x191.jpg\" alt=\"heyder7_r\" width=\"192\" height=\"122\" srcset=\"https:\/\/yeniterter.az\/wp-content\/uploads\/heyder7_r-300x191.jpg 300w, https:\/\/yeniterter.az\/wp-content\/uploads\/heyder7_r-768x490.jpg 768w, https:\/\/yeniterter.az\/wp-content\/uploads\/heyder7_r-1024x653.jpg 1024w, https:\/\/yeniterter.az\/wp-content\/uploads\/heyder7_r.jpg 1250w\" sizes=\"(max-width: 192px) 100vw, 192px\" \/>Az\u0259rbaycan xalq\u0131n\u0131n taleyind\u0259 b\u00f6y\u00fck \u0259h\u0259miyy\u0259t da\u015f\u0131yan el\u0259 g\u00fcnl\u0259r vard\u0131r ki, h\u0259min g\u00fcnl\u0259rd\u0259 onun g\u0259l\u0259c\u0259k h\u0259yat\u0131n\u0131 m\u00fc\u0259yy\u0259n ed\u0259n b\u00f6y\u00fck ba\u015flan\u011f\u0131clar\u0131n \u0259sas\u0131 qoyulub. M\u00fcxt\u0259lif tarixi hadis\u0259l\u0259rl\u0259 \u0259lam\u0259tdar olan bel\u0259 g\u00fcnl\u0259rd\u0259n \u0259n \u00f6n\u0259mlisi 1993-c\u00fc ilin 15 iyun g\u00fcn\u00fcd\u00fcr. Tariximiz\u0259 Milli Qurtulu\u015f G\u00fcn\u00fc kimi daxil olmu\u015f bu g\u00fcn onu qiym\u0259tl\u0259ndir\u0259nl\u0259r, d\u0259rind\u0259n d\u0259rk ed\u0259nl\u0259r \u00fc\u00e7\u00fcn \u00e7ox \u0259zizdir. Milli Qurtulu\u015f g\u00fcn\u00fc sad\u0259c\u0259 t\u0259qvim bayram\u0131 deyil, b\u00f6y\u00fck ictimai, siyasi v\u0259 tarixi \u0259h\u0259miyy\u0259t\u0259 malik olan bir g\u00fcnd\u00fcr.<br \/>\nV\u0259t\u0259nini, xalq\u0131n\u0131, mill\u0259tini sev\u0259n, h\u0259min \u00e7\u0259tin, a\u011fr\u0131l\u0131 g\u00fcnl\u0259rin d\u0259h\u015f\u0259tl\u0259rini ya\u015fayan, hadis\u0259l\u0259ri g\u00f6zl\u0259ri il\u0259 g\u00f6r\u0259n insanlar \u00fc\u00e7\u00fcn 15 iyun \u0259sl qurtulu\u015f tarixidir. Az\u0259rbaycan xalq\u0131n\u0131n \u00f6l\u00fcm-dirim m\u00fcbariz\u0259sinin tarixidir.<br \/>\n1993-c\u00fc ilin 15 iyununda Az\u0259rbaycan xalq\u0131n\u0131n bir mill\u0259t, Az\u0259rbaycan Respublikas\u0131n\u0131n is\u0259 bir d\u00f6vl\u0259t kimi ya\u015famas\u0131 sual alt\u0131nda idi.<!--more--><br \/>\nBildiyimiz kimi, m\u00fcst\u0259qilliyimizin ilk ill\u0259ri Az\u0259rbaycan xalq\u0131 \u00fc\u00e7\u00fcn \u00e7ox a\u011f\u0131r d\u00f6vr olub. Tale el\u0259 g\u0259tirib ki, 1991-1993-c\u00fc ill\u0259r m\u00fcst\u0259qilliyimizin ilk ill\u0259rin\u0259 t\u0259sad\u00fcf edir. B\u00fct\u00fcn bunlar is\u0259 h\u0259min d\u00f6vrl\u0259rd\u0259 yeni yarad\u0131lm\u0131\u015f m\u00fcst\u0259qil d\u00f6vl\u0259t\u0259 liderlik x\u00fcsusiyy\u0259tl\u0259rin\u0259 malik olmayan, siyasi hadis\u0259l\u0259r\u0259 qiym\u0259t verm\u0259k, adi v\u0259ziyy\u0259td\u0259n bel\u0259 \u00e7\u0131x\u0131\u015f yolu tapma\u011fa qadir olmayan \u015f\u0259xsl\u0259rin r\u0259hb\u0259rlik etm\u0259si il\u0259 \u0259laq\u0259dar olaraq ba\u015f verirdi.<br \/>\nBel\u0259 v\u0259ziyy\u0259td\u0259 is\u0259, y\u0259ni 1993-c\u00fc ild\u0259, \u00f6lk\u0259d\u0259 siyasi b\u00f6hran yarand\u0131\u011f\u0131 vaxt, Az\u0259rbaycan\u0131 bu v\u0259ziyy\u0259td\u0259n \u00e7\u0131xara bil\u0259c\u0259k bir r\u0259hb\u0259r g\u0259r\u0259k idi. Bu zaman xalq\u0131n g\u00f6z\u00fc Nax\u00e7\u0131vana dikildi. Xalq yegan\u0259 \u00fcmid yeri olan Heyd\u0259r \u018fliyevin hakimiyy\u0259t\u0259 g\u0259lm\u0259sini ist\u0259yirdi. Bel\u0259likl\u0259, Heyd\u0259r \u018fliyev \u00f6z xalq\u0131na arxalanaraq hakimiyy\u0259t\u0259 g\u0259ldi. Ulu \u00d6nd\u0259rin hakimiyy\u0259t\u0259 qay\u0131d\u0131\u015f\u0131ndan sonra \u00f6lk\u0259 rahat n\u0259f\u0259s ald\u0131. O, \u00f6lk\u0259d\u0259 yaranm\u0131\u015f xaosa v\u0259 \u00f6zba\u015f\u0131nal\u0131\u011fa son qoydu.<br \/>\n1993-c\u00fc il 15 iyun Milli Qurtulu\u015f G\u00fcn\u00fc \u00f6lk\u0259mizin tarixin\u0259 q\u0131z\u0131l h\u0259rfl\u0259rl\u0259 yaz\u0131lm\u0131\u015f bir g\u00fcnd\u00fcr.<\/p>\n<p style=\"text-align: right;\"><strong><em>\u00dclviyy\u0259 \u0130smay\u0131ll\u0131,<\/em><\/strong><br \/>\n<strong><em> 2 sayl\u0131 m\u0259kt\u0259b-liseyin 10-cu <\/em><\/strong><br \/>\n<strong><em> sinif \u015fagirdi<\/em><\/strong><\/p>\n","protected":false},"excerpt":{"rendered":"<p>TAR\u0130X\u018f QIZIL H\u018fRFL\u018fRL\u018f YAZILAN G\u00dcN Az\u0259rbaycan xalq\u0131n\u0131n taleyind\u0259 b\u00f6y\u00fck \u0259h\u0259miyy\u0259t da\u015f\u0131yan el\u0259 g\u00fcnl\u0259r vard\u0131r ki, h\u0259min g\u00fcnl\u0259rd\u0259 onun g\u0259l\u0259c\u0259k h\u0259yat\u0131n\u0131 m\u00fc\u0259yy\u0259n ed\u0259n b\u00f6y\u00fck ba\u015flan\u011f\u0131clar\u0131n \u0259sas\u0131 qoyulub. M\u00fcxt\u0259lif tarixi hadis\u0259l\u0259rl\u0259 \u0259lam\u0259tdar olan bel\u0259 g\u00fcnl\u0259rd\u0259n \u0259n \u00f6n\u0259mlisi 1993-c\u00fc ilin 15 iyun g\u00fcn\u00fcd\u00fcr. Tariximiz\u0259 Milli Qurtulu\u015f G\u00fcn\u00fc kimi daxil olmu\u015f bu g\u00fcn onu qiym\u0259tl\u0259ndir\u0259nl\u0259r, d\u0259rind\u0259n d\u0259rk ed\u0259nl\u0259r \u00fc\u00e7\u00fcn [&hellip;]<\/p>\n","protected":false},"author":2,"featured_media":0,"comment_status":"closed","ping_status":"closed","sticky":false,"template":"","format":"standard","meta":[],"categories":[10],"tags":[20],"_links":{"self":[{"href":"https:\/\/yeniterter.az\/index.php?rest_route=\/wp\/v2\/posts\/6631"}],"collection":[{"href":"https:\/\/yeniterter.az\/index.php?rest_route=\/wp\/v2\/posts"}],"about":[{"href":"https:\/\/yeniterter.az\/index.php?rest_route=\/wp\/v2\/types\/post"}],"author":[{"embeddable":true,"href":"https:\/\/yeniterter.az\/index.php?rest_route=\/wp\/v2\/users\/2"}],"replies":[{"embeddable":true,"href":"https:\/\/yeniterter.az\/index.php?rest_route=%2Fwp%2Fv2%2Fcomments&post=6631"}],"version-history":[{"count":0,"href":"https:\/\/yeniterter.az\/index.php?rest_route=\/wp\/v2\/posts\/6631\/revisions"}],"wp:attachment":[{"href":"https:\/\/yeniterter.az\/index.php?rest_route=%2Fwp%2Fv2%2Fmedia&parent=6631"}],"wp:term":[{"taxonomy":"category","embeddable":true,"href":"https:\/\/yeniterter.az\/index.php?rest_route=%2Fwp%2Fv2%2Fcategories&post=6631"},{"taxonomy":"post_tag","embeddable":true,"href":"https:\/\/yeniterter.az\/index.php?rest_route=%2Fwp%2Fv2%2Ftags&post=6631"}],"curies":[{"name":"wp","href":"https:\/\/api.w.org\/{rel}","templated":true}]}}