{"id":6522,"date":"2017-05-19T10:51:11","date_gmt":"2017-05-19T07:51:11","guid":{"rendered":"http:\/\/www.yeniterter.az\/?p=6522"},"modified":"2017-05-19T10:51:55","modified_gmt":"2017-05-19T07:51:55","slug":"28-may-respublika-gunudur","status":"publish","type":"post","link":"https:\/\/yeniterter.az\/?p=6522","title":{"rendered":"28 May Respublika G\u00fcn\u00fcd\u00fcr"},"content":{"rendered":"<p><strong>\u015e\u018fRQD\u018f \u0130LK DEMOKRAT\u0130K D\u00d6VL\u018fT<\/strong><\/p>\n<p><img decoding=\"async\" loading=\"lazy\" class=\" wp-image-6523 alignleft\" src=\"http:\/\/www.yeniterter.az\/wp-content\/uploads\/300px-Azerbaijan_Map_ADRandAR_Az-300x298.jpg\" alt=\"300px-Azerbaijan_Map_ADRandAR_Az\" width=\"140\" height=\"139\" srcset=\"https:\/\/yeniterter.az\/wp-content\/uploads\/300px-Azerbaijan_Map_ADRandAR_Az.jpg 300w, https:\/\/yeniterter.az\/wp-content\/uploads\/300px-Azerbaijan_Map_ADRandAR_Az-150x150.jpg 150w\" sizes=\"(max-width: 140px) 100vw, 140px\" \/>Bu tarixi g\u00fcn Az\u0259rbaycan xalq\u0131n\u0131n h\u0259yat\u0131na b\u00f6y\u00fck v\u0259 \u0259lam\u0259tdar hadis\u0259 kimi daxil olub. \u015e\u0259rqd\u0259 ilk demokratik d\u00f6vl\u0259t qurulu\u015funu yaratm\u0131\u015f Az\u0259rbaycan Xalq C\u00fcmhuriyy\u0259ti istiqlaliyy\u0259timizi elan ed\u0259r\u0259k xalq\u0131m\u0131z\u0131n m\u00fcst\u0259qillik \u0259zmini n\u00fcmayi\u015f etdirib.<br \/>\nM\u00fcs\u0259lman \u015e\u0259rqind\u0259 ilk demokratik respublika olan Az\u0259rbaycan Xalq C\u00fcmhuriyy\u0259ti \u00f6lk\u0259mizin \u00e7ox\u0259srlik sosial-iqtisadi, ictimai-siyasi v\u0259 m\u0259d\u0259ni inki\u015faf\u0131n\u0131n, xalq\u0131m\u0131z\u0131n milli oyan\u0131\u015f\u0131 v\u0259 dir\u00e7\u0259li\u015fi prosesl\u0259rinin m\u0259ntiqi n\u0259tic\u0259si kimi meydana \u00e7\u0131x\u0131b.<br \/>\nAz\u0259rbaycan Xalq C\u00fcmhuriyy\u0259ti x\u00fcsus\u0259n t\u0259hsilin, m\u0259d\u0259niyy\u0259tin, \u0259d\u0259biyyat v\u0259 inc\u0259s\u0259n\u0259tin inki\u015faf\u0131 sah\u0259sind\u0259 f\u0259aliyy\u0259ti il\u0259 yadda qal\u0131b. Bu h\u00f6kum\u0259t c\u0259mi 23 ay ya\u015fasa da, xalq\u0131n xeyrin\u0259 olan \u00e7ox \u015feyi miras qoydu. Xalq\u0131m\u0131z yeni tarixi \u015f\u0259raitd\u0259 \u00f6z d\u00f6vl\u0259t m\u00fcst\u0259qilliyini b\u0259rpa etdikd\u0259n sonra \u00dcmummilli Liderimiz Heyd\u0259r \u018fliyevin r\u0259hb\u0259rliyi alt\u0131nda Xalq C\u00fcmhuriyy\u0259tinin \u0259n\u0259n\u0259l\u0259rini \u0259sas tutaraq, m\u00fcst\u0259qil Az\u0259rbaycan d\u00f6vl\u0259tini yaratd\u0131. <!--more-->Lakin ikinci d\u0259f\u0259 azadl\u0131\u011f\u0131n\u0131 \u0259ld\u0259 etmi\u015f Az\u0259rbaycan Respublikas\u0131 Az\u0259rbaycan Xalq C\u00fcmhuriyy\u0259tind\u0259n f\u0259rqli olaraq, m\u00fcr\u0259kk\u0259b v\u0259ziyy\u0259td\u0259 \u00f6z m\u00fcst\u0259qilliyini v\u0259 suverenliyini qoruma\u011f\u0131 v\u0259 m\u00f6hk\u0259ml\u0259ndirm\u0259yi bacard\u0131, d\u00f6vl\u0259t\u00e7iliyin qorunmas\u0131 \u00fc\u00e7\u00fcn q\u0259tiyy\u0259tli t\u0259dbirl\u0259r g\u00f6r\u00fcld\u00fc, \u00f6lk\u0259d\u0259 davaml\u0131 ictimai-siyasi sabitlik b\u0259rpa edildi. Bu g\u00fcn Prezidentimiz c\u0259nab \u0130lham \u018fliyevin r\u0259hb\u0259rliyi alt\u0131nda Az\u0259rbaycan Respublikas\u0131nda demokratik, h\u00fcquqi, d\u00fcny\u0259vi d\u00f6vl\u0259t, v\u0259t\u0259nda\u015f c\u0259miyy\u0259ti quruculu\u011fu prosesi u\u011furla davam etdirilir. Bu sah\u0259d\u0259 qazan\u0131lm\u0131\u015f nailiyy\u0259tl\u0259r q\u00fcrur do\u011furur. Respublikam\u0131zda siyasi, iqtisadi v\u0259 sosial islahatlar u\u011furla h\u0259yata ke\u00e7irilir, \u00f6lk\u0259 iqtisadiyyat\u0131 d\u00f6nm\u0259d\u0259n inki\u015faf etdirilir, \u0259halinin sosial m\u00fcdafi\u0259sinin g\u00fccl\u0259ndirilm\u0259si \u00fc\u00e7\u00fcn t\u0259sirli t\u0259dbirl\u0259r g\u00f6r\u00fcl\u00fcr.<br \/>\nBiz bu g\u00fcn d\u0259 Az\u0259rbaycan Xalq C\u00fcmhuriyy\u0259tinin tarixini, onun g\u00f6rk\u0259mli \u015f\u0259xsiyy\u0259tl\u0259rinin f\u0259aliyy\u0259tini d\u0259rind\u0259n \u00f6yr\u0259nm\u0259li, ideyalar\u0131n\u0131 t\u0259bli\u011f etm\u0259li, t\u0259cr\u00fcb\u0259sind\u0259n b\u0259hr\u0259l\u0259nm\u0259liyik. C\u00fcmhuriyy\u0259tin tarixi t\u0259cr\u00fcb\u0259si g\u00f6st\u0259rir ki, d\u00f6vl\u0259t m\u00fcst\u0259qilliyini v\u0259 suverenliyi \u0259ld\u0259 etm\u0259k kifay\u0259t deyil, h\u0259m d\u0259 onu b\u00fct\u00fcn vasit\u0259l\u0259rl\u0259 qorumaq v\u0259 m\u00f6hk\u0259ml\u0259ndirm\u0259k laz\u0131md\u0131r.<\/p>\n<p style=\"text-align: right;\"><em><strong>C\u0259mil\u0259 A\u011fayeva,<\/strong><\/em><br \/>\n<em><strong>\u015e\u0259h\u0259r 3 sayl\u0131 \u00fcmumi orta m\u0259kt\u0259bin dil-\u0259d\u0259biyyat m\u00fc\u0259llimi<\/strong><\/em><\/p>\n","protected":false},"excerpt":{"rendered":"<p>\u015e\u018fRQD\u018f \u0130LK DEMOKRAT\u0130K D\u00d6VL\u018fT Bu tarixi g\u00fcn Az\u0259rbaycan xalq\u0131n\u0131n h\u0259yat\u0131na b\u00f6y\u00fck v\u0259 \u0259lam\u0259tdar hadis\u0259 kimi daxil olub. \u015e\u0259rqd\u0259 ilk demokratik d\u00f6vl\u0259t qurulu\u015funu yaratm\u0131\u015f Az\u0259rbaycan Xalq C\u00fcmhuriyy\u0259ti istiqlaliyy\u0259timizi elan ed\u0259r\u0259k xalq\u0131m\u0131z\u0131n m\u00fcst\u0259qillik \u0259zmini n\u00fcmayi\u015f etdirib. M\u00fcs\u0259lman \u015e\u0259rqind\u0259 ilk demokratik respublika olan Az\u0259rbaycan Xalq C\u00fcmhuriyy\u0259ti \u00f6lk\u0259mizin \u00e7ox\u0259srlik sosial-iqtisadi, ictimai-siyasi v\u0259 m\u0259d\u0259ni inki\u015faf\u0131n\u0131n, xalq\u0131m\u0131z\u0131n milli oyan\u0131\u015f\u0131 v\u0259 dir\u00e7\u0259li\u015fi [&hellip;]<\/p>\n","protected":false},"author":2,"featured_media":0,"comment_status":"closed","ping_status":"closed","sticky":false,"template":"","format":"standard","meta":[],"categories":[10],"tags":[20],"_links":{"self":[{"href":"https:\/\/yeniterter.az\/index.php?rest_route=\/wp\/v2\/posts\/6522"}],"collection":[{"href":"https:\/\/yeniterter.az\/index.php?rest_route=\/wp\/v2\/posts"}],"about":[{"href":"https:\/\/yeniterter.az\/index.php?rest_route=\/wp\/v2\/types\/post"}],"author":[{"embeddable":true,"href":"https:\/\/yeniterter.az\/index.php?rest_route=\/wp\/v2\/users\/2"}],"replies":[{"embeddable":true,"href":"https:\/\/yeniterter.az\/index.php?rest_route=%2Fwp%2Fv2%2Fcomments&post=6522"}],"version-history":[{"count":0,"href":"https:\/\/yeniterter.az\/index.php?rest_route=\/wp\/v2\/posts\/6522\/revisions"}],"wp:attachment":[{"href":"https:\/\/yeniterter.az\/index.php?rest_route=%2Fwp%2Fv2%2Fmedia&parent=6522"}],"wp:term":[{"taxonomy":"category","embeddable":true,"href":"https:\/\/yeniterter.az\/index.php?rest_route=%2Fwp%2Fv2%2Fcategories&post=6522"},{"taxonomy":"post_tag","embeddable":true,"href":"https:\/\/yeniterter.az\/index.php?rest_route=%2Fwp%2Fv2%2Ftags&post=6522"}],"curies":[{"name":"wp","href":"https:\/\/api.w.org\/{rel}","templated":true}]}}