{"id":6419,"date":"2017-05-10T10:11:04","date_gmt":"2017-05-10T07:11:04","guid":{"rendered":"http:\/\/www.yeniterter.az\/?p=6419"},"modified":"2017-05-10T10:11:04","modified_gmt":"2017-05-10T07:11:04","slug":"s%c9%99hid-ail%c9%99l%c9%99rin%c9%99-qaygi","status":"publish","type":"post","link":"https:\/\/yeniterter.az\/?p=6419","title":{"rendered":"\u015e\u018fH\u0130D A\u0130L\u018fL\u018fR\u0130N\u018f QAY\u011eI"},"content":{"rendered":"<p><img decoding=\"async\" loading=\"lazy\" class=\" wp-image-6420 alignleft\" src=\"http:\/\/www.yeniterter.az\/wp-content\/uploads\/DSC_0590-200x300.jpg\" alt=\"DSC_0590\" width=\"97\" height=\"146\" srcset=\"https:\/\/yeniterter.az\/wp-content\/uploads\/DSC_0590-200x300.jpg 200w, https:\/\/yeniterter.az\/wp-content\/uploads\/DSC_0590-768x1152.jpg 768w, https:\/\/yeniterter.az\/wp-content\/uploads\/DSC_0590-683x1024.jpg 683w, https:\/\/yeniterter.az\/wp-content\/uploads\/DSC_0590.jpg 800w\" sizes=\"(max-width: 97px) 100vw, 97px\" \/>Torpaqlar\u0131m\u0131z\u0131n b\u00fct\u00f6vl\u00fcy\u00fc u\u011frunda canlar\u0131ndan ke\u00e7ib \u015f\u0259hidlik zirv\u0259sin\u0259 ucalan v\u0259t\u0259n o\u011fullar\u0131ndan biri d\u0259 \u015f\u0259kild\u0259 g\u00f6rd\u00fcy\u00fcn\u00fcz Abbasov Maarif \u0130brahim o\u011fludur. O, 1967-ci il yanvar\u0131n 5-d\u0259 T\u0259rt\u0259r rayonunun Qarada\u011fl\u0131 k\u0259ndind\u0259 anadan olub. Orta t\u0259hsilini do\u011fuldu\u011fu k\u0259ndd\u0259 ba\u015fa vurandan sonra h\u0259rbi xidm\u0259td\u0259 olub. Bir m\u00fcdd\u0259t T\u0259rt\u0259r Rayon Texniki T\u0259chizat \u0130dar\u0259sind\u0259 i\u015fl\u0259yib. 1993-c\u00fc ilin noyabr ay\u0131nda Az\u0259rbaycan\u0131n ordu s\u0131ralar\u0131na yaz\u0131laraq \u0259razid\u0259ki h\u0259rbi hiss\u0259d\u0259 do\u011fma torpaqlar\u0131m\u0131z\u0131n m\u00fcdafi\u0259sin\u0259 qalxd\u0131. A\u011fd\u0259r\u0259 istiqam\u0259tind\u0259 ged\u0259n d\u00f6y\u00fc\u015fl\u0259rd\u0259, 1994-c\u00fc ild\u0259 G\u00fcll\u00fcc\u0259 k\u0259ndind\u0259 \u015f\u0259hid oldu.<br \/>\nBunlar\u0131 m\u0259n\u0259 Maarifin qarda\u015f\u0131 Mobil dan\u0131\u015fd\u0131. Qeyd etdi ki, qarda\u015f\u0131 Maarif 1992-ci ild\u0259 ail\u0259 qurmu\u015fdu. Arif adl\u0131 bir o\u011flu var.<br \/>\nMobil deyir ki, m\u0259n d\u0259 Maarifl\u0259 birg\u0259 erm\u0259nil\u0259r\u0259 qar\u015f\u0131 d\u00f6y\u00fc\u015fm\u00fc\u015f\u0259m. 1993-c\u00fc ild\u0259n 1995-ci ilin sonuna kimi h\u0259rbid\u0259 olmu\u015fam. <!--more--><br \/>\nQarda\u015f\u0131 Mobil onu da qeyd etdi ki, sa\u011f olsun \u00f6lk\u0259 ba\u015f\u00e7\u0131s\u0131 \u0130lham \u018fliyevi. Torpaqlar\u0131m\u0131z u\u011frunda \u015f\u0259hid olan v\u0259t\u0259n o\u011fullar\u0131n\u0131n ail\u0259l\u0259rin\u0259 qay\u011f\u0131n\u0131 daim diqq\u0259t m\u0259rk\u0259zind\u0259 saxlay\u0131r.<br \/>\n2015-ci ild\u0259 T\u0259rt\u0259r rayonunun \u015f\u0259hid ail\u0259l\u0259ri v\u0259 \u0259lill\u0259r \u00fc\u00e7\u00fcn in\u015fa olunan 54 m\u0259nzilli binada Maarifin ail\u0259sin\u0259 h\u0259r c\u00fcr \u015f\u0259raiti olan 2 otaql\u0131 m\u0259nzil verilib.<\/p>\n<p style=\"text-align: right;\"><strong><em>Mirz\u0259 N\u0259sir<\/em><\/strong><\/p>\n","protected":false},"excerpt":{"rendered":"<p>Torpaqlar\u0131m\u0131z\u0131n b\u00fct\u00f6vl\u00fcy\u00fc u\u011frunda canlar\u0131ndan ke\u00e7ib \u015f\u0259hidlik zirv\u0259sin\u0259 ucalan v\u0259t\u0259n o\u011fullar\u0131ndan biri d\u0259 \u015f\u0259kild\u0259 g\u00f6rd\u00fcy\u00fcn\u00fcz Abbasov Maarif \u0130brahim o\u011fludur. O, 1967-ci il yanvar\u0131n 5-d\u0259 T\u0259rt\u0259r rayonunun Qarada\u011fl\u0131 k\u0259ndind\u0259 anadan olub. Orta t\u0259hsilini do\u011fuldu\u011fu k\u0259ndd\u0259 ba\u015fa vurandan sonra h\u0259rbi xidm\u0259td\u0259 olub. Bir m\u00fcdd\u0259t T\u0259rt\u0259r Rayon Texniki T\u0259chizat \u0130dar\u0259sind\u0259 i\u015fl\u0259yib. 1993-c\u00fc ilin noyabr ay\u0131nda Az\u0259rbaycan\u0131n ordu s\u0131ralar\u0131na yaz\u0131laraq [&hellip;]<\/p>\n","protected":false},"author":2,"featured_media":0,"comment_status":"closed","ping_status":"closed","sticky":false,"template":"","format":"standard","meta":[],"categories":[10],"tags":[20],"_links":{"self":[{"href":"https:\/\/yeniterter.az\/index.php?rest_route=\/wp\/v2\/posts\/6419"}],"collection":[{"href":"https:\/\/yeniterter.az\/index.php?rest_route=\/wp\/v2\/posts"}],"about":[{"href":"https:\/\/yeniterter.az\/index.php?rest_route=\/wp\/v2\/types\/post"}],"author":[{"embeddable":true,"href":"https:\/\/yeniterter.az\/index.php?rest_route=\/wp\/v2\/users\/2"}],"replies":[{"embeddable":true,"href":"https:\/\/yeniterter.az\/index.php?rest_route=%2Fwp%2Fv2%2Fcomments&post=6419"}],"version-history":[{"count":0,"href":"https:\/\/yeniterter.az\/index.php?rest_route=\/wp\/v2\/posts\/6419\/revisions"}],"wp:attachment":[{"href":"https:\/\/yeniterter.az\/index.php?rest_route=%2Fwp%2Fv2%2Fmedia&parent=6419"}],"wp:term":[{"taxonomy":"category","embeddable":true,"href":"https:\/\/yeniterter.az\/index.php?rest_route=%2Fwp%2Fv2%2Fcategories&post=6419"},{"taxonomy":"post_tag","embeddable":true,"href":"https:\/\/yeniterter.az\/index.php?rest_route=%2Fwp%2Fv2%2Ftags&post=6419"}],"curies":[{"name":"wp","href":"https:\/\/api.w.org\/{rel}","templated":true}]}}