{"id":6411,"date":"2017-04-27T15:10:51","date_gmt":"2017-04-27T12:10:51","guid":{"rendered":"http:\/\/www.yeniterter.az\/?p=6411"},"modified":"2017-04-27T15:10:51","modified_gmt":"2017-04-27T12:10:51","slug":"heyd%c9%99r-%c9%99liyev-94","status":"publish","type":"post","link":"https:\/\/yeniterter.az\/?p=6411","title":{"rendered":"Heyd\u0259r \u018fliyev-94"},"content":{"rendered":"<p><strong>XALQIMIZIN M\u0130LL\u0130 \u0130FT\u0130XARI<\/strong><\/p>\n<p><img decoding=\"async\" loading=\"lazy\" class=\" wp-image-6381 alignleft\" src=\"http:\/\/www.yeniterter.az\/wp-content\/uploads\/c86e7-heydar-300x191.jpg\" alt=\"c86e7-heydar\" width=\"233\" height=\"148\" srcset=\"https:\/\/yeniterter.az\/wp-content\/uploads\/c86e7-heydar-300x191.jpg 300w, https:\/\/yeniterter.az\/wp-content\/uploads\/c86e7-heydar-768x489.jpg 768w, https:\/\/yeniterter.az\/wp-content\/uploads\/c86e7-heydar-1024x653.jpg 1024w, https:\/\/yeniterter.az\/wp-content\/uploads\/c86e7-heydar.jpg 1500w\" sizes=\"(max-width: 233px) 100vw, 233px\" \/>Az\u0259rbaycan Respublikas\u0131n\u0131n \u00dcmummilli Lideri, b\u00fct\u00fcn d\u00fcnya t\u00fcrkl\u0259rinin \u0259v\u0259zsiz \u015f\u0259xsiyy\u0259tl\u0259rind\u0259n biri, XX \u0259sr d\u00fcnya siyas\u0259tind\u0259 x\u00fcsusi yeri olan, Az\u0259rbaycan d\u00f6vl\u0259tinin yarad\u0131c\u0131s\u0131, m\u00fcdrik siyas\u0259t\u00e7i v\u0259 m\u00fcdrik insan Heyd\u0259r \u018flirza o\u011flu \u018fliyevin 94 ya\u015f\u0131 tamam olur.<br \/>\nHeyd\u0259r \u018flirza o\u011flu \u018fliyev 1923-cu il may ay\u0131n\u0131n 10-da Az\u0259rbaycan\u0131n Nax\u00e7\u0131van \u015f\u0259h\u0259rind\u0259 anadan olub.<br \/>\nO, 1939-cu ild\u0259 Nax\u00e7\u0131van Pedaqoji Texnikumunu bitirdikd\u0259n sonra Az\u0259rbaycan S\u0259naye \u0130nstitutunun (indiki Az\u0259rbaycan D\u00f6vl\u0259t Neft Akademiyas\u0131) memarl\u0131q fak\u00fclt\u0259sind\u0259 t\u0259hsil al\u0131b, lakin ba\u015flanan m\u00fcharib\u0259 ona t\u0259hsilini ba\u015fa \u00e7atd\u0131rma\u011fa imkan verm\u0259yib.<br \/>\n1941-ci ild\u0259n Heyd\u0259r \u018fliyev Nax\u00e7\u0131van MSSR Xalq Daxili \u0130\u015fl\u0259r Komissarl\u0131\u011f\u0131nda v\u0259 Nax\u00e7\u0131van MSSR Xalq Komissarlar\u0131 Sovetind\u0259 \u015f\u00f6b\u0259 m\u00fcdiri v\u0259zif\u0259sind\u0259 i\u015fl\u0259yib v\u0259 1944-c\u00fc ild\u0259 d\u00f6vl\u0259t t\u0259hl\u00fck\u0259sizliyi orqanlar\u0131na i\u015f\u0259 g\u00f6nd\u0259rilib. D\u00f6vl\u0259t t\u0259hl\u00fck\u0259sizlik orqanlar\u0131 sistemind\u0259 \u00e7al\u0131\u015fan Heyd\u0259r \u018fliyev 1964-c\u00fc ild\u0259 Az\u0259rbaycan SSR Nazirl\u0259r Soveti yan\u0131nda Dovl\u0259t T\u0259hl\u00fck\u0259sizliyi Komit\u0259sinin s\u0259dr m\u00fcavini, birinci m\u00fcavini, 1967-ci ild\u0259n is\u0259 s\u0259dri v\u0259zif\u0259sind\u0259 i\u015fl\u0259yib, general-mayor r\u00fctb\u0259sin\u0259 q\u0259d\u0259r y\u00fcks\u0259lib. H\u0259min ill\u0259rd\u0259 o, Leninqradda (indiki Sank-Peter-burq) x\u00fcsusi ali t\u0259hsil al\u0131b, 1957-ci ild\u0259 is\u0259 Az\u0259rbaycan D\u00f6vl\u0259t Universitetinin tarix fak\u00fclt\u0259sini bitirib.<!--more--><br \/>\nAz\u0259rbaycan Kommunist Partiyas\u0131 M\u0259rk\u0259zi Komit\u0259sinin 1969-cu il iyul plenumunda Heyd\u0259r \u018fliyev Az\u0259rbay- can Kommunist Partiyas\u0131 M\u0259rk\u0259zi Komit\u0259sinin birinci katibi se\u00e7il\u0259r\u0259k respublikan\u0131n r\u0259hb\u0259ri olub.<br \/>\n1982-ci ilin dekabr\u0131nda Sovet \u0130ttifaq\u0131 Kommunist Partiyas\u0131 M\u0259rk\u0259zi Komit\u0259si Siyasi B\u00fcrosunun \u00fczv\u00fc se\u00e7il\u0259n Heyd\u0259r \u018fliyev SSR\u0130 Nazirl\u0259r Soveti s\u0259drinin birinci m\u00fcavini v\u0259zif\u0259sin\u0259 t\u0259yin edilib v\u0259 SSR\u0130-nin r\u0259hb\u0259rl\u0259rind\u0259n biri olub.<br \/>\nHeyd\u0259r \u018fliyev iyirmi il \u0259rzind\u0259 SSR\u0130 Ali Sovetinin deputat\u0131, be\u015f il is\u0259 SSR\u0130 Ali Soveti s\u0259drinin m\u00fcavini kimi f\u0259aliyy\u0259t g\u00f6st\u0259rib. G\u00f6rk\u0259mli d\u00f6vl\u0259t xadimi 1987-ci ilin oktyabr\u0131nda Sovet \u0130ttifaq\u0131 Kommunist Partiyas\u0131 M\u0259rk\u0259zi Komit\u0259si Siyasi B\u00fcrosunun v\u0259 \u015f\u0259xs\u0259n ba\u015f katib Mixail Qorba\u00e7ovun yeritdiyi siyasi x\u0259tt\u0259 etiraz \u0259lam\u0259ti olaraq, tutdu\u011fu v\u0259zif\u0259l\u0259rd\u0259n istefa verib.<br \/>\nO,1990-c\u0131 ilin 20 yanvar\u0131nda sovet qo\u015funlar\u0131n\u0131n Bak\u0131da t\u00f6r\u0259tdiyi qanl\u0131 faci\u0259 il\u0259 \u0259laq\u0259dar, ert\u0259si g\u00fcn Az\u0259rbaycan\u0131n Moskvadak\u0131 n\u00fcmay\u0259nd\u0259liyind\u0259 b\u0259yanatla \u00e7\u0131x\u0131\u015f ed\u0259r\u0259k, Az\u0259rbaycan xalq\u0131na qar\u015f\u0131 t\u00f6r\u0259dilmi\u015f cinay\u0259tin t\u0259\u015fkilat\u00e7\u0131lar\u0131 v\u0259 icra\u00e7\u0131lar\u0131n\u0131n c\u0259zaland\u0131r\u0131lmas\u0131n\u0131 t\u0259l\u0259b edib. O, Da\u011fl\u0131q Qaraba\u011fda yaranm\u0131\u015f k\u0259skin m\u00fcnaqi\u015f\u0259li v\u0259ziyy\u0259tl\u0259 ba\u011fl\u0131 SSR\u0130 r\u0259hb\u0259rliyinin iki\u00fczl\u00fc siyas\u0259tin\u0259 etiraz \u0259lam\u0259ti olaraq, 1991-ci ilin iyulunda Sovet \u0130ttifaq\u0131 Kommunist Partiyas\u0131n\u0131n s\u0131ralar\u0131n\u0131 t\u0259rk edib.<br \/>\n1990-c\u0131 ilin iyulunda Az\u0259rbaycana qay\u0131dan Heyd\u0259r \u018fliyev \u0259vv\u0259lc\u0259 Bak\u0131da, sonra is\u0259 Nax\u00e7\u0131vanda ya\u015fay\u0131b, h\u0259-min ild\u0259 d\u0259 Az\u0259rbaycan Ali Sovetin\u0259 deputat se\u00e7ilib.<br \/>\n1991-1993-cu ill\u0259rd\u0259 Nax\u00e7\u0131van Muxtar Respublikas\u0131n\u0131n Ali M\u0259clisinin s\u0259dri, Az\u0259rbaycan Respublikas\u0131 Ali Soveti s\u0259drinin m\u00fcavini olub.<br \/>\nHeyd\u0259r \u018fliyev 1992-ci ild\u0259 Yeni Az\u0259rbaycan Partiyas\u0131n\u0131n Nax\u00e7\u0131van \u015f\u0259h\u0259rind\u0259 ke\u00e7irilmi\u015f t\u0259sis qurultay\u0131nda partiyan\u0131n s\u0259dri se\u00e7ilib.<br \/>\n1993-cu ilin mayiyun aylar\u0131nda h\u00f6kum\u0259t b\u00f6hran\u0131n\u0131n son d\u0259r\u0259c\u0259 k\u0259skinl\u0259\u015fm\u0259si il\u0259 \u00f6lk\u0259d\u0259 v\u0259t\u0259nda\u015f m\u00fcharib\u0259sinin ba\u015f verm\u0259si v\u0259 must\u0259qilliyin itirilm\u0259si t\u0259hl\u00fck\u0259si yarand\u0131qda, Az\u0259rbaycan xalq\u0131 Heyd\u0259r \u018fliyevin hakimiyy\u0259t\u0259 g\u0259tirilm\u0259si t\u0259l\u0259bi il\u0259 aya\u011fa qalxd\u0131. Az\u0259rbaycan\u0131n o zamank\u0131 r\u0259hb\u0259rl\u0259ri Heyd\u0259r \u018fliyevi r\u0259sm\u0259n Bak\u0131ya d\u0259v\u0259t etm\u0259y\u0259 m\u0259cbur oldular. O, 1993-c\u00fc ilin iyun ay\u0131n\u0131n 15-d\u0259 Az\u0259rbaycan Ali Sovetinin s\u0259dri se\u00e7ildi, iyul ay\u0131n\u0131n 24-d\u0259 is\u0259 Milli M\u0259clisin q\u0259rar\u0131 il\u0259 Az\u0259rbaycan Respublikas\u0131 Prezidentinin s\u0259lahiyy\u0259tl\u0259rini h\u0259yata ke\u00e7irm\u0259y\u0259 ba\u015flad\u0131.<br \/>\n1993-cu il oktyabr ay\u0131n\u0131n 3-d\u0259 \u00fcmumxalq s\u0259sverm\u0259si n\u0259tic\u0259sind\u0259 Heyd\u0259r \u018fliyev Az\u0259rbaycan Respublikas\u0131n\u0131n Prezidenti se\u00e7ildi.<br \/>\n2003-c\u00fc il oktyabr ay\u0131n\u0131n 15-d\u0259 ke\u00e7iril\u0259n prezident se\u00e7kil\u0259rind\u0259 i\u015ftirak etm\u0259kd\u0259n s\u0259hh\u0259tin\u0259 g\u00f6r\u0259 imtina etdi.<br \/>\nAz\u0259rbaycan\u0131n b\u00f6y\u00fck o\u011flu, g\u00f6rk\u0259mli d\u00f6vl\u0259t xadimi, Ulu \u00d6nd\u0259r Heyd\u0259r \u018flirza o\u011flu \u018fliyev 2003-c\u00fc il dekabr ay\u0131n\u0131n 12-d\u0259 Amerikan\u0131n Ohayo \u015ftat\u0131n\u0131n Klivlend \u015f\u0259h\u0259rind\u0259 v\u0259fat etdi, Az\u0259rbaycanda \u201cF\u0259xri Xiyaban\u201dda d\u0259fn olundu.<br \/>\nXalq\u0131m\u0131z\u0131n tarixi taleyind\u0259, m\u0259n\u0259vi, siyasi v\u0259 ictimai h\u0259yat\u0131nda, d\u00f6vl\u0259t quruculu\u011funda onun q\u0259d\u0259r misilsiz xidm\u0259tl\u0259r gost\u0259r\u0259n ikinci dovl\u0259t adam\u0131 tapmaq m\u00fcmk\u00fcn deyildir. Bu m\u0259nada o, xalq\u0131m\u0131z\u0131n milli iftixar\u0131, \u00fcr\u0259kl\u0259rimizd\u0259 \u00f6z\u00fcn\u0259 yer tapan milli liderimiz, g\u00fcv\u0259nc yerimiz, q\u00fcrur duydu\u011fumuz v\u0259 arxa bildiyimiz b\u00f6y\u00fck Az\u0259rbaycanl\u0131 idi.<\/p>\n","protected":false},"excerpt":{"rendered":"<p>XALQIMIZIN M\u0130LL\u0130 \u0130FT\u0130XARI Az\u0259rbaycan Respublikas\u0131n\u0131n \u00dcmummilli Lideri, b\u00fct\u00fcn d\u00fcnya t\u00fcrkl\u0259rinin \u0259v\u0259zsiz \u015f\u0259xsiyy\u0259tl\u0259rind\u0259n biri, XX \u0259sr d\u00fcnya siyas\u0259tind\u0259 x\u00fcsusi yeri olan, Az\u0259rbaycan d\u00f6vl\u0259tinin yarad\u0131c\u0131s\u0131, m\u00fcdrik siyas\u0259t\u00e7i v\u0259 m\u00fcdrik insan Heyd\u0259r \u018flirza o\u011flu \u018fliyevin 94 ya\u015f\u0131 tamam olur. Heyd\u0259r \u018flirza o\u011flu \u018fliyev 1923-cu il may ay\u0131n\u0131n 10-da Az\u0259rbaycan\u0131n Nax\u00e7\u0131van \u015f\u0259h\u0259rind\u0259 anadan olub. O, 1939-cu ild\u0259 Nax\u00e7\u0131van Pedaqoji [&hellip;]<\/p>\n","protected":false},"author":2,"featured_media":0,"comment_status":"closed","ping_status":"closed","sticky":false,"template":"","format":"standard","meta":[],"categories":[10],"tags":[20],"_links":{"self":[{"href":"https:\/\/yeniterter.az\/index.php?rest_route=\/wp\/v2\/posts\/6411"}],"collection":[{"href":"https:\/\/yeniterter.az\/index.php?rest_route=\/wp\/v2\/posts"}],"about":[{"href":"https:\/\/yeniterter.az\/index.php?rest_route=\/wp\/v2\/types\/post"}],"author":[{"embeddable":true,"href":"https:\/\/yeniterter.az\/index.php?rest_route=\/wp\/v2\/users\/2"}],"replies":[{"embeddable":true,"href":"https:\/\/yeniterter.az\/index.php?rest_route=%2Fwp%2Fv2%2Fcomments&post=6411"}],"version-history":[{"count":0,"href":"https:\/\/yeniterter.az\/index.php?rest_route=\/wp\/v2\/posts\/6411\/revisions"}],"wp:attachment":[{"href":"https:\/\/yeniterter.az\/index.php?rest_route=%2Fwp%2Fv2%2Fmedia&parent=6411"}],"wp:term":[{"taxonomy":"category","embeddable":true,"href":"https:\/\/yeniterter.az\/index.php?rest_route=%2Fwp%2Fv2%2Fcategories&post=6411"},{"taxonomy":"post_tag","embeddable":true,"href":"https:\/\/yeniterter.az\/index.php?rest_route=%2Fwp%2Fv2%2Ftags&post=6411"}],"curies":[{"name":"wp","href":"https:\/\/api.w.org\/{rel}","templated":true}]}}