{"id":6408,"date":"2017-04-27T15:05:38","date_gmt":"2017-04-27T12:05:38","guid":{"rendered":"http:\/\/www.yeniterter.az\/?p=6408"},"modified":"2017-04-27T15:05:38","modified_gmt":"2017-04-27T12:05:38","slug":"6408","status":"publish","type":"post","link":"https:\/\/yeniterter.az\/?p=6408","title":{"rendered":""},"content":{"rendered":"<p><img decoding=\"async\" loading=\"lazy\" class=\" wp-image-6386 alignleft\" src=\"http:\/\/www.yeniterter.az\/wp-content\/uploads\/651843-300x225.jpg\" alt=\"651843\" width=\"255\" height=\"191\" srcset=\"https:\/\/yeniterter.az\/wp-content\/uploads\/651843-300x225.jpg 300w, https:\/\/yeniterter.az\/wp-content\/uploads\/651843-768x576.jpg 768w, https:\/\/yeniterter.az\/wp-content\/uploads\/651843-1024x768.jpg 1024w, https:\/\/yeniterter.az\/wp-content\/uploads\/651843.jpg 1200w\" sizes=\"(max-width: 255px) 100vw, 255px\" \/><strong><em>Biz inki\u015faf, m\u00fcasirl\u0259\u015fm\u0259 yolu il\u0259 getm\u0259y\u0259 davam ed\u0259c\u0259yik. Az\u0259rbaycan\u0131n davaml\u0131 inki\u015faf\u0131 neft v\u0259 qaza deyil, bilik, texnologiya, t\u0259hsil, qeyri-neft sektoruna \u0259saslanmal\u0131d\u0131r. Biz regionun enerji v\u0259 n\u0259qliyyat x\u0259rit\u0259sini tamamil\u0259 d\u0259yi\u015f\u0259c\u0259yik ki, bu da \u00f6z n\u00f6vb\u0259sind\u0259 region xalqlar\u0131 \u00fc\u00e7\u00fcn b\u00f6y\u00fck imkanlar yaradacaq.<\/em><\/strong><\/p>\n<p style=\"text-align: right;\"><strong>\u0130lham \u018fliyev,<\/strong><br \/>\n<strong>Az\u0259rbaycan Respublikas\u0131n\u0131n Prezidenti<em><br \/>\n<\/em><\/strong><\/p>\n","protected":false},"excerpt":{"rendered":"<p>Biz inki\u015faf, m\u00fcasirl\u0259\u015fm\u0259 yolu il\u0259 getm\u0259y\u0259 davam ed\u0259c\u0259yik. Az\u0259rbaycan\u0131n davaml\u0131 inki\u015faf\u0131 neft v\u0259 qaza deyil, bilik, texnologiya, t\u0259hsil, qeyri-neft sektoruna \u0259saslanmal\u0131d\u0131r. Biz regionun enerji v\u0259 n\u0259qliyyat x\u0259rit\u0259sini tamamil\u0259 d\u0259yi\u015f\u0259c\u0259yik ki, bu da \u00f6z n\u00f6vb\u0259sind\u0259 region xalqlar\u0131 \u00fc\u00e7\u00fcn b\u00f6y\u00fck imkanlar yaradacaq. \u0130lham \u018fliyev, Az\u0259rbaycan Respublikas\u0131n\u0131n Prezidenti<\/p>\n","protected":false},"author":2,"featured_media":0,"comment_status":"closed","ping_status":"closed","sticky":false,"template":"","format":"standard","meta":[],"categories":[10],"tags":[20],"_links":{"self":[{"href":"https:\/\/yeniterter.az\/index.php?rest_route=\/wp\/v2\/posts\/6408"}],"collection":[{"href":"https:\/\/yeniterter.az\/index.php?rest_route=\/wp\/v2\/posts"}],"about":[{"href":"https:\/\/yeniterter.az\/index.php?rest_route=\/wp\/v2\/types\/post"}],"author":[{"embeddable":true,"href":"https:\/\/yeniterter.az\/index.php?rest_route=\/wp\/v2\/users\/2"}],"replies":[{"embeddable":true,"href":"https:\/\/yeniterter.az\/index.php?rest_route=%2Fwp%2Fv2%2Fcomments&post=6408"}],"version-history":[{"count":0,"href":"https:\/\/yeniterter.az\/index.php?rest_route=\/wp\/v2\/posts\/6408\/revisions"}],"wp:attachment":[{"href":"https:\/\/yeniterter.az\/index.php?rest_route=%2Fwp%2Fv2%2Fmedia&parent=6408"}],"wp:term":[{"taxonomy":"category","embeddable":true,"href":"https:\/\/yeniterter.az\/index.php?rest_route=%2Fwp%2Fv2%2Fcategories&post=6408"},{"taxonomy":"post_tag","embeddable":true,"href":"https:\/\/yeniterter.az\/index.php?rest_route=%2Fwp%2Fv2%2Ftags&post=6408"}],"curies":[{"name":"wp","href":"https:\/\/api.w.org\/{rel}","templated":true}]}}