{"id":6290,"date":"2017-04-12T13:31:56","date_gmt":"2017-04-12T10:31:56","guid":{"rendered":"http:\/\/www.yeniterter.az\/?p=6290"},"modified":"2017-04-12T13:32:58","modified_gmt":"2017-04-12T10:32:58","slug":"s%c9%99daq%c9%99tl%c9%99-yasanmis-m%c9%99nali-omur","status":"publish","type":"post","link":"https:\/\/yeniterter.az\/?p=6290","title":{"rendered":"S\u018fDAQ\u018fTL\u018f YA\u015eANMI\u015e M\u018fNALI \u00d6M\u00dcR"},"content":{"rendered":"<p><img decoding=\"async\" loading=\"lazy\" class=\" wp-image-6291 alignleft\" src=\"http:\/\/www.yeniterter.az\/wp-content\/uploads\/2233-224x300.jpg\" alt=\"2233\" width=\"129\" height=\"173\" srcset=\"https:\/\/yeniterter.az\/wp-content\/uploads\/2233-224x300.jpg 224w, https:\/\/yeniterter.az\/wp-content\/uploads\/2233.jpg 350w\" sizes=\"(max-width: 129px) 100vw, 129px\" \/>Az\u0259rbaycan Respublikas\u0131n\u0131n \u018fm\u0259kdar Elm Xadimi, tibb elml\u0259ri doktoru, Az\u0259rbaycan Elml\u0259r Akademiyas\u0131n\u0131n akademiki Z\u0259rif\u0259 \u018fziz q\u0131z\u0131 \u018fliyeva 1923-c\u00fc il aprelin 28-d\u0259 \u015e\u0259rur rayonunun \u015eahtaxt\u0131 k\u0259ndind\u0259 anadan olub.1942-ci ild\u0259 orta m\u0259kt\u0259bi qurtard\u0131qdan sonra o, Az\u0259rbaycan D\u00f6vl\u0259t Tibb \u0130nstitutunun m\u00fcalic\u0259-profilaktika fak\u00fclt\u0259sin\u0259 daxil olub v\u0259 1947-ci ild\u0259 h\u0259min institutu m\u00fcv\u0259ff\u0259qiyy\u0259tl\u0259 bitirib. Sonra Moskva \u015f\u0259h\u0259rind\u0259 M\u0259rk\u0259zi H\u0259kiml\u0259ri T\u0259kmill\u0259\u015fdirm\u0259 \u0130nstitutunda oftalmologiya \u00fczr\u0259 ixtisasla\u015fd\u0131rma kursu ke\u00e7ib.<br \/>\n1950-ci ild\u0259 Z\u0259rif\u0259 xan\u0131m \u018fliyeva aspiranturaya daxil olub v\u0259 1953-c\u00fc ild\u0259 oran\u0131 bitirib.<br \/>\n1957-ci il\u0259d\u0259k Az\u0259rbaycan Elmi-T\u0259dqiqat Oftalmologiya \u0130nstitutunda elmi i\u015f\u00e7i, 1960-c\u0131 ild\u0259n 1967-ci il\u0259d\u0259k b\u00f6y\u00fck elmi i\u015f\u00e7i, 1967-ci ild\u0259n is\u0259 \u018fziz \u018fliyev ad\u0131na Az\u0259rbaycan H\u0259kiml\u0259ri T\u0259kmill\u0259\u015fdirm\u0259 \u0130nstitutunda g\u00f6z x\u0259st\u0259likl\u0259ri kafedras\u0131n\u0131n dosenti, professor, g\u00f6rm\u0259 orqan\u0131n\u0131n pe\u015f\u0259 patologiyas\u0131 laboratoriyas\u0131n\u0131n m\u00fcdiri, oftalmologiya kafedras\u0131n\u0131n m\u00fcdiri (1982-1985) v\u0259zif\u0259l\u0259rind\u0259 \u00e7al\u0131\u015f\u0131b.<!--more--><br \/>\n\u0130ll\u0259r boyu apard\u0131\u011f\u0131 m\u00fc\u015fahid\u0259l\u0259rin, klinik t\u0259dqiqatlar\u0131n v\u0259 t\u0259cr\u00fcb\u0259l\u0259rin n\u0259tic\u0259l\u0259ri Z\u0259rif\u0259 xan\u0131m \u018fliyevan\u0131n d\u00fcnyada \u0259n m\u0259\u015fhur oftalmologiya m\u0259rk\u0259zl\u0259rinin birind\u0259-H.Helmqolts ad\u0131na Moskva G\u00f6z X\u0259st\u0259likl\u0259ri Elmi-T\u0259dqiqat \u0130nstitutunda m\u00fcdafi\u0259 etdiyi \u201cAz\u0259rbaycan\u0131n bir s\u0131ra kimya m\u00fc\u0259ssis\u0259l\u0259ri i\u015f\u00e7il\u0259rinin g\u00f6rm\u0259 orqan\u0131n\u0131n v\u0259ziyy\u0259ti\u201d m\u00f6vzusunda doktorluq dissertasiyas\u0131n\u0131n \u0259sas\u0131n\u0131 t\u0259\u015fkil edib. 1977-ci ild\u0259 Z\u0259rif\u0259 xan\u0131m \u018fliyeva tibb elml\u0259ri doktoru alimlik d\u0259r\u0259c\u0259si al\u0131b.<br \/>\nZ\u0259rif\u0259 xan\u0131m \u018fliyeva \u00dcmumittifaq Oftalmoloqlar C\u0259miyy\u0259ti R\u0259yas\u0259t Hey\u0259tinin, Sovet S\u00fclh\u00fc M\u00fcdafi\u0259 Komit\u0259sinin, Az\u0259rbaycan Oftalmologiya C\u0259miyy\u0259ti \u0130dar\u0259 Hey\u0259tinin, \u201cVestnik oftalmologiyi\u201d (Moskva) jurnal\u0131 redaksiya hey\u0259tinin \u00fczv\u00fc olub.<br \/>\n1981-c\u0131 ild\u0259 oftalmologiyan\u0131n inki\u015faf\u0131na verdiyi b\u00f6y\u00fck t\u00f6hf\u0259y\u0259-g\u00f6rm\u0259 orqan\u0131n\u0131n pe\u015f\u0259 patologiyas\u0131 sah\u0259sind\u0259 apard\u0131\u011f\u0131 elmi t\u0259dqiqatlara g\u00f6r\u0259 professor Z.\u018f.\u018fliyeva oftalmologiya al\u0259mind\u0259 \u0259n y\u00fcks\u0259k m\u00fckafata-SSR\u0130 Tibb Elml\u0259ri Akademiyas\u0131n\u0131n akademik M.\u0130. Averbax ad\u0131na m\u00fckafat\u0131na layiq g\u00f6r\u00fcl\u00fcb.<br \/>\nQeyd etm\u0259k laz\u0131md\u0131r ki, professor Z\u0259rif\u0259 xan\u0131m \u018fliyeva h\u0259min m\u00fckafata layiq g\u00f6r\u00fcl\u0259n ilk qad\u0131n olub.<br \/>\nApard\u0131\u011f\u0131 elmi t\u0259dqiqatlar\u0131n y\u00fcks\u0259k s\u0259viyy\u0259si, onlar\u0131n sosial \u0259h\u0259miyy\u0259ti, ictimai f\u0259all\u0131\u011f\u0131, pedaqoji istedad\u0131, \u00e7oxillik elmi-t\u0259dqiqat i\u015fl\u0259rind\u0259 b\u00f6y\u00fck xidm\u0259tl\u0259ri layiqinc\u0259 qiym\u0259tl\u0259ndiril\u0259r\u0259k, 1983-c\u00fc ild\u0259 Z\u0259rif\u0259 xan\u0131m \u018fliyeva Az\u0259rbaycan SSR EA-n\u0131n akademiki se\u00e7ilib.<br \/>\nG\u00f6rk\u0259mli d\u00f6vl\u0259t v\u0259 elm xadimi, b\u00fct\u00fcn bilik v\u0259 bacar\u0131\u011f\u0131n\u0131 xalqa xidm\u0259t\u0259 s\u0259rf etmi\u015f \u018fziz \u018fliyevin ail\u0259sind\u0259 d\u00fcnyaya g\u00f6z a\u00e7an Z\u0259rif\u0259 xan\u0131m valideynl\u0259rin\u0259 layiqli bir \u00f6vlad, m\u0259\u015fhur alim, tan\u0131nm\u0131\u015f h\u0259kim, istedadl\u0131 insan, s\u0259daq\u0259tli \u00f6m\u00fcr yolda\u015f\u0131 v\u0259 qay\u011f\u0131ke\u015f ana idi.<br \/>\nZ\u0259rif\u0259 xan\u0131m \u018fliyeva, eyni zamanda m\u00fcst\u0259qil Az\u0259rbaycan d\u00f6vl\u0259tinin memar\u0131 v\u0259 qurucusu, b\u00fct\u00fcn m\u0259nal\u0131 \u00f6mr\u00fcn\u00fc V\u0259t\u0259ninin v\u0259 xalq\u0131n\u0131n t\u0259r\u0259qqisin\u0259 h\u0259sr etmi\u015f dahi \u015f\u0259xsiyy\u0259tin\u2013\u00dcmummilli Lider Heyd\u0259r \u018fliyevin v\u0259fal\u0131 \u00f6m\u00fcr-g\u00fcn yolda\u015f\u0131, s\u0259daq\u0259tli dostu v\u0259 etibarl\u0131 silahda\u015f\u0131 olub.<br \/>\nZ\u0259rif\u0259 xan\u0131m \u018fliyevan\u0131n f\u0259xri adlar\u0131, elmi titullar\u0131, m\u00fckafatlar\u0131 olduqca \u00e7oxdur. Bu adlar\u0131n h\u0259r biri q\u00fcrur, iftixar m\u0259nb\u0259yidir. Lakin bu adlar s\u0131ras\u0131nda \u0259n \u015f\u0259r\u0259flisi Ana ad\u0131d\u0131r. Qeyri-adi bir ana olan Z\u0259rif\u0259 xan\u0131m\u0131n \u00f6vladlar\u0131na m\u00fcnasib\u0259ti d\u0259 x\u00fcsusi idi. O, n\u0259 edirdis\u0259 b\u00f6y\u00fck sevgi il\u0259 edirdi. Onun sevgisinin g\u00fcc\u00fc \u00f6z ail\u0259sinin h\u00fcdudlar\u0131nda daha \u00e7ox duyulurdu.<\/p>\n","protected":false},"excerpt":{"rendered":"<p>Az\u0259rbaycan Respublikas\u0131n\u0131n \u018fm\u0259kdar Elm Xadimi, tibb elml\u0259ri doktoru, Az\u0259rbaycan Elml\u0259r Akademiyas\u0131n\u0131n akademiki Z\u0259rif\u0259 \u018fziz q\u0131z\u0131 \u018fliyeva 1923-c\u00fc il aprelin 28-d\u0259 \u015e\u0259rur rayonunun \u015eahtaxt\u0131 k\u0259ndind\u0259 anadan olub.1942-ci ild\u0259 orta m\u0259kt\u0259bi qurtard\u0131qdan sonra o, Az\u0259rbaycan D\u00f6vl\u0259t Tibb \u0130nstitutunun m\u00fcalic\u0259-profilaktika fak\u00fclt\u0259sin\u0259 daxil olub v\u0259 1947-ci ild\u0259 h\u0259min institutu m\u00fcv\u0259ff\u0259qiyy\u0259tl\u0259 bitirib. Sonra Moskva \u015f\u0259h\u0259rind\u0259 M\u0259rk\u0259zi H\u0259kiml\u0259ri T\u0259kmill\u0259\u015fdirm\u0259 \u0130nstitutunda oftalmologiya [&hellip;]<\/p>\n","protected":false},"author":2,"featured_media":0,"comment_status":"closed","ping_status":"closed","sticky":false,"template":"","format":"standard","meta":[],"categories":[10],"tags":[20],"_links":{"self":[{"href":"https:\/\/yeniterter.az\/index.php?rest_route=\/wp\/v2\/posts\/6290"}],"collection":[{"href":"https:\/\/yeniterter.az\/index.php?rest_route=\/wp\/v2\/posts"}],"about":[{"href":"https:\/\/yeniterter.az\/index.php?rest_route=\/wp\/v2\/types\/post"}],"author":[{"embeddable":true,"href":"https:\/\/yeniterter.az\/index.php?rest_route=\/wp\/v2\/users\/2"}],"replies":[{"embeddable":true,"href":"https:\/\/yeniterter.az\/index.php?rest_route=%2Fwp%2Fv2%2Fcomments&post=6290"}],"version-history":[{"count":0,"href":"https:\/\/yeniterter.az\/index.php?rest_route=\/wp\/v2\/posts\/6290\/revisions"}],"wp:attachment":[{"href":"https:\/\/yeniterter.az\/index.php?rest_route=%2Fwp%2Fv2%2Fmedia&parent=6290"}],"wp:term":[{"taxonomy":"category","embeddable":true,"href":"https:\/\/yeniterter.az\/index.php?rest_route=%2Fwp%2Fv2%2Fcategories&post=6290"},{"taxonomy":"post_tag","embeddable":true,"href":"https:\/\/yeniterter.az\/index.php?rest_route=%2Fwp%2Fv2%2Ftags&post=6290"}],"curies":[{"name":"wp","href":"https:\/\/api.w.org\/{rel}","templated":true}]}}