{"id":6279,"date":"2017-04-12T13:12:28","date_gmt":"2017-04-12T10:12:28","guid":{"rendered":"http:\/\/www.yeniterter.az\/?p=6279"},"modified":"2017-04-12T13:12:28","modified_gmt":"2017-04-12T10:12:28","slug":"tikinti-isl%c9%99ri-il%c9%99-tanisliq","status":"publish","type":"post","link":"https:\/\/yeniterter.az\/?p=6279","title":{"rendered":"T\u0130K\u0130NT\u0130 \u0130\u015eL\u018fR\u0130 \u0130L\u018f TANI\u015eLIQ"},"content":{"rendered":"<p><img decoding=\"async\" loading=\"lazy\" class=\" wp-image-6280 alignleft\" src=\"http:\/\/www.yeniterter.az\/wp-content\/uploads\/w_1614909620783623249822_1000x669-300x200.jpg\" alt=\"w_1614909620783623249822_1000x669\" width=\"170\" height=\"113\" srcset=\"https:\/\/yeniterter.az\/wp-content\/uploads\/w_1614909620783623249822_1000x669-300x200.jpg 300w, https:\/\/yeniterter.az\/wp-content\/uploads\/w_1614909620783623249822_1000x669-768x511.jpg 768w, https:\/\/yeniterter.az\/wp-content\/uploads\/w_1614909620783623249822_1000x669.jpg 1000w\" sizes=\"(max-width: 170px) 100vw, 170px\" \/><img decoding=\"async\" loading=\"lazy\" class=\" wp-image-6281 alignright\" src=\"http:\/\/www.yeniterter.az\/wp-content\/uploads\/w_1614909620782857047841_1000x669-300x200.jpg\" alt=\"w_1614909620782857047841_1000x669\" width=\"171\" height=\"114\" srcset=\"https:\/\/yeniterter.az\/wp-content\/uploads\/w_1614909620782857047841_1000x669-300x200.jpg 300w, https:\/\/yeniterter.az\/wp-content\/uploads\/w_1614909620782857047841_1000x669-768x511.jpg 768w, https:\/\/yeniterter.az\/wp-content\/uploads\/w_1614909620782857047841_1000x669.jpg 1000w\" sizes=\"(max-width: 171px) 100vw, 171px\" \/>Az\u0259rbaycan Respublikas\u0131 Ba\u015f nazirinin m\u00fcavini, Qa\u00e7q\u0131nlar\u0131n v\u0259 M\u0259cburi K\u00f6\u00e7k\u00fcnl\u0259rin \u0130\u015fl\u0259ri \u00fczr\u0259 D\u00f6vl\u0259t Komit\u0259sinin s\u0259dri \u018fli H\u0259s\u0259nov T\u0259rt\u0259r rayonunda m\u0259cburi k\u00f6\u00e7k\u00fcnl\u0259r \u00fc\u00e7\u00fcn sal\u0131nan ya\u015fay\u0131\u015f m\u0259h\u0259ll\u0259sind\u0259 tikinti i\u015fl\u0259rinin gedi\u015fi il\u0259 tan\u0131\u015f olub.<br \/>\nBa\u015f nazirin m\u00fcavini \u018fli H\u0259s\u0259nov jurnalistl\u0259r\u0259 m\u00fcsahib\u0259sind\u0259 bildirib ki, T\u0259rt\u0259r rayonunda 25 hektar sah\u0259d\u0259 in\u015fa edil\u0259n ya\u015fay\u0131\u015f m\u0259h\u0259ll\u0259si bu g\u00fcn\u0259d\u0259k tikilmi\u015f 95 q\u0259s\u0259b\u0259 i\u00e7\u0259risind\u0259 \u0259n b\u00f6y\u00fck q\u0259s\u0259b\u0259l\u0259rd\u0259n biridir. Ya\u015fay\u0131\u015f m\u0259h\u0259ll\u0259sind\u0259 orta m\u0259kt\u0259b binas\u0131, u\u015faq ba\u011f\u00e7as\u0131 v\u0259 musiqi m\u0259kt\u0259bi yeni layih\u0259 \u0259sas\u0131nda in\u015fa edilir. Orta m\u0259kt\u0259bd\u0259 700 yerlik akt zal\u0131, 400 yerlik yem\u0259kxana yarad\u0131lacaq. Tikintid\u0259 \u0259sas\u0259n m\u0259cburi k\u00f6\u00e7k\u00fcnl\u0259r olmaqla 2 min\u0259 yax\u0131n i\u015f\u00e7i \u00e7al\u0131\u015f\u0131r.<!--more--><br \/>\nX X X<br \/>\nBa\u015f nazirin m\u00fcavini, Qa\u00e7q\u0131nlar\u0131n v\u0259 M\u0259cburi K\u00f6\u00e7k\u00fcnl\u0259rin \u0130\u015fl\u0259ri \u00fczr\u0259 D\u00f6vl\u0259t Komit\u0259sinin s\u0259dri \u018fli H\u0259s\u0259nov sonra T\u0259rt\u0259r rayonunun \u015e\u0131xarx q\u0259s\u0259b\u0259sin\u0259 ged\u0259r\u0259k, burada m\u0259skunla\u015fan m\u0259cburi k\u00f6\u00e7k\u00fcn ail\u0259l\u0259ri il\u0259 g\u00f6r\u00fc\u015f\u00fcb, onlar \u00fc\u00e7\u00fcn in\u015fa edil\u0259n f\u0259rdi evl\u0259rin tikintisi il\u0259 tan\u0131\u015f olub. Bildirilib ki, erm\u0259ni silahl\u0131 birl\u0259\u015fm\u0259l\u0259rinin at\u0259\u015fi n\u0259tic\u0259sind\u0259 T\u0259rt\u0259r rayonunun \u015e\u0131xarx, \u00c7ayl\u0131, H\u0259s\u0259nqaya, Buruc v\u0259 \u018fskipara k\u0259ndl\u0259ri \u0259razisind\u0259 m\u0259skunla\u015fan m\u0259cburi k\u00f6\u00e7k\u00fcn ail\u0259l\u0259rinin ya\u015fad\u0131\u011f\u0131 78 da\u011f\u0131lm\u0131\u015f ev yenid\u0259n tikilir.<br \/>\nSakinl\u0259r g\u00f6st\u0259ril\u0259n diqq\u0259t v\u0259 qay\u011f\u0131ya g\u00f6r\u0259 d\u00f6vl\u0259timizin ba\u015f\u00e7\u0131s\u0131 \u0130lham \u018fliyev\u0259 minn\u0259tdarl\u0131qlar\u0131n\u0131 bildiribl\u0259r.<\/p>\n<p style=\"text-align: right;\"><strong><em>\u201cYeni T\u0259rt\u0259r\u201d<\/em><\/strong><\/p>\n","protected":false},"excerpt":{"rendered":"<p>Az\u0259rbaycan Respublikas\u0131 Ba\u015f nazirinin m\u00fcavini, Qa\u00e7q\u0131nlar\u0131n v\u0259 M\u0259cburi K\u00f6\u00e7k\u00fcnl\u0259rin \u0130\u015fl\u0259ri \u00fczr\u0259 D\u00f6vl\u0259t Komit\u0259sinin s\u0259dri \u018fli H\u0259s\u0259nov T\u0259rt\u0259r rayonunda m\u0259cburi k\u00f6\u00e7k\u00fcnl\u0259r \u00fc\u00e7\u00fcn sal\u0131nan ya\u015fay\u0131\u015f m\u0259h\u0259ll\u0259sind\u0259 tikinti i\u015fl\u0259rinin gedi\u015fi il\u0259 tan\u0131\u015f olub. Ba\u015f nazirin m\u00fcavini \u018fli H\u0259s\u0259nov jurnalistl\u0259r\u0259 m\u00fcsahib\u0259sind\u0259 bildirib ki, T\u0259rt\u0259r rayonunda 25 hektar sah\u0259d\u0259 in\u015fa edil\u0259n ya\u015fay\u0131\u015f m\u0259h\u0259ll\u0259si bu g\u00fcn\u0259d\u0259k tikilmi\u015f 95 q\u0259s\u0259b\u0259 i\u00e7\u0259risind\u0259 \u0259n [&hellip;]<\/p>\n","protected":false},"author":2,"featured_media":0,"comment_status":"closed","ping_status":"closed","sticky":false,"template":"","format":"standard","meta":[],"categories":[1],"tags":[13],"_links":{"self":[{"href":"https:\/\/yeniterter.az\/index.php?rest_route=\/wp\/v2\/posts\/6279"}],"collection":[{"href":"https:\/\/yeniterter.az\/index.php?rest_route=\/wp\/v2\/posts"}],"about":[{"href":"https:\/\/yeniterter.az\/index.php?rest_route=\/wp\/v2\/types\/post"}],"author":[{"embeddable":true,"href":"https:\/\/yeniterter.az\/index.php?rest_route=\/wp\/v2\/users\/2"}],"replies":[{"embeddable":true,"href":"https:\/\/yeniterter.az\/index.php?rest_route=%2Fwp%2Fv2%2Fcomments&post=6279"}],"version-history":[{"count":0,"href":"https:\/\/yeniterter.az\/index.php?rest_route=\/wp\/v2\/posts\/6279\/revisions"}],"wp:attachment":[{"href":"https:\/\/yeniterter.az\/index.php?rest_route=%2Fwp%2Fv2%2Fmedia&parent=6279"}],"wp:term":[{"taxonomy":"category","embeddable":true,"href":"https:\/\/yeniterter.az\/index.php?rest_route=%2Fwp%2Fv2%2Fcategories&post=6279"},{"taxonomy":"post_tag","embeddable":true,"href":"https:\/\/yeniterter.az\/index.php?rest_route=%2Fwp%2Fv2%2Ftags&post=6279"}],"curies":[{"name":"wp","href":"https:\/\/api.w.org\/{rel}","templated":true}]}}