{"id":6275,"date":"2017-04-12T13:08:22","date_gmt":"2017-04-12T10:08:22","guid":{"rendered":"http:\/\/www.yeniterter.az\/?p=6275"},"modified":"2017-04-12T13:08:22","modified_gmt":"2017-04-12T10:08:22","slug":"%c9%99lill%c9%99r%c9%99-v%c9%99-s%c9%99hid-ail%c9%99l%c9%99rin%c9%99-f%c9%99rdi-yasayis-evl%c9%99ri-verilib","status":"publish","type":"post","link":"https:\/\/yeniterter.az\/?p=6275","title":{"rendered":"\u018fL\u0130LL\u018fR\u018f V\u018f \u015e\u018fH\u0130D A\u0130L\u018fL\u018fR\u0130N\u018f F\u018fRD\u0130 YA\u015eAYI\u015e EVL\u018fR\u0130 VER\u0130L\u0130B"},"content":{"rendered":"<p><img decoding=\"async\" loading=\"lazy\" class=\" wp-image-6276 alignleft\" src=\"http:\/\/www.yeniterter.az\/wp-content\/uploads\/\u0418\u0437\u043e\u0431\u0440\u0430\u0436\u0435\u043d\u0438\u0435-161-1-300x201.jpg\" alt=\"\u0418\u0437\u043e\u0431\u0440\u0430\u0436\u0435\u043d\u0438\u0435 161\" width=\"169\" height=\"113\" srcset=\"https:\/\/yeniterter.az\/wp-content\/uploads\/\u0418\u0437\u043e\u0431\u0440\u0430\u0436\u0435\u043d\u0438\u0435-161-1-300x201.jpg 300w, https:\/\/yeniterter.az\/wp-content\/uploads\/\u0418\u0437\u043e\u0431\u0440\u0430\u0436\u0435\u043d\u0438\u0435-161-1-768x514.jpg 768w, https:\/\/yeniterter.az\/wp-content\/uploads\/\u0418\u0437\u043e\u0431\u0440\u0430\u0436\u0435\u043d\u0438\u0435-161-1-1024x685.jpg 1024w, https:\/\/yeniterter.az\/wp-content\/uploads\/\u0418\u0437\u043e\u0431\u0440\u0430\u0436\u0435\u043d\u0438\u0435-161-1.jpg 1500w\" sizes=\"(max-width: 169px) 100vw, 169px\" \/><img decoding=\"async\" loading=\"lazy\" class=\" wp-image-6277 alignright\" src=\"http:\/\/www.yeniterter.az\/wp-content\/uploads\/\u0418\u0437\u043e\u0431\u0440\u0430\u0436\u0435\u043d\u0438\u0435-202-1-300x201.jpg\" alt=\"\u0418\u0437\u043e\u0431\u0440\u0430\u0436\u0435\u043d\u0438\u0435 202\" width=\"158\" height=\"106\" srcset=\"https:\/\/yeniterter.az\/wp-content\/uploads\/\u0418\u0437\u043e\u0431\u0440\u0430\u0436\u0435\u043d\u0438\u0435-202-1-300x201.jpg 300w, https:\/\/yeniterter.az\/wp-content\/uploads\/\u0418\u0437\u043e\u0431\u0440\u0430\u0436\u0435\u043d\u0438\u0435-202-1-768x514.jpg 768w, https:\/\/yeniterter.az\/wp-content\/uploads\/\u0418\u0437\u043e\u0431\u0440\u0430\u0436\u0435\u043d\u0438\u0435-202-1-1024x685.jpg 1024w, https:\/\/yeniterter.az\/wp-content\/uploads\/\u0418\u0437\u043e\u0431\u0440\u0430\u0436\u0435\u043d\u0438\u0435-202-1.jpg 1500w\" sizes=\"(max-width: 158px) 100vw, 158px\" \/>\u018fm\u0259k v\u0259 \u018fhalinin Sosial M\u00fcdafi\u0259si Nazirliyi t\u0259r\u0259find\u0259n rayonda in\u015fa etdirilmi\u015f 5 \u0259d\u0259d f\u0259rdi ya\u015fay\u0131\u015f evi Qaraba\u011f m\u00fcharib\u0259si \u0259lill\u0259ri v\u0259 \u015f\u0259hid ail\u0259l\u0259rinin istifad\u0259sin\u0259 verilib.<br \/>\nBu m\u00fcnasib\u0259tl\u0259 ke\u00e7iril\u0259n t\u0259dbird\u0259 T\u0259rt\u0259r rayon \u0130cra Hakimiyy\u0259tinin Ba\u015f\u00e7\u0131s\u0131 M\u00fcst\u0259qim M\u0259mm\u0259dov, \u018fm\u0259k v\u0259 \u018fhalinin Sosial M\u00fcdafi\u0259si Nazirliyi yan\u0131nda D\u00f6vl\u0259t Sosial M\u00fcdafi\u0259 Fondunun direktor m\u00fcavini S\u0259f\u0259r Mehdiyev, rayonun aidiyyat\u0131 idar\u0259, m\u00fc\u0259ssis\u0259 v\u0259 t\u0259\u015fkilatlar\u0131n\u0131n r\u0259hb\u0259rl\u0259ri, ictimaiyy\u0259tin dig\u0259r n\u00fcmay\u0259nd\u0259l\u0259ri i\u015ftirak edibl\u0259r.<!--more--><br \/>\nToplant\u0131n\u0131 D\u00f6vl\u0259t Sosial M\u00fcdafi\u0259 Fondunun T\u0259rt\u0259r rayon \u015f\u00f6b\u0259sinin m\u00fcdiri Emil M\u0259mm\u0259dov a\u00e7\u0131b. Sonra Az\u0259rbaycan Qaraba\u011f M\u00fcharib\u0259si \u018flill\u0259ri, Veteranlar\u0131 v\u0259 \u015e\u0259hid Ail\u0259l\u0259ri \u0130ctimai Birliyinin T\u0259rt\u0259r Rayon \u015e\u00f6b\u0259sinin s\u0259dri Suliddin Yusibov, \u015f\u0259hid ail\u0259si, ev sahibi Ruqiyy\u0259 A\u011fayeva \u00e7\u0131x\u0131\u015f ed\u0259r\u0259k Az\u0259rbaycan Prezidenti c\u0259nab \u0130lham \u018fliyevin \u00f6lk\u0259mizd\u0259 sosial-iqtisadi siyas\u0259tinin nailiyy\u0259tl\u0259rind\u0259n dan\u0131\u015f\u0131blar.<br \/>\nRayon icra hakimiyy\u0259tinin ba\u015f\u00e7\u0131s\u0131 M\u00fcst\u0259qim M\u0259mm\u0259dov \u00e7\u0131x\u0131\u015f ed\u0259r\u0259k bildirib ki, rayonumuzda bu g\u00fcn\u0259d\u0259k 1 \u0259d\u0259d 6 m\u0259rt\u0259b\u0259li 54 m\u0259nzilli, 2 \u0259d\u0259d iki m\u0259rt\u0259b\u0259li h\u0259r biri 16 m\u0259nzilli, 1 \u0259d\u0259d 2 m\u0259rt\u0259b\u0259li 24 m\u0259nzilli binalar v\u0259 25 f\u0259rdi ya\u015fay\u0131\u015f evi tikilib \u015f\u0259hid ail\u0259l\u0259ri v\u0259 Qaraba\u011f m\u00fcharib\u0259si \u0259lill\u0259rin\u0259 paylan\u0131b. Bu g\u00fcn is\u0259 5 f\u0259rdi evin a\u00e7\u0131l\u0131\u015f\u0131 olub.<br \/>\nA\u00e7\u0131l\u0131\u015f m\u0259rasimind\u0259 yeni m\u0259nzill\u0259 t\u0259min olunan Qaraba\u011f m\u00fcharib\u0259si \u0259lill\u0259ri v\u0259 \u015f\u0259hid ail\u0259l\u0259ri Az\u0259rbaycan Prezidenti \u0130lham \u018fliyev\u0259 d\u0259rin minn\u0259tdarl\u0131qlar\u0131n\u0131 ifad\u0259 edibl\u0259r.<br \/>\nSonra f\u0259rdi ya\u015fay\u0131\u015f evl\u0259rin\u0259 bax\u0131\u015f olub.<\/p>\n<p style=\"text-align: right;\"><strong><em>\u201cYeni T\u0259rt\u0259r\u201d<\/em><\/strong><\/p>\n","protected":false},"excerpt":{"rendered":"<p>\u018fm\u0259k v\u0259 \u018fhalinin Sosial M\u00fcdafi\u0259si Nazirliyi t\u0259r\u0259find\u0259n rayonda in\u015fa etdirilmi\u015f 5 \u0259d\u0259d f\u0259rdi ya\u015fay\u0131\u015f evi Qaraba\u011f m\u00fcharib\u0259si \u0259lill\u0259ri v\u0259 \u015f\u0259hid ail\u0259l\u0259rinin istifad\u0259sin\u0259 verilib. Bu m\u00fcnasib\u0259tl\u0259 ke\u00e7iril\u0259n t\u0259dbird\u0259 T\u0259rt\u0259r rayon \u0130cra Hakimiyy\u0259tinin Ba\u015f\u00e7\u0131s\u0131 M\u00fcst\u0259qim M\u0259mm\u0259dov, \u018fm\u0259k v\u0259 \u018fhalinin Sosial M\u00fcdafi\u0259si Nazirliyi yan\u0131nda D\u00f6vl\u0259t Sosial M\u00fcdafi\u0259 Fondunun direktor m\u00fcavini S\u0259f\u0259r Mehdiyev, rayonun aidiyyat\u0131 idar\u0259, m\u00fc\u0259ssis\u0259 v\u0259 t\u0259\u015fkilatlar\u0131n\u0131n [&hellip;]<\/p>\n","protected":false},"author":2,"featured_media":0,"comment_status":"closed","ping_status":"closed","sticky":false,"template":"","format":"standard","meta":[],"categories":[1],"tags":[13],"_links":{"self":[{"href":"https:\/\/yeniterter.az\/index.php?rest_route=\/wp\/v2\/posts\/6275"}],"collection":[{"href":"https:\/\/yeniterter.az\/index.php?rest_route=\/wp\/v2\/posts"}],"about":[{"href":"https:\/\/yeniterter.az\/index.php?rest_route=\/wp\/v2\/types\/post"}],"author":[{"embeddable":true,"href":"https:\/\/yeniterter.az\/index.php?rest_route=\/wp\/v2\/users\/2"}],"replies":[{"embeddable":true,"href":"https:\/\/yeniterter.az\/index.php?rest_route=%2Fwp%2Fv2%2Fcomments&post=6275"}],"version-history":[{"count":0,"href":"https:\/\/yeniterter.az\/index.php?rest_route=\/wp\/v2\/posts\/6275\/revisions"}],"wp:attachment":[{"href":"https:\/\/yeniterter.az\/index.php?rest_route=%2Fwp%2Fv2%2Fmedia&parent=6275"}],"wp:term":[{"taxonomy":"category","embeddable":true,"href":"https:\/\/yeniterter.az\/index.php?rest_route=%2Fwp%2Fv2%2Fcategories&post=6275"},{"taxonomy":"post_tag","embeddable":true,"href":"https:\/\/yeniterter.az\/index.php?rest_route=%2Fwp%2Fv2%2Ftags&post=6275"}],"curies":[{"name":"wp","href":"https:\/\/api.w.org\/{rel}","templated":true}]}}