{"id":6271,"date":"2017-04-12T13:04:35","date_gmt":"2017-04-12T10:04:35","guid":{"rendered":"http:\/\/www.yeniterter.az\/?p=6271"},"modified":"2017-04-12T13:04:35","modified_gmt":"2017-04-12T10:04:35","slug":"az%c9%99rbaycanlilarin-soyqirimi-qurbanlarini-yad-etdil%c9%99r","status":"publish","type":"post","link":"https:\/\/yeniterter.az\/?p=6271","title":{"rendered":"AZ\u018fRBAYCANLILARIN SOYQIRIMI QURBANLARINI YAD ETD\u0130L\u018fR"},"content":{"rendered":"<p><img decoding=\"async\" loading=\"lazy\" class=\" wp-image-6272 alignleft\" src=\"http:\/\/www.yeniterter.az\/wp-content\/uploads\/\u0418\u0437\u043e\u0431\u0440\u0430\u0436\u0435\u043d\u0438\u0435-338-1-300x201.jpg\" alt=\"\u0418\u0437\u043e\u0431\u0440\u0430\u0436\u0435\u043d\u0438\u0435 338\" width=\"151\" height=\"101\" srcset=\"https:\/\/yeniterter.az\/wp-content\/uploads\/\u0418\u0437\u043e\u0431\u0440\u0430\u0436\u0435\u043d\u0438\u0435-338-1-300x201.jpg 300w, https:\/\/yeniterter.az\/wp-content\/uploads\/\u0418\u0437\u043e\u0431\u0440\u0430\u0436\u0435\u043d\u0438\u0435-338-1-768x514.jpg 768w, https:\/\/yeniterter.az\/wp-content\/uploads\/\u0418\u0437\u043e\u0431\u0440\u0430\u0436\u0435\u043d\u0438\u0435-338-1-1024x685.jpg 1024w, https:\/\/yeniterter.az\/wp-content\/uploads\/\u0418\u0437\u043e\u0431\u0440\u0430\u0436\u0435\u043d\u0438\u0435-338-1.jpg 1500w\" sizes=\"(max-width: 151px) 100vw, 151px\" \/><img decoding=\"async\" loading=\"lazy\" class=\" wp-image-6273 alignright\" src=\"http:\/\/www.yeniterter.az\/wp-content\/uploads\/\u0418\u0437\u043e\u0431\u0440\u0430\u0436\u0435\u043d\u0438\u0435-345-300x201.jpg\" alt=\"\u0418\u0437\u043e\u0431\u0440\u0430\u0436\u0435\u043d\u0438\u0435 345\" width=\"148\" height=\"99\" srcset=\"https:\/\/yeniterter.az\/wp-content\/uploads\/\u0418\u0437\u043e\u0431\u0440\u0430\u0436\u0435\u043d\u0438\u0435-345-300x201.jpg 300w, https:\/\/yeniterter.az\/wp-content\/uploads\/\u0418\u0437\u043e\u0431\u0440\u0430\u0436\u0435\u043d\u0438\u0435-345-768x514.jpg 768w, https:\/\/yeniterter.az\/wp-content\/uploads\/\u0418\u0437\u043e\u0431\u0440\u0430\u0436\u0435\u043d\u0438\u0435-345-1024x685.jpg 1024w, https:\/\/yeniterter.az\/wp-content\/uploads\/\u0418\u0437\u043e\u0431\u0440\u0430\u0436\u0435\u043d\u0438\u0435-345.jpg 1500w\" sizes=\"(max-width: 148px) 100vw, 148px\" \/>\u015e\u0259hidl\u0259rin xatir\u0259sin\u0259 ucald\u0131lm\u0131\u015f abid\u0259nin \u00f6n\u00fcnd\u0259 Az\u0259rbaycanl\u0131lar\u0131n Soyq\u0131r\u0131m\u0131 G\u00fcn\u00fcn\u0259 h\u0259sr olunmu\u015f \u00fcmumrayon toplant\u0131s\u0131 ke\u00e7irilib. \u018fvv\u0259lc\u0259 rayon m\u0259kt\u0259blil\u0259rinin r\u0259sm i\u015fl\u0259rind\u0259n ibar\u0259t s\u0259rgiy\u0259 bax\u0131l\u0131b. Sonra T\u0259rt\u0259r \u201cC\u00fcm\u0259\u201d M\u0259scidinin axundu Sadiq C\u0259f\u0259rov soyq\u0131r\u0131m qurbanlar\u0131n\u0131n ruhuna dua oxuyub. Onlar\u0131n xatir\u0259si bir d\u0259qiq\u0259lik s\u00fckutla yad edilib.<br \/>\nRayon icra hakimiyy\u0259tinin ba\u015f\u00e7\u0131s\u0131 M\u00fcst\u0259qim M\u0259mm\u0259dov m\u0259ruz\u0259 il\u0259 \u00e7\u0131x\u0131\u015f edib v\u0259 soyq\u0131r\u0131mla ba\u011fl\u0131 \u0259trafl\u0131 m\u0259lumat verib.<br \/>\nT\u0259dbird\u0259 Az\u0259rbaycan V\u0259t\u0259n M\u00fcharib\u0259si Veteranlar\u0131 Birliyinin rayon \u015f\u00f6b\u0259sinin s\u0259dri Nizami Heyd\u0259rov, YAP rayon t\u0259\u015fkilat\u0131n\u0131n ba\u015f m\u0259sl\u0259h\u0259t\u00e7isi Eldar \u018fs\u0259dov, \u015f\u0259h\u0259r 5 sayl\u0131 tam orta m\u0259kt\u0259bin ikinci sinif \u015fagirdi Aysel \u018fliyeva \u00e7\u0131x\u0131\u015f edibl\u0259r. Sonra t\u0259dbir i\u015ftirak\u00e7\u0131lar\u0131 \u015f\u0259hidl\u0259rin abid\u0259si \u00f6n\u00fcn\u0259 g\u00fcl-\u00e7i\u00e7\u0259k d\u0259st\u0259l\u0259ri qoyublar.<\/p>\n<p style=\"text-align: right;\"><strong><em>\u201cYeni T\u0259rt\u0259r\u201d<\/em><\/strong><\/p>\n","protected":false},"excerpt":{"rendered":"<p>\u015e\u0259hidl\u0259rin xatir\u0259sin\u0259 ucald\u0131lm\u0131\u015f abid\u0259nin \u00f6n\u00fcnd\u0259 Az\u0259rbaycanl\u0131lar\u0131n Soyq\u0131r\u0131m\u0131 G\u00fcn\u00fcn\u0259 h\u0259sr olunmu\u015f \u00fcmumrayon toplant\u0131s\u0131 ke\u00e7irilib. \u018fvv\u0259lc\u0259 rayon m\u0259kt\u0259blil\u0259rinin r\u0259sm i\u015fl\u0259rind\u0259n ibar\u0259t s\u0259rgiy\u0259 bax\u0131l\u0131b. Sonra T\u0259rt\u0259r \u201cC\u00fcm\u0259\u201d M\u0259scidinin axundu Sadiq C\u0259f\u0259rov soyq\u0131r\u0131m qurbanlar\u0131n\u0131n ruhuna dua oxuyub. Onlar\u0131n xatir\u0259si bir d\u0259qiq\u0259lik s\u00fckutla yad edilib. Rayon icra hakimiyy\u0259tinin ba\u015f\u00e7\u0131s\u0131 M\u00fcst\u0259qim M\u0259mm\u0259dov m\u0259ruz\u0259 il\u0259 \u00e7\u0131x\u0131\u015f edib v\u0259 soyq\u0131r\u0131mla ba\u011fl\u0131 \u0259trafl\u0131 m\u0259lumat [&hellip;]<\/p>\n","protected":false},"author":2,"featured_media":0,"comment_status":"closed","ping_status":"closed","sticky":false,"template":"","format":"standard","meta":[],"categories":[1],"tags":[13],"_links":{"self":[{"href":"https:\/\/yeniterter.az\/index.php?rest_route=\/wp\/v2\/posts\/6271"}],"collection":[{"href":"https:\/\/yeniterter.az\/index.php?rest_route=\/wp\/v2\/posts"}],"about":[{"href":"https:\/\/yeniterter.az\/index.php?rest_route=\/wp\/v2\/types\/post"}],"author":[{"embeddable":true,"href":"https:\/\/yeniterter.az\/index.php?rest_route=\/wp\/v2\/users\/2"}],"replies":[{"embeddable":true,"href":"https:\/\/yeniterter.az\/index.php?rest_route=%2Fwp%2Fv2%2Fcomments&post=6271"}],"version-history":[{"count":0,"href":"https:\/\/yeniterter.az\/index.php?rest_route=\/wp\/v2\/posts\/6271\/revisions"}],"wp:attachment":[{"href":"https:\/\/yeniterter.az\/index.php?rest_route=%2Fwp%2Fv2%2Fmedia&parent=6271"}],"wp:term":[{"taxonomy":"category","embeddable":true,"href":"https:\/\/yeniterter.az\/index.php?rest_route=%2Fwp%2Fv2%2Fcategories&post=6271"},{"taxonomy":"post_tag","embeddable":true,"href":"https:\/\/yeniterter.az\/index.php?rest_route=%2Fwp%2Fv2%2Ftags&post=6271"}],"curies":[{"name":"wp","href":"https:\/\/api.w.org\/{rel}","templated":true}]}}