{"id":6266,"date":"2017-04-12T11:01:02","date_gmt":"2017-04-12T08:01:02","guid":{"rendered":"http:\/\/www.yeniterter.az\/?p=6266"},"modified":"2017-04-12T11:01:02","modified_gmt":"2017-04-12T08:01:02","slug":"aprel-hadis%c9%99l%c9%99rinin-ildonumu-munasib%c9%99ti-il%c9%99","status":"publish","type":"post","link":"https:\/\/yeniterter.az\/?p=6266","title":{"rendered":"APREL HAD\u0130S\u018fL\u018fR\u0130N\u0130N \u0130LD\u00d6N\u00dcM\u00dc M\u00dcNAS\u0130B\u018fT\u0130 \u0130L\u018f"},"content":{"rendered":"<p><strong>AZ\u018fRBAYCAN ORDUSUNUN Z\u018fF\u018fR Y\u00dcR\u00dc\u015e\u00dc<\/strong><\/p>\n<p><img decoding=\"async\" loading=\"lazy\" class=\" wp-image-6267 alignleft\" src=\"http:\/\/www.yeniterter.az\/wp-content\/uploads\/1465891868_etatist-300x169.jpg\" alt=\"1465891868_etatist\" width=\"174\" height=\"98\" srcset=\"https:\/\/yeniterter.az\/wp-content\/uploads\/1465891868_etatist-300x169.jpg 300w, https:\/\/yeniterter.az\/wp-content\/uploads\/1465891868_etatist-768x433.jpg 768w, https:\/\/yeniterter.az\/wp-content\/uploads\/1465891868_etatist-1024x577.jpg 1024w, https:\/\/yeniterter.az\/wp-content\/uploads\/1465891868_etatist.jpg 1500w\" sizes=\"(max-width: 174px) 100vw, 174px\" \/><img decoding=\"async\" loading=\"lazy\" class=\" wp-image-6268 alignright\" src=\"http:\/\/www.yeniterter.az\/wp-content\/uploads\/Leletepe-300x195.jpg\" alt=\"Leletepe\" width=\"163\" height=\"106\" srcset=\"https:\/\/yeniterter.az\/wp-content\/uploads\/Leletepe-300x195.jpg 300w, https:\/\/yeniterter.az\/wp-content\/uploads\/Leletepe.jpg 615w\" sizes=\"(max-width: 163px) 100vw, 163px\" \/>\u00d6<strong><em>t\u0259n ilin aprelind\u0259 ay\u0131n 1-d\u0259n 2-n\u0259 ke\u00e7\u0259n gec\u0259 v\u0259 bundan sonrak\u0131 g\u00fcnl\u0259r \u0259rzind\u0259 b\u00fct\u00fcn c\u0259bh\u0259 boyu m\u00f6vqel\u0259rimiz v\u0259 ya\u015fay\u0131\u015f m\u0259nt\u0259q\u0259l\u0259rimiz d\u00fc\u015fm\u0259n t\u0259r\u0259find\u0259n intensiv at\u0259\u015f\u0259 m\u0259ruz qald\u0131. Bunun n\u0259tic\u0259sind\u0259 \u0259sg\u0259rl\u0259rimizl\u0259 yana\u015f\u0131 m\u00fclki \u0259hali aras\u0131nda da \u00f6l\u0259n v\u0259 yaralananlar oldu, ya\u015fay\u0131\u015f m\u0259nt\u0259q\u0259l\u0259rin\u0259 ciddi ziyan d\u0259ydi. <\/em><\/strong><br \/>\n<strong><em>T\u0259xribat\u0131n qar\u015f\u0131s\u0131n\u0131 almaq, m\u00fclki \u0259halinin t\u0259hl\u00fck\u0259sizliyini t\u0259min etm\u0259k m\u0259qs\u0259dil\u0259 Silahl\u0131 Q\u00fcvv\u0259l\u0259rimiz t\u0259r\u0259find\u0259n A\u011fd\u0259r\u0259-T\u0259rt\u0259r-A\u011fdam v\u0259 Xocav\u0259nd-F\u00fczuli istiqam\u0259tind\u0259 \u0259ks h\u00fccum t\u0259dbirl\u0259ri h\u0259yata ke\u00e7irildi. N\u0259tic\u0259d\u0259 erm\u0259ni silahl\u0131 birl\u0259\u015fm\u0259l\u0259rinin uzun ill\u0259rd\u0259n b\u0259ri m\u00fch\u0259ndis-istehkam bax\u0131m\u0131ndan m\u00f6hk\u0259ml\u0259ndirdiyi birinci m\u00fcdafi\u0259 x\u0259tti c\u0259bh\u0259nin b\u0259zi istiqam\u0259tl\u0259rind\u0259 yar\u0131ld\u0131, strateji \u0259h\u0259miyy\u0259t\u0259 malik bir ne\u00e7\u0259 y\u00fcks\u0259klik v\u0259 ya\u015fay\u0131\u015f m\u0259nt\u0259q\u0259l\u0259ri d\u00fc\u015fm\u0259nd\u0259n tam azad edildi.<!--more--><\/em><\/strong><br \/>\n<strong><em>Goranboy rayonu v\u0259 Naftalan \u015f\u0259h\u0259rin\u0259 t\u0259hl\u00fck\u0259 yarada bil\u0259c\u0259k Tal\u0131\u015f k\u0259ndi \u0259traf\u0131ndak\u0131 y\u00fcks\u0259klikl\u0259r, el\u0259c\u0259 d\u0259 Seysulan m\u0259nt\u0259q\u0259si d\u00fc\u015fm\u0259n q\u00fcvv\u0259l\u0259rind\u0259n tam azad olundu.<\/em><\/strong><br \/>\n<strong><em>Aprelin 2-d\u0259 Az\u0259rbaycan Respublikas\u0131 Prezidentinin yan\u0131nda ke\u00e7iril\u0259n T\u0259hl\u00fck\u0259sizlik \u015euras\u0131n\u0131n iclas\u0131nda d\u00f6vl\u0259timizin ba\u015f\u00e7\u0131s\u0131 dedi: \u201cBizim q\u0259hr\u0259man d\u00f6y\u00fc\u015f\u00e7\u00fcl\u0259rimiz n\u0259inki t\u0259xribat\u0131n qar\u015f\u0131s\u0131n\u0131 ala bildil\u0259r, eyni zamanda, daha \u0259lveri\u015fli h\u0259rbi m\u00f6vqel\u0259r\u0259 malik oldular. Bu g\u00fcn t\u0259mas x\u0259ttind\u0259 Az\u0259rbaycan\u0131n \u00fcst\u00fcnl\u00fcy\u00fc daha da m\u00f6hk\u0259ml\u0259ndi. Apar\u0131lan h\u0259rbi \u0259m\u0259liyyatlar n\u0259tic\u0259sind\u0259 \u2013 onu da dem\u0259k ist\u0259yir\u0259m ki, bu \u0259m\u0259liyyat t\u0259xribata cavab olaraq apar\u0131lm\u0131\u015fd\u0131r: \u2013 biz b\u00f6y\u00fck h\u0259rbi q\u0259l\u0259b\u0259ni qazand\u0131q\u201d. D\u00f6vl\u0259t ba\u015f\u00e7\u0131s\u0131 \u00f6z \u00e7\u0131x\u0131\u015f\u0131nda Az\u0259rbaycan Ordusunun erm\u0259ni t\u0259xribat\u0131na verdiyi cava-b\u0131 \u00e7ox y\u00fcks\u0259k qiym\u0259tl\u0259ndirdi: \u201cErm\u0259nistan ordusu bu g\u00fcn \u00e7ox b\u00f6y\u00fck z\u0259rb\u0259 alm\u0131\u015fd\u0131r. At\u0259\u015fk\u0259s rejimind\u0259n sonra ilk d\u0259f\u0259dir ki, onlara bel\u0259 sars\u0131d\u0131c\u0131 z\u0259rb\u0259 vuruldu\u201d.<\/em><\/strong><br \/>\n<strong><em>Aprel hadis\u0259l\u0259ri zaman\u0131 rayonumuzda 256 ev\u0259, 4 m\u0259kt\u0259b\u0259, 2 h\u0259kim m\u0259nt\u0259q\u0259sin\u0259, 1 u\u015faq ba\u011f\u00e7as\u0131na ziyan d\u0259yib, 32 ev tamamil\u0259 da\u011f\u0131d\u0131l\u0131b.<\/em><\/strong><br \/>\n<strong><em>Hadis\u0259l\u0259rd\u0259n d\u0259rhal sonra Az\u0259rbaycan Respublikas\u0131n\u0131n Prezidenti, Ali Ba\u015f Komandan \u0130lham \u018fliyev xan\u0131m\u0131 Mehriban \u018fliyeva il\u0259 T\u0259rt\u0259r rayonuna s\u0259f\u0259r etdi, Erm\u0259nistan ordusu t\u0259r\u0259find\u0259n iri\u00e7apl\u0131 silahlar v\u0259 artilleriya qur\u011fular\u0131ndan a\u00e7\u0131lm\u0131\u015f at\u0259\u015f n\u0259tic\u0259sind\u0259 da\u011f\u0131lm\u0131\u015f evl\u0259rin sakinl\u0259ri il\u0259 g\u00f6r\u00fc\u015fd\u00fc, c\u0259bh\u0259 x\u0259ttinin 200 metrliyind\u0259 yerl\u0259\u015f\u0259n Qapanl\u0131 k\u0259ndind\u0259 oldu. Bundan sonra da\u011f\u0131lm\u0131\u015f evl\u0259rin t\u0259miri m\u0259qs\u0259di il\u0259 Prezidentin Ehtiyat Fondundan 3 milyon manat v\u0259sait ayr\u0131ld\u0131. \u00d6t\u0259n il T\u0259rt\u0259r\u0259 ikinci s\u0259f\u0259ri zaman\u0131 d\u00f6vl\u0259timizin ba\u015f\u00e7\u0131s\u0131 v\u0259 \u00f6lk\u0259nin birinci xan\u0131m\u0131 b\u0259rpa edilmi\u015f evl\u0259rin sakinl\u0259ri il\u0259 yenid\u0259n g\u00f6r\u00fc\u015f\u00fcb, onlar\u0131n v\u0259ziyy\u0259ti il\u0259 maraqland\u0131lar.<\/em><\/strong><br \/>\n<strong><em>Aprel ay\u0131nda ba\u015f vermi\u015f hadis\u0259l\u0259r ordumuzun g\u00fcc\u00fcn\u00fc, q\u00fcdr\u0259tini, Az\u0259rbaycan \u0259sg\u0259rinin \u015f\u00fcca\u0259tini, xalqla iqtidar\u0131n birliyini, ordu il\u0259 s\u0131ravi v\u0259t\u0259nda\u015flar\u0131n eyni amal u\u011frunda m\u00fcbariz\u0259sini b\u00fct\u00fcn d\u00fcn-yaya n\u00fcmayi\u015f etdirdi.<\/em><\/strong><br \/>\n<strong><em>H\u0259min g\u00fcnl\u0259rd\u0259 T\u0259rt\u0259r\u0259 g\u0259l\u0259n y\u00fczl\u0259rl\u0259 xarici qonaq rayon sakinl\u0259rinin m\u0259rdliyini heyranl\u0131qla m\u00fc\u015fahid\u0259 edirdi. Rayonda h\u0259dsiz ruh y\u00fcks\u0259kliyi, co\u015fqunluq m\u00fc\u015fahid\u0259 olunurdu. <\/em><\/strong><br \/>\n<strong><em>Aprel m\u00fcharib\u0259sind\u0259 biz \u015f\u0259hid verdik, xalq\u0131m\u0131z\u0131n c\u0259sur, v\u0259t\u0259np\u0259rv\u0259r, igid o\u011fullar\u0131 torpaq u\u011frunda canlar\u0131ndan ke\u00e7dil\u0259r. Allah \u015f\u0259hidl\u0259rimiz\u0259 r\u0259hm\u0259t el\u0259sin!<\/em><\/strong><\/p>\n<p style=\"text-align: right;\"><strong><em>\u201cYeni T\u0259rt\u0259r\u201d<\/em><\/strong><\/p>\n","protected":false},"excerpt":{"rendered":"<p>AZ\u018fRBAYCAN ORDUSUNUN Z\u018fF\u018fR Y\u00dcR\u00dc\u015e\u00dc \u00d6t\u0259n ilin aprelind\u0259 ay\u0131n 1-d\u0259n 2-n\u0259 ke\u00e7\u0259n gec\u0259 v\u0259 bundan sonrak\u0131 g\u00fcnl\u0259r \u0259rzind\u0259 b\u00fct\u00fcn c\u0259bh\u0259 boyu m\u00f6vqel\u0259rimiz v\u0259 ya\u015fay\u0131\u015f m\u0259nt\u0259q\u0259l\u0259rimiz d\u00fc\u015fm\u0259n t\u0259r\u0259find\u0259n intensiv at\u0259\u015f\u0259 m\u0259ruz qald\u0131. Bunun n\u0259tic\u0259sind\u0259 \u0259sg\u0259rl\u0259rimizl\u0259 yana\u015f\u0131 m\u00fclki \u0259hali aras\u0131nda da \u00f6l\u0259n v\u0259 yaralananlar oldu, ya\u015fay\u0131\u015f m\u0259nt\u0259q\u0259l\u0259rin\u0259 ciddi ziyan d\u0259ydi. T\u0259xribat\u0131n qar\u015f\u0131s\u0131n\u0131 almaq, m\u00fclki \u0259halinin t\u0259hl\u00fck\u0259sizliyini t\u0259min etm\u0259k [&hellip;]<\/p>\n","protected":false},"author":2,"featured_media":0,"comment_status":"closed","ping_status":"closed","sticky":false,"template":"","format":"standard","meta":[],"categories":[10],"tags":[20],"_links":{"self":[{"href":"https:\/\/yeniterter.az\/index.php?rest_route=\/wp\/v2\/posts\/6266"}],"collection":[{"href":"https:\/\/yeniterter.az\/index.php?rest_route=\/wp\/v2\/posts"}],"about":[{"href":"https:\/\/yeniterter.az\/index.php?rest_route=\/wp\/v2\/types\/post"}],"author":[{"embeddable":true,"href":"https:\/\/yeniterter.az\/index.php?rest_route=\/wp\/v2\/users\/2"}],"replies":[{"embeddable":true,"href":"https:\/\/yeniterter.az\/index.php?rest_route=%2Fwp%2Fv2%2Fcomments&post=6266"}],"version-history":[{"count":0,"href":"https:\/\/yeniterter.az\/index.php?rest_route=\/wp\/v2\/posts\/6266\/revisions"}],"wp:attachment":[{"href":"https:\/\/yeniterter.az\/index.php?rest_route=%2Fwp%2Fv2%2Fmedia&parent=6266"}],"wp:term":[{"taxonomy":"category","embeddable":true,"href":"https:\/\/yeniterter.az\/index.php?rest_route=%2Fwp%2Fv2%2Fcategories&post=6266"},{"taxonomy":"post_tag","embeddable":true,"href":"https:\/\/yeniterter.az\/index.php?rest_route=%2Fwp%2Fv2%2Ftags&post=6266"}],"curies":[{"name":"wp","href":"https:\/\/api.w.org\/{rel}","templated":true}]}}