{"id":6255,"date":"2017-04-12T10:43:15","date_gmt":"2017-04-12T07:43:15","guid":{"rendered":"http:\/\/www.yeniterter.az\/?p=6255"},"modified":"2017-04-12T10:43:59","modified_gmt":"2017-04-12T07:43:59","slug":"r%c9%99sad%c9%99tli-az%c9%99rbaycan-ordusu-movzusunda-insa-yazi-musabiq%c9%99si","status":"publish","type":"post","link":"https:\/\/yeniterter.az\/?p=6255","title":{"rendered":"\u201cR\u018f\u015eAD\u018fTL\u0130 AZ\u018fRBAYCAN ORDUSU\u201d M\u00d6VZUSUNDA \u0130N\u015eA YAZI M\u00dcSAB\u0130Q\u018fS\u0130"},"content":{"rendered":"<p><img decoding=\"async\" loading=\"lazy\" class=\" wp-image-6256 alignleft\" src=\"http:\/\/www.yeniterter.az\/wp-content\/uploads\/IMG_5657-300x225.jpg\" alt=\"IMG_5657\" width=\"165\" height=\"124\" srcset=\"https:\/\/yeniterter.az\/wp-content\/uploads\/IMG_5657-300x225.jpg 300w, https:\/\/yeniterter.az\/wp-content\/uploads\/IMG_5657-768x576.jpg 768w, https:\/\/yeniterter.az\/wp-content\/uploads\/IMG_5657-1024x768.jpg 1024w, https:\/\/yeniterter.az\/wp-content\/uploads\/IMG_5657.jpg 1500w\" sizes=\"(max-width: 165px) 100vw, 165px\" \/>T\u0259rt\u0259r Rayon \u0130cra Hakimiyy\u0259tinin d\u0259st\u0259yi il\u0259 YAP T\u0259rt\u0259r Rayon T\u0259\u015fkilat\u0131 t\u0259hsil \u015f\u00f6b\u0259si il\u0259 birg\u0259 rayonun \u00fcmumt\u0259hsil m\u0259kt\u0259bl\u0259rinin doqquzuncu sinif \u015fagirdl\u0259ri aras\u0131nda \u00f6t\u0259n ilin 4 g\u00fcnl\u00fck aprel sava\u015f\u0131nda Az\u0259rbaycan Ordusunun m\u0259nfur erm\u0259ni q\u0259sbkarlar\u0131n\u0131n t\u00f6r\u0259tdikl\u0259ri fitn\u0259karl\u0131\u011fa qar\u015f\u0131 vuru\u015faraq \u0259ld\u0259 etdiyi tarixi q\u0259l\u0259b\u0259nin ild\u00f6n\u00fcm\u00fcn\u0259 h\u0259sr olunmu\u015f \u201cR\u0259\u015fad\u0259tli Az\u0259rbaycan Ordusu\u201d m\u00f6vzusunda in\u015fa-yaz\u0131 m\u00fcsabiq\u0259si ke\u00e7irdi.<br \/>\nT\u0259dbird\u0259 T\u0259rt\u0259r Rayon \u0130cra Hakimiyy\u0259ti Ba\u015f\u00e7\u0131s\u0131 Aparat\u0131n\u0131n \u0130ctimai-siyasi v\u0259 humanitar m\u0259s\u0259l\u0259l\u0259r \u015f\u00f6b\u0259si m\u00fcdirinin m\u00fcavini \u2013 dini qurumlarla i\u015fin t\u0259\u015fkilat\u00e7\u0131s\u0131 Elvin Umudov, t\u0259hsil \u015f\u00f6b\u0259sinin m\u00fcdiri Surxay Mirz\u0259yev, YAP rayon t\u0259\u015fkilat\u0131 aparat\u0131n\u0131n r\u0259hb\u0259ri Kamil M\u0259mm\u0259dov \u00e7\u0131x\u0131\u015f ed\u0259r\u0259k, \u0259sas\u0131 Ulu \u00d6nd\u0259r Heyd\u0259r \u018fliyev t\u0259r\u0259find\u0259n qoyulmu\u015f ordu quruculu\u011fu siyas\u0259tinin bu g\u00fcn m\u00f6ht\u0259r\u0259m Prezident, c\u0259nab Ali Ba\u015f Komandan \u0130lham \u018fliyev t\u0259r\u0259find\u0259n u\u011furla davam etdirilm\u0259sind\u0259n, bu g\u00fcn Az\u0259rbaycan Ordusunun t\u0259kc\u0259 regionda deyil, uzun tarix\u0259 malik d\u00f6vl\u0259tl\u0259rin ordular\u0131 aras\u0131nda da qabaqc\u0131l yerl\u0259rd\u0259n birin\u0259 sahib olmas\u0131ndan, ordumuzun h\u0259r an d\u00fc\u015fm\u0259n tapdaqlar\u0131 alt\u0131nda olan torpaqlar\u0131m\u0131z\u0131n azadl\u0131\u011f\u0131 u\u011frunda apar\u0131lacaq m\u00fcbariz\u0259y\u0259 haz\u0131r olmalar\u0131ndan dan\u0131\u015fd\u0131lar.<!--more--><br \/>\nM\u00fcsabiq\u0259d\u0259 rayonun 44 \u00fcmumt\u0259hsil m\u0259kt\u0259bind\u0259n 44 n\u0259f\u0259r doqquzuncu sinif \u015fagirdi i\u015ftirak etdi.<br \/>\nM\u00fcsabiq\u0259nin n\u0259tic\u0259l\u0259ri yaz\u0131lar komissiya \u00fczvl\u0259ri t\u0259r\u0259find\u0259n yoxlan\u0131ld\u0131qdan sonra b\u0259lli olacaq.<\/p>\n<p style=\"text-align: right;\"><strong><em>\u201cYeni T\u0259rt\u0259r\u201d<\/em><\/strong><\/p>\n","protected":false},"excerpt":{"rendered":"<p>T\u0259rt\u0259r Rayon \u0130cra Hakimiyy\u0259tinin d\u0259st\u0259yi il\u0259 YAP T\u0259rt\u0259r Rayon T\u0259\u015fkilat\u0131 t\u0259hsil \u015f\u00f6b\u0259si il\u0259 birg\u0259 rayonun \u00fcmumt\u0259hsil m\u0259kt\u0259bl\u0259rinin doqquzuncu sinif \u015fagirdl\u0259ri aras\u0131nda \u00f6t\u0259n ilin 4 g\u00fcnl\u00fck aprel sava\u015f\u0131nda Az\u0259rbaycan Ordusunun m\u0259nfur erm\u0259ni q\u0259sbkarlar\u0131n\u0131n t\u00f6r\u0259tdikl\u0259ri fitn\u0259karl\u0131\u011fa qar\u015f\u0131 vuru\u015faraq \u0259ld\u0259 etdiyi tarixi q\u0259l\u0259b\u0259nin ild\u00f6n\u00fcm\u00fcn\u0259 h\u0259sr olunmu\u015f \u201cR\u0259\u015fad\u0259tli Az\u0259rbaycan Ordusu\u201d m\u00f6vzusunda in\u015fa-yaz\u0131 m\u00fcsabiq\u0259si ke\u00e7irdi. T\u0259dbird\u0259 T\u0259rt\u0259r Rayon \u0130cra Hakimiyy\u0259ti [&hellip;]<\/p>\n","protected":false},"author":2,"featured_media":0,"comment_status":"closed","ping_status":"closed","sticky":false,"template":"","format":"standard","meta":[],"categories":[1],"tags":[13],"_links":{"self":[{"href":"https:\/\/yeniterter.az\/index.php?rest_route=\/wp\/v2\/posts\/6255"}],"collection":[{"href":"https:\/\/yeniterter.az\/index.php?rest_route=\/wp\/v2\/posts"}],"about":[{"href":"https:\/\/yeniterter.az\/index.php?rest_route=\/wp\/v2\/types\/post"}],"author":[{"embeddable":true,"href":"https:\/\/yeniterter.az\/index.php?rest_route=\/wp\/v2\/users\/2"}],"replies":[{"embeddable":true,"href":"https:\/\/yeniterter.az\/index.php?rest_route=%2Fwp%2Fv2%2Fcomments&post=6255"}],"version-history":[{"count":0,"href":"https:\/\/yeniterter.az\/index.php?rest_route=\/wp\/v2\/posts\/6255\/revisions"}],"wp:attachment":[{"href":"https:\/\/yeniterter.az\/index.php?rest_route=%2Fwp%2Fv2%2Fmedia&parent=6255"}],"wp:term":[{"taxonomy":"category","embeddable":true,"href":"https:\/\/yeniterter.az\/index.php?rest_route=%2Fwp%2Fv2%2Fcategories&post=6255"},{"taxonomy":"post_tag","embeddable":true,"href":"https:\/\/yeniterter.az\/index.php?rest_route=%2Fwp%2Fv2%2Ftags&post=6255"}],"curies":[{"name":"wp","href":"https:\/\/api.w.org\/{rel}","templated":true}]}}