{"id":6251,"date":"2017-04-12T10:39:54","date_gmt":"2017-04-12T07:39:54","guid":{"rendered":"http:\/\/www.yeniterter.az\/?p=6251"},"modified":"2017-04-12T10:39:54","modified_gmt":"2017-04-12T07:39:54","slug":"2-aprel-1993-cu-il-k%c9%99lb%c9%99c%c9%99rin-isgali-gunudur","status":"publish","type":"post","link":"https:\/\/yeniterter.az\/?p=6251","title":{"rendered":"2 APREL 1993-c\u00fc il K\u018fLB\u018fC\u018fR\u0130N \u0130\u015e\u011eALI G\u00dcN\u00dcD\u00dcR"},"content":{"rendered":"<p><strong>\u201cKA\u015e YUXULARIM \u00c7\u0130N OLA!\u201d<\/strong><\/p>\n<p><img decoding=\"async\" loading=\"lazy\" class=\" wp-image-6252 alignright\" src=\"http:\/\/www.yeniterter.az\/wp-content\/uploads\/9e3d79ab19730ef2eecf42c20d4a62a3-300x199.jpg\" alt=\"9e3d79ab19730ef2eecf42c20d4a62a3\" width=\"219\" height=\"145\" srcset=\"https:\/\/yeniterter.az\/wp-content\/uploads\/9e3d79ab19730ef2eecf42c20d4a62a3-300x199.jpg 300w, https:\/\/yeniterter.az\/wp-content\/uploads\/9e3d79ab19730ef2eecf42c20d4a62a3-768x509.jpg 768w, https:\/\/yeniterter.az\/wp-content\/uploads\/9e3d79ab19730ef2eecf42c20d4a62a3.jpg 895w\" sizes=\"(max-width: 219px) 100vw, 219px\" \/><img decoding=\"async\" loading=\"lazy\" class=\" wp-image-6253 alignleft\" src=\"http:\/\/www.yeniterter.az\/wp-content\/uploads\/DSC_8684-300x201.jpg\" alt=\"DSC_8684\" width=\"188\" height=\"126\" srcset=\"https:\/\/yeniterter.az\/wp-content\/uploads\/DSC_8684-300x201.jpg 300w, https:\/\/yeniterter.az\/wp-content\/uploads\/DSC_8684-768x514.jpg 768w, https:\/\/yeniterter.az\/wp-content\/uploads\/DSC_8684.jpg 1000w\" sizes=\"(max-width: 188px) 100vw, 188px\" \/>Az\u0259rbaycan\u0131n \u0259srar\u0259ngiz g\u00f6z\u0259llikl\u0259r diyar\u0131 olan rayonlar\u0131ndan biri d\u0259 uca da\u011flar qoynynda q\u0259rar tutan K\u0259lb\u0259c\u0259rdir. Son bir ne\u00e7\u0259 ildir ki, aprel ay\u0131 ba\u015flayanda b\u00f6y\u00fck \u00fcr\u0259k a\u011fr\u0131s\u0131 il\u0259 h\u0259min i\u015f\u011fal tarixini qeyd edirik.<br \/>\nYa\u015f\u0131 s\u0259ks\u0259ni haqlam\u0131\u015f, \u00fcz-g\u00f6z\u00fcnd\u0259n nuranilik ya\u011fan Xublar n\u0259n\u0259 v\u0259 o\u011flu \u018fsg\u0259r H\u00fcseynovla \u00fcz-\u00fcz\u0259 oturub s\u00f6hb\u0259t edirik. Xublar n\u0259n\u0259gilin ail\u0259si K\u0259lb\u0259c\u0259rin Sar\u0131da\u015f k\u0259ndind\u0259ndi.<br \/>\nSar\u0131da\u015f\u0131n tarixi \u00e7ox q\u0259dimdi, bu k\u0259ndd\u0259 ya\u015fayan insanlar\u0131n ham\u0131s\u0131 uzun\u00f6m\u00fcrl\u00fcd\u00fcrl\u0259r. Xublar n\u0259n\u0259 deyir ki, bir d\u0259 e\u015fitdik ki, erm\u0259nil\u0259r K\u0259lb\u0259c\u0259r\u0259 giribl\u0259r. 9 n\u0259f\u0259r ail\u0259 \u00fczvl\u0259rimizl\u0259 h\u0259r \u015feyimizi qoyub Murov da\u011f\u0131na q\u0259d\u0259r piyada g\u0259ldik. Murov yolunda ma\u015f\u0131n, insan \u0259lind\u0259n yerim\u0259k olmurdu&#8230; <!--more--><br \/>\nN\u0259n\u0259 dan\u0131\u015fa bilmir, k\u00f6vr\u0259lir. S\u00f6hb\u0259timiz\u0259 o\u011flu \u018fsg\u0259r qo\u015fulur. (\u0130ndi onun 42 ya\u015f\u0131 var). Deyir ki, \u00e7ox \u00e7\u0259tinlikl\u0259 d\u0259 olsa G\u0259nc\u0259y\u0259 g\u0259ldik. Oradan da T\u0259rt\u0259rin Seydimli k\u0259ndin\u0259 p\u0259nah g\u0259tir\u0259r\u0259k tarla d\u00fc\u015f\u0259rg\u0259sind\u0259 m\u0259skunla\u015fd\u0131q. Burada 1 il ya\u015fayandan sonra T\u0259rt\u0259r \u015f\u0259h\u0259rin\u0259 g\u0259ldik. \u00c7\u00fcnki xalam Valid\u0259 T\u0259rt\u0259rd\u0259 ya\u015fay\u0131rd\u0131. Allah h\u0259mi\u015f\u0259 yax\u015f\u0131lara k\u00f6m\u0259k olsun! \u015e\u0259h\u0259r 3 sayl\u0131 m\u0259kt\u0259bin direktoru Dil\u015fad m\u00fc\u0259llim\u0259 biz\u0259 1 g\u00f6z otaq verdi. El\u0259 o zamandan da h\u0259min m\u0259kt\u0259bd\u0259 ya\u015fay\u0131r\u0131q.<br \/>\nXublar n\u0259n\u0259nin yenid\u0259n g\u00f6zl\u0259ri dolur. Deyir ki, \u00fc\u00e7 q\u0131z\u0131m \u2013 Kifay\u0259t, M\u0259l\u0259k, X\u0259z\u0259ng\u00fcl, o\u011flum \u0130nqilab bu d\u0259rd\u0259 d\u00f6zm\u0259yib 43-52 ya\u015flar\u0131nda el\u0259 K\u0259lb\u0259c\u0259r dey\u0259-dey\u0259 d\u00fcnyalar\u0131n\u0131 d\u0259yi\u015fdil\u0259r. Sonra deyir: \u201cAz\u0259rbaycan\u0131n h\u0259r yeri g\u00f6z\u0259ldi. Ham\u0131s\u0131 da bizimdi, amma h\u0259r bir insan\u0131n do\u011fuldu\u011fu yer onun v\u0259t\u0259ni say\u0131l\u0131r. Ona g\u00f6r\u0259 d\u0259 K\u0259lb\u0259c\u0259ri bir an bel\u0259 yaddan \u00e7\u0131xara bilmir\u0259m. H\u0259r gec\u0259 yuxular\u0131mda o da\u011flar\u0131 g\u00f6r\u00fcr\u0259m\u201d.<br \/>\nG\u00f6rd\u00fcm ki, Xublar n\u0259n\u0259 dan\u0131\u015fd\u0131qca k\u00f6vr\u0259lir, ona t\u0259skinlik verib dedim: \u201cN\u0259n\u0259, dar\u0131xma, o yerl\u0259r\u0259 qay\u0131tma\u011f\u0131m\u0131za az qal\u0131b. \u0130ndi Az\u0259rbaycan \u0259sg\u0259ri Prezidentin \u2013 Ali Ba\u015f Komandan \u0130lham \u018fliyevin \u0259mrini g\u00f6zl\u0259yir. Torpaqlar\u0131m\u0131z\u0131 s\u00fclh yolu il\u0259 qaytarmasalar, bunun ba\u015fqa \u00e7\u0131x\u0131\u015f yollar\u0131 da var\u201d&#8230;<br \/>\nXublar n\u0259n\u0259 yenid\u0259n s\u00f6hb\u0259t\u0259 qo\u015fuldu: \u201cO\u011ful, ya\u015f\u0131m\u0131n \u00e7ox olmas\u0131na baxma, h\u0259r \u015feyi yax\u015f\u0131 d\u0259rk edir\u0259m. Ordumuzun g\u00fcn\u00fc-g\u00fcnd\u0259n g\u00fccl\u0259ndiyini g\u00f6rd\u00fckc\u0259 bir daha \u0259min oluruq ki, igid \u0259sg\u0259rl\u0259rimiz q\u0131sa m\u00fcdd\u0259t \u0259rzind\u0259 torpaqlar\u0131m\u0131z\u0131 m\u00fct-l\u0259q geri qaytaracaqlar. Onda t\u0259kc\u0259 biz yox, b\u00fct\u00fcn qa\u00e7q\u0131n v\u0259 k\u00f6\u00e7k\u00fcnl\u0259rimizin ham\u0131s\u0131 \u00f6z yurd-yuvalar\u0131na qay\u0131dacaqlar\u201d.<br \/>\nBunu \u00f6t\u0259n ilin aprel ay\u0131ndak\u0131 d\u00f6y\u00fc\u015fl\u0259r d\u0259 subut etdi.<br \/>\nXublar n\u0259n\u0259 sonda:<br \/>\n\u2013Ka\u015f yuxular\u0131m \u00e7in ola!\u2013dedi.<\/p>\n<p style=\"text-align: right;\"><strong><em>Mirz\u0259 N\u0259sir<\/em><\/strong><\/p>\n","protected":false},"excerpt":{"rendered":"<p>\u201cKA\u015e YUXULARIM \u00c7\u0130N OLA!\u201d Az\u0259rbaycan\u0131n \u0259srar\u0259ngiz g\u00f6z\u0259llikl\u0259r diyar\u0131 olan rayonlar\u0131ndan biri d\u0259 uca da\u011flar qoynynda q\u0259rar tutan K\u0259lb\u0259c\u0259rdir. Son bir ne\u00e7\u0259 ildir ki, aprel ay\u0131 ba\u015flayanda b\u00f6y\u00fck \u00fcr\u0259k a\u011fr\u0131s\u0131 il\u0259 h\u0259min i\u015f\u011fal tarixini qeyd edirik. Ya\u015f\u0131 s\u0259ks\u0259ni haqlam\u0131\u015f, \u00fcz-g\u00f6z\u00fcnd\u0259n nuranilik ya\u011fan Xublar n\u0259n\u0259 v\u0259 o\u011flu \u018fsg\u0259r H\u00fcseynovla \u00fcz-\u00fcz\u0259 oturub s\u00f6hb\u0259t edirik. Xublar n\u0259n\u0259gilin ail\u0259si K\u0259lb\u0259c\u0259rin [&hellip;]<\/p>\n","protected":false},"author":2,"featured_media":0,"comment_status":"closed","ping_status":"closed","sticky":false,"template":"","format":"standard","meta":[],"categories":[10],"tags":[20],"_links":{"self":[{"href":"https:\/\/yeniterter.az\/index.php?rest_route=\/wp\/v2\/posts\/6251"}],"collection":[{"href":"https:\/\/yeniterter.az\/index.php?rest_route=\/wp\/v2\/posts"}],"about":[{"href":"https:\/\/yeniterter.az\/index.php?rest_route=\/wp\/v2\/types\/post"}],"author":[{"embeddable":true,"href":"https:\/\/yeniterter.az\/index.php?rest_route=\/wp\/v2\/users\/2"}],"replies":[{"embeddable":true,"href":"https:\/\/yeniterter.az\/index.php?rest_route=%2Fwp%2Fv2%2Fcomments&post=6251"}],"version-history":[{"count":0,"href":"https:\/\/yeniterter.az\/index.php?rest_route=\/wp\/v2\/posts\/6251\/revisions"}],"wp:attachment":[{"href":"https:\/\/yeniterter.az\/index.php?rest_route=%2Fwp%2Fv2%2Fmedia&parent=6251"}],"wp:term":[{"taxonomy":"category","embeddable":true,"href":"https:\/\/yeniterter.az\/index.php?rest_route=%2Fwp%2Fv2%2Fcategories&post=6251"},{"taxonomy":"post_tag","embeddable":true,"href":"https:\/\/yeniterter.az\/index.php?rest_route=%2Fwp%2Fv2%2Ftags&post=6251"}],"curies":[{"name":"wp","href":"https:\/\/api.w.org\/{rel}","templated":true}]}}