{"id":6112,"date":"2017-03-15T14:07:57","date_gmt":"2017-03-15T11:07:57","guid":{"rendered":"http:\/\/www.yeniterter.az\/?p=6112"},"modified":"2017-03-15T14:07:57","modified_gmt":"2017-03-15T11:07:57","slug":"t%c9%99bi%c9%99td%c9%99n-g%c9%99l%c9%99n-bayram","status":"publish","type":"post","link":"https:\/\/yeniterter.az\/?p=6112","title":{"rendered":"T\u018fB\u0130\u018fTD\u018fN G\u018fL\u018fN BAYRAM"},"content":{"rendered":"<p>Xalq\u0131m\u0131z\u0131n \u0259n q\u0259dim v\u0259 \u0259ziz bayram\u0131 Novruz yurdumuza q\u0259d\u0259m qoyur. Bayram m\u00fcnasib\u0259til\u0259 \u015f\u0259h\u0259rimizin m\u0259rk\u0259zi meydan\u0131nda t\u0259dbir ke\u00e7iril\u0259c\u0259k. Meydanda qoyulmu\u015f Novruzun r\u0259mzi olan n\u0259h\u0259ng s\u0259m\u0259ni t\u0259rt\u0259rlil\u0259rd\u0259 xo\u015f ovqat yarad\u0131r.<br \/>\nNovruz b\u00fct\u00fcn t\u00fcrk d\u00fcnyas\u0131na xas olsa da, Az\u0259rbaycanda daha m\u00f6ht\u0259\u015f\u0259m qeyd edilir. Milli ad\u0259t-\u0259n\u0259n\u0259l\u0259rimiz\u0259, o c\u00fcml\u0259d\u0259n Novruz bayram\u0131na y\u00fcks\u0259k qiym\u0259t ver\u0259n Ulu \u00d6nd\u0259r Heyd\u0259r \u018fliyev bu bayram haqq\u0131nda deyib: \u201cNovruz xalq\u0131m\u0131z\u0131n \u0259srl\u0259rd\u0259n b\u0259ri qoruyub saxlad\u0131\u011f\u0131 v\u0259 b\u00fct\u00fcn d\u00f6vrl\u0259rd\u0259 h\u0259mi\u015f\u0259 \u0259ziz tutdu\u011fu bayramlardan biridir. Onun tarixi d\u0259 Az\u0259rbaycan xalq\u0131n\u0131n tarixi kimi k\u0259\u015fm\u0259k\u0259\u015fli, eni\u015fli-yoxu\u015flu olmu\u015fdur. Bu ulu bayram\u0131n m\u00fcst\u0259qil respublikam\u0131zda d\u00f6vl\u0259t s\u0259viyy\u0259sind\u0259 qeyd edilm\u0259si \u00f6z milli k\u00f6kl\u0259rimiz\u0259, ad\u0259t-\u0259n\u0259n\u0259l\u0259rimiz\u0259, tarixi ke\u00e7mi\u015fimiz\u0259 d\u0259rin ehtiram b\u0259sl\u0259diyimizi v\u0259 sars\u0131lmaz tell\u0259rl\u0259 ba\u011fl\u0131 oldu\u011fumuzu n\u00fcmayi\u015f etdirir\u201d.<br \/>\n\u00dcmummilli Lider \u00f6lk\u0259d\u0259 siyasi hakimiyy\u0259t\u0259 yenid\u0259n qay\u0131td\u0131qdan sonra bu bayram\u0131n y\u00fcks\u0259k \u0259hval-ruhiyy\u0259d\u0259 qeyd olunmas\u0131 \u00fc\u00e7\u00fcn laz\u0131mi t\u0259dbirl\u0259r h\u0259yata ke\u00e7irmi\u015fdir. Novruz bayram\u0131 d\u00f6vl\u0259t s\u0259viyy\u0259sind\u0259 qeyd olunma\u011fa ba\u015flam\u0131\u015fd\u0131r. Bu, dig\u0259r d\u00f6vl\u0259t bayramlar\u0131ndan ona g\u00f6r\u0259 se\u00e7ilir ki, Novruz t\u0259bi\u0259td\u0259n g\u0259l\u0259n bayramd\u0131r, eyni zamanda, maddi v\u0259ziyy\u0259tind\u0259n as\u0131l\u0131 olmayaraq, h\u0259r bir insan onu qeyd edir.<!--more--><br \/>\nAz\u0259rbaycan Prezidenti \u0130lham \u018fliyev Ulu \u00d6nd\u0259rin layiqli varisi kimi \u00f6lk\u0259mizd\u0259 Novruzun y\u00fcks\u0259k s\u0259viyy\u0259d\u0259 qeyd olunmas\u0131na, h\u0259m\u00e7inin xaricd\u0259 ya\u015fayan az\u0259rbaycanl\u0131lar aras\u0131nda bu q\u0259dim ad\u0259tin ya\u015fad\u0131lmas\u0131na \u00e7al\u0131\u015f\u0131r. O deyib: \u201cHarada ya\u015famas\u0131ndan as\u0131l\u0131 olmayaraq, bu bahar bayram\u0131n\u0131 b\u00fct\u00fcn az\u0259rbaycanl\u0131lar d\u0259rin m\u0259h\u0259bb\u0259t v\u0259 ehtiramla qeyd edirl\u0259r. Qoy onlar\u0131n bu hissl\u0259ri d\u00fcnya az\u0259rbaycanl\u0131lar\u0131n\u0131n do\u011fma v\u0259t\u0259n\u0259, ana dilin\u0259 v\u0259 el-obalar\u0131na \u0259b\u0259di ba\u011fl\u0131l\u0131qlar\u0131n\u0131 daha da g\u00fccl\u0259ndirsin\u201d.<br \/>\n2010-cu ild\u0259 BMT-nin Ba\u015f M\u0259clisi mart\u0131n 21-ni \u201cBeyn\u0259lxalq Novruz G\u00fcn\u00fc\u201d elan etmi\u015fdir.<br \/>\nZ\u0259ngin m\u0259n\u0259vi d\u0259y\u0259rl\u0259rimiz\u0259 s\u00f6yk\u0259n\u0259r\u0259k insanlar aras\u0131nda qar\u015f\u0131l\u0131ql\u0131 h\u00f6rm\u0259t, s\u0259mimiyy\u0259t v\u0259 mehribanl\u0131q m\u00fcnasib\u0259tl\u0259rini daha da m\u00f6hk\u0259ml\u0259ndir\u0259n Novruz bayram\u0131 xalqda g\u0259l\u0259c\u0259y\u0259 nikbinlikl\u0259, \u00fcmidl\u0259 baxmaq hissl\u0259ri do\u011furur.<\/p>\n<p style=\"text-align: right;\"><strong><em>\u201cYeni T\u0259rt\u0259r\u201d<\/em><\/strong><\/p>\n","protected":false},"excerpt":{"rendered":"<p>Xalq\u0131m\u0131z\u0131n \u0259n q\u0259dim v\u0259 \u0259ziz bayram\u0131 Novruz yurdumuza q\u0259d\u0259m qoyur. Bayram m\u00fcnasib\u0259til\u0259 \u015f\u0259h\u0259rimizin m\u0259rk\u0259zi meydan\u0131nda t\u0259dbir ke\u00e7iril\u0259c\u0259k. Meydanda qoyulmu\u015f Novruzun r\u0259mzi olan n\u0259h\u0259ng s\u0259m\u0259ni t\u0259rt\u0259rlil\u0259rd\u0259 xo\u015f ovqat yarad\u0131r. Novruz b\u00fct\u00fcn t\u00fcrk d\u00fcnyas\u0131na xas olsa da, Az\u0259rbaycanda daha m\u00f6ht\u0259\u015f\u0259m qeyd edilir. Milli ad\u0259t-\u0259n\u0259n\u0259l\u0259rimiz\u0259, o c\u00fcml\u0259d\u0259n Novruz bayram\u0131na y\u00fcks\u0259k qiym\u0259t ver\u0259n Ulu \u00d6nd\u0259r Heyd\u0259r \u018fliyev bu bayram [&hellip;]<\/p>\n","protected":false},"author":2,"featured_media":0,"comment_status":"closed","ping_status":"closed","sticky":false,"template":"","format":"standard","meta":[],"categories":[30],"tags":[32],"_links":{"self":[{"href":"https:\/\/yeniterter.az\/index.php?rest_route=\/wp\/v2\/posts\/6112"}],"collection":[{"href":"https:\/\/yeniterter.az\/index.php?rest_route=\/wp\/v2\/posts"}],"about":[{"href":"https:\/\/yeniterter.az\/index.php?rest_route=\/wp\/v2\/types\/post"}],"author":[{"embeddable":true,"href":"https:\/\/yeniterter.az\/index.php?rest_route=\/wp\/v2\/users\/2"}],"replies":[{"embeddable":true,"href":"https:\/\/yeniterter.az\/index.php?rest_route=%2Fwp%2Fv2%2Fcomments&post=6112"}],"version-history":[{"count":0,"href":"https:\/\/yeniterter.az\/index.php?rest_route=\/wp\/v2\/posts\/6112\/revisions"}],"wp:attachment":[{"href":"https:\/\/yeniterter.az\/index.php?rest_route=%2Fwp%2Fv2%2Fmedia&parent=6112"}],"wp:term":[{"taxonomy":"category","embeddable":true,"href":"https:\/\/yeniterter.az\/index.php?rest_route=%2Fwp%2Fv2%2Fcategories&post=6112"},{"taxonomy":"post_tag","embeddable":true,"href":"https:\/\/yeniterter.az\/index.php?rest_route=%2Fwp%2Fv2%2Ftags&post=6112"}],"curies":[{"name":"wp","href":"https:\/\/api.w.org\/{rel}","templated":true}]}}