{"id":6107,"date":"2017-03-15T14:02:39","date_gmt":"2017-03-15T11:02:39","guid":{"rendered":"http:\/\/www.yeniterter.az\/?p=6107"},"modified":"2017-03-16T14:05:44","modified_gmt":"2017-03-16T11:05:44","slug":"az%c9%99rbaycan-qadinlari-%c9%99razi-butovluyumuzun-qorunmasinda-boyuk-f%c9%99dakarliqlar-gost%c9%99ribl%c9%99r","status":"publish","type":"post","link":"https:\/\/yeniterter.az\/?p=6107","title":{"rendered":"AZ\u018fRBAYCAN QADINLARI \u018fRAZ\u0130 B\u00dcT\u00d6VL\u00dcY\u00dcM\u00dcZ\u00dcN QORUNMASINDA B\u00d6Y\u00dcK F\u018fDAKARLIQLAR G\u00d6ST\u018fR\u0130BL\u018fR"},"content":{"rendered":"<p><img decoding=\"async\" loading=\"lazy\" class=\" wp-image-6108 alignleft\" src=\"http:\/\/www.yeniterter.az\/wp-content\/uploads\/\u0418\u0437\u043e\u0431\u0440\u0430\u0436\u0435\u043d\u0438\u0435-098-2-300x201.jpg\" alt=\"\u0418\u0437\u043e\u0431\u0440\u0430\u0436\u0435\u043d\u0438\u0435 098\" width=\"179\" height=\"120\" srcset=\"https:\/\/yeniterter.az\/wp-content\/uploads\/\u0418\u0437\u043e\u0431\u0440\u0430\u0436\u0435\u043d\u0438\u0435-098-2-300x201.jpg 300w, https:\/\/yeniterter.az\/wp-content\/uploads\/\u0418\u0437\u043e\u0431\u0440\u0430\u0436\u0435\u043d\u0438\u0435-098-2-768x514.jpg 768w, https:\/\/yeniterter.az\/wp-content\/uploads\/\u0418\u0437\u043e\u0431\u0440\u0430\u0436\u0435\u043d\u0438\u0435-098-2-1024x685.jpg 1024w, https:\/\/yeniterter.az\/wp-content\/uploads\/\u0418\u0437\u043e\u0431\u0440\u0430\u0436\u0435\u043d\u0438\u0435-098-2.jpg 1500w\" sizes=\"(max-width: 179px) 100vw, 179px\" \/><img decoding=\"async\" loading=\"lazy\" class=\" wp-image-6109 alignright\" src=\"http:\/\/www.yeniterter.az\/wp-content\/uploads\/\u0418\u0437\u043e\u0431\u0440\u0430\u0436\u0435\u043d\u0438\u0435-152-300x201.jpg\" alt=\"\u0418\u0437\u043e\u0431\u0440\u0430\u0436\u0435\u043d\u0438\u0435 152\" width=\"191\" height=\"128\" srcset=\"https:\/\/yeniterter.az\/wp-content\/uploads\/\u0418\u0437\u043e\u0431\u0440\u0430\u0436\u0435\u043d\u0438\u0435-152-300x201.jpg 300w, https:\/\/yeniterter.az\/wp-content\/uploads\/\u0418\u0437\u043e\u0431\u0440\u0430\u0436\u0435\u043d\u0438\u0435-152-768x514.jpg 768w, https:\/\/yeniterter.az\/wp-content\/uploads\/\u0418\u0437\u043e\u0431\u0440\u0430\u0436\u0435\u043d\u0438\u0435-152-1024x685.jpg 1024w, https:\/\/yeniterter.az\/wp-content\/uploads\/\u0418\u0437\u043e\u0431\u0440\u0430\u0436\u0435\u043d\u0438\u0435-152.jpg 1500w\" sizes=\"(max-width: 191px) 100vw, 191px\" \/>T\u0259rt\u0259r rayon M\u0259d\u0259niyy\u0259t M\u0259rk\u0259zind\u0259 Az\u0259rbaycan\u0131n D\u00f6vl\u0259t M\u00fcst\u0259qilliyinin b\u0259rpas\u0131n\u0131n 25 illiyi v\u0259 8 Mart \u2013 Beyn\u0259lxalq Qad\u0131nlar G\u00fcn\u00fc m\u00fcnasib\u0259til\u0259 \u201cM\u00fcst\u0259qilliyin b\u0259rpas\u0131nda qad\u0131nlar\u0131n rolu\u201d adl\u0131 t\u0259dbir ke\u00e7irilib.<br \/>\nAil\u0259, Qad\u0131n v\u0259 U\u015faq Probleml\u0259ri \u00fczr\u0259 D\u00f6vl\u0259t Komit\u0259si, F\u00f6vq\u0259lad\u0259 Hallar Nazirliyi, T\u0259rt\u0259r Rayon \u0130cra Hakimiyy\u0259ti v\u0259 \u201cT\u0259miz \u00fcr\u0259kl\u0259r\u201d Qeyri-H\u00f6kum\u0259t T\u0259\u015fkilat\u0131n\u0131n t\u0259\u015fkilat\u00e7\u0131l\u0131\u011f\u0131 il\u0259 ke\u00e7iril\u0259n t\u0259dbird\u0259 A\u011fdam, F\u00fczuli, Goranboy, T\u0259rt\u0259r rayonlar\u0131ndan v\u0259 Naftalan \u015f\u0259h\u0259rind\u0259n olan f\u0259al qad\u0131nlar, h\u0259m\u00e7inin Qaraba\u011f d\u00f6y\u00fc\u015fl\u0259rind\u0259 xidm\u0259tl\u0259ri olan, \u015f\u0259hid v\u0259 azt\u0259minatl\u0131 ail\u0259l\u0259rd\u0259n olan qad\u0131nlar i\u015ftirak edibl\u0259r.<br \/>\nT\u0259dbir i\u015ftirak\u00e7\u0131lar\u0131 \u00dcmummilli Lider Heyd\u0259r \u018fliyevin T\u0259rt\u0259r \u015f\u0259h\u0259rinin m\u0259rk\u0259zi meydan\u0131ndak\u0131 abid\u0259si \u00f6n\u00fcn\u0259 t\u0259r \u00e7i\u00e7\u0259kl\u0259r d\u00fcz\u0259r\u0259k, dahi r\u0259hb\u0259rin xatir\u0259sin\u0259 h\u00f6rm\u0259t v\u0259 ehtiramlar\u0131n\u0131 bildiribl\u0259r.<br \/>\nAz\u0259rbaycan\u0131n d\u00f6vl\u0259t himninin s\u0259sl\u0259ndirilm\u0259si il\u0259 ba\u015flayan t\u0259dbird\u0259 respublikam\u0131z\u0131n m\u00fcst\u0259qilliyi v\u0259 \u0259razi b\u00fct\u00f6vl\u00fcy\u00fc u\u011frunda can\u0131ndan ke\u00e7\u0259n V\u0259t\u0259n \u00f6vladlar\u0131n\u0131n xatir\u0259si bir d\u0259qiq\u0259lik s\u00fckutla yad edilib.<!--more--><br \/>\n<img decoding=\"async\" loading=\"lazy\" class=\" wp-image-6144 alignleft\" src=\"http:\/\/www.yeniterter.az\/wp-content\/uploads\/\u0418\u0437\u043e\u0431\u0440\u0430\u0436\u0435\u043d\u0438\u0435-103-2-300x201.jpg\" alt=\"\u0418\u0437\u043e\u0431\u0440\u0430\u0436\u0435\u043d\u0438\u0435 103\" width=\"193\" height=\"129\" srcset=\"https:\/\/yeniterter.az\/wp-content\/uploads\/\u0418\u0437\u043e\u0431\u0440\u0430\u0436\u0435\u043d\u0438\u0435-103-2-300x201.jpg 300w, https:\/\/yeniterter.az\/wp-content\/uploads\/\u0418\u0437\u043e\u0431\u0440\u0430\u0436\u0435\u043d\u0438\u0435-103-2-768x514.jpg 768w, https:\/\/yeniterter.az\/wp-content\/uploads\/\u0418\u0437\u043e\u0431\u0440\u0430\u0436\u0435\u043d\u0438\u0435-103-2-1024x685.jpg 1024w, https:\/\/yeniterter.az\/wp-content\/uploads\/\u0418\u0437\u043e\u0431\u0440\u0430\u0436\u0435\u043d\u0438\u0435-103-2.jpg 1500w\" sizes=\"(max-width: 193px) 100vw, 193px\" \/><img decoding=\"async\" loading=\"lazy\" class=\" wp-image-6146 alignright\" src=\"http:\/\/www.yeniterter.az\/wp-content\/uploads\/\u0418\u0437\u043e\u0431\u0440\u0430\u0436\u0435\u043d\u0438\u0435-133-2-300x201.jpg\" alt=\"\u0418\u0437\u043e\u0431\u0440\u0430\u0436\u0435\u043d\u0438\u0435 133\" width=\"199\" height=\"133\" srcset=\"https:\/\/yeniterter.az\/wp-content\/uploads\/\u0418\u0437\u043e\u0431\u0440\u0430\u0436\u0435\u043d\u0438\u0435-133-2-300x201.jpg 300w, https:\/\/yeniterter.az\/wp-content\/uploads\/\u0418\u0437\u043e\u0431\u0440\u0430\u0436\u0435\u043d\u0438\u0435-133-2-768x514.jpg 768w, https:\/\/yeniterter.az\/wp-content\/uploads\/\u0418\u0437\u043e\u0431\u0440\u0430\u0436\u0435\u043d\u0438\u0435-133-2-1024x685.jpg 1024w, https:\/\/yeniterter.az\/wp-content\/uploads\/\u0418\u0437\u043e\u0431\u0440\u0430\u0436\u0435\u043d\u0438\u0435-133-2.jpg 1500w\" sizes=\"(max-width: 199px) 100vw, 199px\" \/>T\u0259rt\u0259r Rayon \u0130cra Hakimiyy\u0259tinin ba\u015f\u00e7\u0131s\u0131 M\u00fcst\u0259qim M\u0259mm\u0259dov \u00e7\u0131x\u0131\u015f ed\u0259r\u0259k, bayram m\u00fcnasib\u0259til\u0259 qad\u0131nlara t\u0259brikl\u0259rini \u00e7atd\u0131r\u0131b. Bildirib ki, c\u0259bh\u0259 b\u00f6lg\u0259sind\u0259 ya\u015fayan v\u0259 \u00e7al\u0131\u015fan t\u0259rt\u0259rli qad\u0131nlar rayonun ictimai-siyasi v\u0259 m\u0259d\u0259ni h\u0259yat\u0131nda f\u0259al i\u015ftirak edirl\u0259r. C\u0259bh\u0259d\u0259 ba\u015f ver\u0259n g\u0259rginlikl\u0259r\u0259, erm\u0259ni silahl\u0131lar\u0131n\u0131n ya\u015fay\u0131\u015f m\u0259nt\u0259q\u0259l\u0259rini at\u0259\u015f alt\u0131nda saxlamas\u0131na baxmayaraq, \u00f6z do\u011fma torpaqlar\u0131nda m\u0259tinlikl\u0259 dayanan t\u0259rt\u0259rlil\u0259r, o c\u00fcml\u0259d\u0259n t\u0259rt\u0259rli qad\u0131nlar rayonun daha da inki\u015faf\u0131 namin\u0259 \u0259zml\u0259 \u00e7al\u0131\u015f\u0131rlar.<br \/>\nAil\u0259, Qad\u0131n v\u0259 U\u015faq Probleml\u0259ri \u00fczr\u0259 D\u00f6vl\u0259t Komit\u0259sinin s\u0259dri Hicran H\u00fcseynova \u00e7\u0131x\u0131\u015f ed\u0259r\u0259k, d\u00f6vl\u0259t m\u00fcst\u0259qilliyinin qazan\u0131lmas\u0131nda v\u0259 m\u00f6hk\u0259ml\u0259ndirilm\u0259sind\u0259 qad\u0131nlar\u0131n rolundan dan\u0131\u015f\u0131b. Bildirib ki, Az\u0259rbaycan \u0259halisinin yar\u0131dan \u00e7oxunu qad\u0131nlar t\u0259\u015fkil edir. Az\u0259rbaycan qad\u0131nlar\u0131 tarixin b\u00fct\u00fcn d\u00f6vrl\u0259rind\u0259 c\u0259miyy\u0259tin m\u0259n\u0259vi daya\u011f\u0131 olub, <img decoding=\"async\" loading=\"lazy\" class=\" wp-image-6147 alignleft\" src=\"http:\/\/www.yeniterter.az\/wp-content\/uploads\/\u0418\u0437\u043e\u0431\u0440\u0430\u0436\u0435\u043d\u0438\u0435-153-300x201.jpg\" alt=\"\u0418\u0437\u043e\u0431\u0440\u0430\u0436\u0435\u043d\u0438\u0435 153\" width=\"202\" height=\"135\" srcset=\"https:\/\/yeniterter.az\/wp-content\/uploads\/\u0418\u0437\u043e\u0431\u0440\u0430\u0436\u0435\u043d\u0438\u0435-153-300x201.jpg 300w, https:\/\/yeniterter.az\/wp-content\/uploads\/\u0418\u0437\u043e\u0431\u0440\u0430\u0436\u0435\u043d\u0438\u0435-153-768x514.jpg 768w, https:\/\/yeniterter.az\/wp-content\/uploads\/\u0418\u0437\u043e\u0431\u0440\u0430\u0436\u0435\u043d\u0438\u0435-153-1024x685.jpg 1024w, https:\/\/yeniterter.az\/wp-content\/uploads\/\u0418\u0437\u043e\u0431\u0440\u0430\u0436\u0435\u043d\u0438\u0435-153.jpg 1500w\" sizes=\"(max-width: 202px) 100vw, 202px\" \/><img decoding=\"async\" loading=\"lazy\" class=\" wp-image-6148 alignright\" src=\"http:\/\/www.yeniterter.az\/wp-content\/uploads\/\u0418\u0437\u043e\u0431\u0440\u0430\u0436\u0435\u043d\u0438\u0435-157-1-300x201.jpg\" alt=\"\u0418\u0437\u043e\u0431\u0440\u0430\u0436\u0435\u043d\u0438\u0435 157\" width=\"207\" height=\"139\" srcset=\"https:\/\/yeniterter.az\/wp-content\/uploads\/\u0418\u0437\u043e\u0431\u0440\u0430\u0436\u0435\u043d\u0438\u0435-157-1-300x201.jpg 300w, https:\/\/yeniterter.az\/wp-content\/uploads\/\u0418\u0437\u043e\u0431\u0440\u0430\u0436\u0435\u043d\u0438\u0435-157-1-768x514.jpg 768w, https:\/\/yeniterter.az\/wp-content\/uploads\/\u0418\u0437\u043e\u0431\u0440\u0430\u0436\u0435\u043d\u0438\u0435-157-1-1024x685.jpg 1024w, https:\/\/yeniterter.az\/wp-content\/uploads\/\u0418\u0437\u043e\u0431\u0440\u0430\u0436\u0435\u043d\u0438\u0435-157-1.jpg 1500w\" sizes=\"(max-width: 207px) 100vw, 207px\" \/>respublikam\u0131z\u0131n m\u00fcst\u0259qilliyinin, \u0259razi b\u00fct\u00f6vl\u00fcy\u00fcn\u00fcn qorunmas\u0131nda b\u00f6y\u00fck f\u0259dakarl\u0131qlar g\u00f6st\u0259ribl\u0259r.<br \/>\nDiqq\u0259t\u0259 \u00e7atd\u0131r\u0131l\u0131b ki, 25 illik m\u00fcst\u0259qillik d\u00f6vr\u00fcnd\u0259 Az\u0259rbaycan d\u00fcnyan\u0131n \u0259n g\u00fccl\u00fc d\u00f6vl\u0259tl\u0259rind\u0259n birin\u0259 \u00e7evrilib. Prezident \u0130lham \u018fliyevin h\u0259yata ke\u00e7irdiyi u\u011furlu daxili v\u0259 xarici siyas\u0259t n\u0259tic\u0259sind\u0259 \u00f6lk\u0259miz bundan sonra da b\u00f6y\u00fck u\u011furlara imza atacaq.<br \/>\nYeni Az\u0259rbaycan Partiyas\u0131 T\u0259rt\u0259r rayon Qad\u0131nlar \u015euras\u0131n\u0131n s\u0259dri Xatir\u0259 M\u0259mm\u0259dova, \u015f\u0259hid anas\u0131 Maya \u0130sg\u0259nd\u0259rova, \u018fm\u0259kdar tibb i\u015f\u00e7isi Fazil\u0259 \u018fliyeva v\u0259 dig\u0259rl\u0259ri \u00e7\u0131x\u0131\u015flar\u0131nda qad\u0131nlara g\u00f6st\u0259ril\u0259n d\u00f6vl\u0259t qay\u011f\u0131s\u0131ndan, Az\u0259rbaycan qad\u0131n\u0131n\u0131n c\u0259miyy\u0259timizd\u0259 tutdu\u011fu y\u00fcks\u0259k m\u00f6vqed\u0259n b\u0259hs edibl\u0259r. Bildirilib ki, milli-\u0259xlaqi d\u0259y\u0259rl\u0259rimizin, ad\u0259t v\u0259 \u0259n\u0259n\u0259l\u0259rimizin ke\u015fiyind\u0259 \u015f\u0259r\u0259fl\u0259 dayanan qad\u0131nlar\u0131m\u0131z Az\u0259rbaycan\u0131 \u00e7i\u00e7\u0259kl\u0259n\u0259n, inki\u015faf ed\u0259n, firavan v\u0259 q\u00fcdr\u0259tli bir d\u00f6vl\u0259t\u0259 \u00e7evirm\u0259k yolunda \u0259ll\u0259rind\u0259n g\u0259l\u0259ni \u0259sirg\u0259mirl\u0259r.<br \/>\nSonra bir qrup qad\u0131na Komit\u0259 t\u0259r\u0259find\u0259n diplomlar, bayram h\u0259diyy\u0259l\u0259ri v\u0259 sovqatlar t\u0259qdim edilib.<br \/>\nT\u0259dbir Az\u0259rbaycan D\u00f6vl\u0259t M\u0259d\u0259niyy\u0259t v\u0259 \u0130nc\u0259s\u0259n\u0259t Universitetinin m\u00fc\u0259llim v\u0259 t\u0259l\u0259b\u0259 hey\u0259tinin haz\u0131rlad\u0131\u011f\u0131 konsert proqram\u0131 il\u0259 ba\u015fa \u00e7at\u0131b.<\/p>\n","protected":false},"excerpt":{"rendered":"<p>T\u0259rt\u0259r rayon M\u0259d\u0259niyy\u0259t M\u0259rk\u0259zind\u0259 Az\u0259rbaycan\u0131n D\u00f6vl\u0259t M\u00fcst\u0259qilliyinin b\u0259rpas\u0131n\u0131n 25 illiyi v\u0259 8 Mart \u2013 Beyn\u0259lxalq Qad\u0131nlar G\u00fcn\u00fc m\u00fcnasib\u0259til\u0259 \u201cM\u00fcst\u0259qilliyin b\u0259rpas\u0131nda qad\u0131nlar\u0131n rolu\u201d adl\u0131 t\u0259dbir ke\u00e7irilib. Ail\u0259, Qad\u0131n v\u0259 U\u015faq Probleml\u0259ri \u00fczr\u0259 D\u00f6vl\u0259t Komit\u0259si, F\u00f6vq\u0259lad\u0259 Hallar Nazirliyi, T\u0259rt\u0259r Rayon \u0130cra Hakimiyy\u0259ti v\u0259 \u201cT\u0259miz \u00fcr\u0259kl\u0259r\u201d Qeyri-H\u00f6kum\u0259t T\u0259\u015fkilat\u0131n\u0131n t\u0259\u015fkilat\u00e7\u0131l\u0131\u011f\u0131 il\u0259 ke\u00e7iril\u0259n t\u0259dbird\u0259 A\u011fdam, F\u00fczuli, Goranboy, T\u0259rt\u0259r rayonlar\u0131ndan v\u0259 [&hellip;]<\/p>\n","protected":false},"author":2,"featured_media":0,"comment_status":"closed","ping_status":"closed","sticky":false,"template":"","format":"standard","meta":[],"categories":[1],"tags":[13],"_links":{"self":[{"href":"https:\/\/yeniterter.az\/index.php?rest_route=\/wp\/v2\/posts\/6107"}],"collection":[{"href":"https:\/\/yeniterter.az\/index.php?rest_route=\/wp\/v2\/posts"}],"about":[{"href":"https:\/\/yeniterter.az\/index.php?rest_route=\/wp\/v2\/types\/post"}],"author":[{"embeddable":true,"href":"https:\/\/yeniterter.az\/index.php?rest_route=\/wp\/v2\/users\/2"}],"replies":[{"embeddable":true,"href":"https:\/\/yeniterter.az\/index.php?rest_route=%2Fwp%2Fv2%2Fcomments&post=6107"}],"version-history":[{"count":0,"href":"https:\/\/yeniterter.az\/index.php?rest_route=\/wp\/v2\/posts\/6107\/revisions"}],"wp:attachment":[{"href":"https:\/\/yeniterter.az\/index.php?rest_route=%2Fwp%2Fv2%2Fmedia&parent=6107"}],"wp:term":[{"taxonomy":"category","embeddable":true,"href":"https:\/\/yeniterter.az\/index.php?rest_route=%2Fwp%2Fv2%2Fcategories&post=6107"},{"taxonomy":"post_tag","embeddable":true,"href":"https:\/\/yeniterter.az\/index.php?rest_route=%2Fwp%2Fv2%2Ftags&post=6107"}],"curies":[{"name":"wp","href":"https:\/\/api.w.org\/{rel}","templated":true}]}}