{"id":5967,"date":"2017-03-07T08:31:20","date_gmt":"2017-03-07T05:31:20","guid":{"rendered":"http:\/\/www.yeniterter.az\/?p=5967"},"modified":"2017-03-07T08:31:20","modified_gmt":"2017-03-07T05:31:20","slug":"qara-bayram-v%c9%99-ondan-sui-istifad%c9%99","status":"publish","type":"post","link":"https:\/\/yeniterter.az\/?p=5967","title":{"rendered":"\u201cQARA BAYRAM\u201d V\u018f ONDAN SU\u0130-\u0130ST\u0130FAD\u018f"},"content":{"rendered":"<p><img decoding=\"async\" loading=\"lazy\" class=\" wp-image-5968 alignleft\" src=\"http:\/\/www.yeniterter.az\/wp-content\/uploads\/1401733892-300x169.jpg\" alt=\"1401733892\" width=\"206\" height=\"116\" srcset=\"https:\/\/yeniterter.az\/wp-content\/uploads\/1401733892-300x169.jpg 300w, https:\/\/yeniterter.az\/wp-content\/uploads\/1401733892.jpg 461w\" sizes=\"(max-width: 206px) 100vw, 206px\" \/>Bizim ba\u015fqa xalqlardan f\u0259rql\u0259n\u0259n g\u00f6z\u0259l, milli d\u0259y\u0259rl\u0259rimizi \u0259ks etdir\u0259n ad\u0259t v\u0259 \u0259n\u0259n\u0259l\u0259rimiz var. Novruz bu d\u0259y\u0259rl\u0259rin \u0259n \u00f6n\u0259mlisi v\u0259 t\u0259bi\u0259tin oyan\u0131\u015f\u0131n\u0131 \u00f6z\u00fcnd\u0259 \u0259ks etdir\u0259n bir bayramd\u0131r. H\u0259r bir ail\u0259d\u0259 Novruzu qeyd etm\u0259mi\u015fd\u0259n \u0259vv\u0259l \u201cQara bayram\u201d deyil\u0259n bir \u0259n\u0259n\u0259 qeyd olunur ki, h\u0259min vaxt d\u00fcnyas\u0131n\u0131 d\u0259yi\u015fmi\u015f yax\u0131nlar v\u0259 do\u011fmalar yad edilir, adlar\u0131na ehsan s\u00fcfr\u0259l\u0259ri a\u00e7\u0131l\u0131r, q\u0259birl\u0259ri ziyar\u0259t olunaraq quran sur\u0259l\u0259ri oxunur. G\u0259lin g\u00f6r\u0259k \u201cQara bayram\u201d\u0131 nec\u0259 qeyd edirik v\u0259 bu i\u015fd\u0259 bizim savab\u0131m\u0131z n\u0259 olur? El\u0259 bu fikirl\u0259 d\u0259 T\u0259rt\u0259r \u201cC\u00fcm\u0259\u201d m\u0259scidinin axundu Sadiq C\u0259f\u0259rovu dinl\u0259yib onun \u201cQara bayram\u201d la ba\u011fl\u0131 fikirl\u0259rini \u00f6yr\u0259ndik.<br \/>\nBu il mart\u0131n 7-d\u0259 v\u0259 9-da r\u0259hm\u0259t\u0259 ged\u0259n do\u011fmalar\u0131m\u0131z\u0131 ziyar\u0259t etm\u0259kl\u0259 onlar\u0131 yada salaca\u011f\u0131q. B\u0259zi insanlar ziyar\u0259t\u0259 ged\u0259rk\u0259n m\u00fcxt\u0259lif \u015firniyyatlar apar\u0131b q\u0259birl\u0259rin \u00fcst\u00fcn\u0259 t\u00f6k\u00fcrl\u0259r, qar\u015f\u0131lar\u0131na \u00e7\u0131xan \u201cyalan\u00e7\u0131 molla\u201dlara dualar oxudur-lar. Bel\u0259 hesab edirl\u0259r ki, bununla da d\u00fcnyadan k\u00f6\u00e7\u0259nl\u0259ri yad etmi\u015f olurlar. H\u0259min g\u00fcn\u00fc q\u0259biristanl\u0131qlarda ba\u015f ver\u0259nl\u0259ri g\u00f6r\u0259nd\u0259 adam\u0131 narahatl\u0131q b\u00fcr\u00fcy\u00fcr. \u00d6z maraqlar\u0131n\u0131 g\u00fcd\u0259nl\u0259r do\u011fmalar\u0131n\u0131 itirmi\u015f insanlara aman vermirl\u0259r ki, q\u0259birl\u0259rin yan\u0131na \u00e7ats\u0131nlar. Gah yalvararaq pul, gah da \u015firniyyat ist\u0259yirl\u0259r. Bu hal da ist\u0259r-ist\u0259m\u0259z d\u0259rdli \u015f\u0259xsl\u0259rin \u0259s\u0259bin\u0259 toxunur. <!--more--><br \/>\n\u018fvv\u0259la \u201cQurani-K\u0259rim\u201dd\u0259 \u201cQara bayram\u201dda israf\u00e7\u0131l\u0131q etm\u0259k t\u00f6vsiy\u0259 olunmur. \u0130kincisi q\u0259birl\u0259rin \u00fcz\u0259rind\u0259 Quran ay\u0259sini Qurandan x\u0259b\u0259ri olmayan, t\u0259sad\u00fcfi adamlar, maddiyyat xatirin\u0259 ba\u015flar\u0131na f\u0259s qoyub, \u0259ll\u0259rin\u0259 m\u00fcxt\u0259lif ki-tablar alaraq \u00f6zl\u0259rinin bildiyi kimi oxuyanlar camaat\u0131 aldad\u0131rlar. \u201cQuran\u201d\u0131 f\u0131r\u0131ldaq\u00e7\u0131 adamlar deyil, yaln\u0131z Qafqaz M\u00fcs\u0259lmanlar\u0131 \u0130dar\u0259sinin t\u0259yin etdiyi, attestasiyadan ke\u00e7mi\u015f, dini icmalar\u0131n t\u0259rkibind\u0259 olan \u015f\u0259xsl\u0259r, m\u0259scidin mollalar\u0131 oxuya bil\u0259rl\u0259r.<br \/>\nBir axund kimi, \u0259n\u0259n\u0259vi \u0130slam dinini bil\u0259n bir icma s\u0259dri kimi camaat\u0131m\u0131za m\u0259sl\u0259h\u0259tim v\u0259 t\u00f6vsiy\u0259m budur ki, h\u0259m d\u00fcnyadan k\u00f6\u00e7\u0259nl\u0259rimiz\u0259 h\u00f6rm\u0259t \u0259lam\u0259ti olaraq, h\u0259m d\u0259 israf\u00e7\u0131l\u0131q ed\u0259r\u0259k v\u0259 ifrata vararaq q\u0259birl\u0259rin \u00fcst\u00fcn\u0259 \u015firniyyat t\u00f6km\u0259k \u0259v\u0259zin\u0259 h\u0259min \u015firniyyatlar\u0131 imkans\u0131z, ehtiyac\u0131 olan qonum-qon\u015fuya, qohum-\u0259qrabaya versinl\u0259r.<br \/>\nEl\u0259 insanlar var ki, q\u0259biristanl\u0131qlarda g\u00f6z\u00fc ya\u015fl\u0131 insanlardan \u0259l \u00e7\u0259km\u0259y\u0259r\u0259k pul v\u0259 \u015firniyyat t\u0259l\u0259b edirl\u0259r. Onlardansa \u0259lacs\u0131zlara \u0259l tutmaqla, ehtiyaclar\u0131n\u0131 t\u0259min etm\u0259kl\u0259 \u0259n b\u00f6y\u00fck savab qazanm\u0131\u015f olars\u0131n\u0131z.<br \/>\nP.S. G\u0259lin, g\u00f6rd\u00fcy\u00fcm\u00fcz h\u0259r i\u015fi islami d\u0259y\u0259rl\u0259rimiz bax\u0131m\u0131ndan el\u0259 g\u00f6r\u0259k ki, savab d\u00fcnyas\u0131ndan azac\u0131q da olsa b\u0259hr\u0259l\u0259n\u0259 bil\u0259k.<\/p>\n<p style=\"text-align: right;\"><strong><em>S\u00f6hb\u0259ti q\u0259l\u0259m\u0259 ald\u0131: Elfuz\u0259 Camalq\u0131z\u0131<\/em> <\/strong><\/p>\n","protected":false},"excerpt":{"rendered":"<p>Bizim ba\u015fqa xalqlardan f\u0259rql\u0259n\u0259n g\u00f6z\u0259l, milli d\u0259y\u0259rl\u0259rimizi \u0259ks etdir\u0259n ad\u0259t v\u0259 \u0259n\u0259n\u0259l\u0259rimiz var. Novruz bu d\u0259y\u0259rl\u0259rin \u0259n \u00f6n\u0259mlisi v\u0259 t\u0259bi\u0259tin oyan\u0131\u015f\u0131n\u0131 \u00f6z\u00fcnd\u0259 \u0259ks etdir\u0259n bir bayramd\u0131r. H\u0259r bir ail\u0259d\u0259 Novruzu qeyd etm\u0259mi\u015fd\u0259n \u0259vv\u0259l \u201cQara bayram\u201d deyil\u0259n bir \u0259n\u0259n\u0259 qeyd olunur ki, h\u0259min vaxt d\u00fcnyas\u0131n\u0131 d\u0259yi\u015fmi\u015f yax\u0131nlar v\u0259 do\u011fmalar yad edilir, adlar\u0131na ehsan s\u00fcfr\u0259l\u0259ri a\u00e7\u0131l\u0131r, q\u0259birl\u0259ri [&hellip;]<\/p>\n","protected":false},"author":2,"featured_media":0,"comment_status":"closed","ping_status":"closed","sticky":false,"template":"","format":"standard","meta":[],"categories":[30],"tags":[32],"_links":{"self":[{"href":"https:\/\/yeniterter.az\/index.php?rest_route=\/wp\/v2\/posts\/5967"}],"collection":[{"href":"https:\/\/yeniterter.az\/index.php?rest_route=\/wp\/v2\/posts"}],"about":[{"href":"https:\/\/yeniterter.az\/index.php?rest_route=\/wp\/v2\/types\/post"}],"author":[{"embeddable":true,"href":"https:\/\/yeniterter.az\/index.php?rest_route=\/wp\/v2\/users\/2"}],"replies":[{"embeddable":true,"href":"https:\/\/yeniterter.az\/index.php?rest_route=%2Fwp%2Fv2%2Fcomments&post=5967"}],"version-history":[{"count":0,"href":"https:\/\/yeniterter.az\/index.php?rest_route=\/wp\/v2\/posts\/5967\/revisions"}],"wp:attachment":[{"href":"https:\/\/yeniterter.az\/index.php?rest_route=%2Fwp%2Fv2%2Fmedia&parent=5967"}],"wp:term":[{"taxonomy":"category","embeddable":true,"href":"https:\/\/yeniterter.az\/index.php?rest_route=%2Fwp%2Fv2%2Fcategories&post=5967"},{"taxonomy":"post_tag","embeddable":true,"href":"https:\/\/yeniterter.az\/index.php?rest_route=%2Fwp%2Fv2%2Ftags&post=5967"}],"curies":[{"name":"wp","href":"https:\/\/api.w.org\/{rel}","templated":true}]}}