{"id":5935,"date":"2017-02-28T09:59:34","date_gmt":"2017-02-28T06:59:34","guid":{"rendered":"http:\/\/www.yeniterter.az\/?p=5935"},"modified":"2017-02-28T10:02:16","modified_gmt":"2017-02-28T07:02:16","slug":"5935","status":"publish","type":"post","link":"https:\/\/yeniterter.az\/?p=5935","title":{"rendered":""},"content":{"rendered":"<p><em><strong><img decoding=\"async\" loading=\"lazy\" class=\" wp-image-5936 alignleft\" src=\"http:\/\/www.yeniterter.az\/wp-content\/uploads\/1465322150_71-300x169.jpg\" alt=\"1465322150_71\" width=\"238\" height=\"134\" srcset=\"https:\/\/yeniterter.az\/wp-content\/uploads\/1465322150_71-300x169.jpg 300w, https:\/\/yeniterter.az\/wp-content\/uploads\/1465322150_71-768x432.jpg 768w, https:\/\/yeniterter.az\/wp-content\/uploads\/1465322150_71.jpg 1024w\" sizes=\"(max-width: 238px) 100vw, 238px\" \/>2004-c\u00fc ild\u0259 birinci proqram\u0131n q\u0259bul edilm\u0259si tarixi hadis\u0259 idi. \u00c7\u00fcnki regionlar\u0131n inki\u015faf\u0131, \u00f6lk\u0259 iqtisadiyyat\u0131n\u0131n \u015fax\u0259l\u0259ndirilm\u0259si istiqam\u0259tind\u0259 at\u0131lan bu add\u0131mlar, infrastruktur il\u0259 ba\u011fl\u0131 olan layih\u0259l\u0259r, bax, bug\u00fcnk\u00fc reall\u0131\u011f\u0131 yaratm\u0131\u015fd\u0131r. \u018fg\u0259r o vaxt biz proqram\u0131 m\u0259nim t\u0259\u015f\u0259bb\u00fcs\u00fcml\u0259 q\u0259bul etm\u0259s\u0259ydik, bu g\u00fcn \u0259lb\u0259tt\u0259 ki, regionlarda bug\u00fcnk\u00fc u\u011furlar\u0131 \u0259ld\u0259 ed\u0259 bilm\u0259zdik. Bizim b\u00fct\u00fcn b\u00f6lg\u0259l\u0259rimiz, b\u00fct\u00fcn \u015f\u0259h\u0259rl\u0259rmiz abadla\u015f\u0131b, g\u00f6z\u0259ll\u0259\u015fib.<\/strong><\/em><\/p>\n<p style=\"text-align: right;\"><em><strong>\u0130lham \u018fliyev,<\/strong><\/em><br \/>\n<em><strong>Az\u0259rbaycan Respublikas\u0131n\u0131n Prezidenti<\/strong><\/em><\/p>\n<p><em><strong>Da\u011fl\u0131q Qaraba\u011f m\u00fcnaqi\u015f\u0259sinin h\u0259lli yollar\u0131 b\u0259llidir. Bizim m\u00f6vqeyimiz d\u0259yi\u015fm\u0259z olaraq qal\u0131r. Bizim \u00f6lk\u0259mizin \u0259razi b\u00fct\u00f6vl\u00fcy\u00fc b\u0259rpa edilm\u0259lidir. B\u00fct\u00fcn i\u015f\u011fal\u00e7\u0131 q\u00fcvv\u0259l\u0259r bizim torpaqlar\u0131m\u0131zdan \u00e7\u0131xar\u0131lmal\u0131d\u0131r. BMT T\u0259hl\u00fck\u0259sizlik \u015euras\u0131n\u0131n d\u00f6rd q\u0259tnam\u0259si icra edilm\u0259lidir. Statuskvo q\u0259buledil-m\u0259zdir, d\u0259yi\u015fdirilm\u0259lidir. <\/strong><\/em><\/p>\n<p style=\"text-align: right;\"><strong><em>\u0130lham \u018fliyev,<\/em><\/strong><br \/>\n<strong><em>Az\u0259rbaycan Respublikas\u0131n\u0131n Prezidenti<\/em><\/strong><\/p>\n","protected":false},"excerpt":{"rendered":"<p>2004-c\u00fc ild\u0259 birinci proqram\u0131n q\u0259bul edilm\u0259si tarixi hadis\u0259 idi. \u00c7\u00fcnki regionlar\u0131n inki\u015faf\u0131, \u00f6lk\u0259 iqtisadiyyat\u0131n\u0131n \u015fax\u0259l\u0259ndirilm\u0259si istiqam\u0259tind\u0259 at\u0131lan bu add\u0131mlar, infrastruktur il\u0259 ba\u011fl\u0131 olan layih\u0259l\u0259r, bax, bug\u00fcnk\u00fc reall\u0131\u011f\u0131 yaratm\u0131\u015fd\u0131r. \u018fg\u0259r o vaxt biz proqram\u0131 m\u0259nim t\u0259\u015f\u0259bb\u00fcs\u00fcml\u0259 q\u0259bul etm\u0259s\u0259ydik, bu g\u00fcn \u0259lb\u0259tt\u0259 ki, regionlarda bug\u00fcnk\u00fc u\u011furlar\u0131 \u0259ld\u0259 ed\u0259 bilm\u0259zdik. Bizim b\u00fct\u00fcn b\u00f6lg\u0259l\u0259rimiz, b\u00fct\u00fcn \u015f\u0259h\u0259rl\u0259rmiz abadla\u015f\u0131b, g\u00f6z\u0259ll\u0259\u015fib. \u0130lham [&hellip;]<\/p>\n","protected":false},"author":2,"featured_media":0,"comment_status":"closed","ping_status":"closed","sticky":false,"template":"","format":"standard","meta":[],"categories":[10],"tags":[20],"_links":{"self":[{"href":"https:\/\/yeniterter.az\/index.php?rest_route=\/wp\/v2\/posts\/5935"}],"collection":[{"href":"https:\/\/yeniterter.az\/index.php?rest_route=\/wp\/v2\/posts"}],"about":[{"href":"https:\/\/yeniterter.az\/index.php?rest_route=\/wp\/v2\/types\/post"}],"author":[{"embeddable":true,"href":"https:\/\/yeniterter.az\/index.php?rest_route=\/wp\/v2\/users\/2"}],"replies":[{"embeddable":true,"href":"https:\/\/yeniterter.az\/index.php?rest_route=%2Fwp%2Fv2%2Fcomments&post=5935"}],"version-history":[{"count":0,"href":"https:\/\/yeniterter.az\/index.php?rest_route=\/wp\/v2\/posts\/5935\/revisions"}],"wp:attachment":[{"href":"https:\/\/yeniterter.az\/index.php?rest_route=%2Fwp%2Fv2%2Fmedia&parent=5935"}],"wp:term":[{"taxonomy":"category","embeddable":true,"href":"https:\/\/yeniterter.az\/index.php?rest_route=%2Fwp%2Fv2%2Fcategories&post=5935"},{"taxonomy":"post_tag","embeddable":true,"href":"https:\/\/yeniterter.az\/index.php?rest_route=%2Fwp%2Fv2%2Ftags&post=5935"}],"curies":[{"name":"wp","href":"https:\/\/api.w.org\/{rel}","templated":true}]}}