{"id":5893,"date":"2017-02-27T12:26:38","date_gmt":"2017-02-27T09:26:38","guid":{"rendered":"http:\/\/www.yeniterter.az\/?p=5893"},"modified":"2017-02-27T14:35:01","modified_gmt":"2017-02-27T11:35:01","slug":"diaspor-quruculugu-lobbicilik-v%c9%99-dunya-az%c9%99rbaycanlilarinin-h%c9%99mr%c9%99yliyi","status":"publish","type":"post","link":"https:\/\/yeniterter.az\/?p=5893","title":{"rendered":"D\u0130ASPOR QURUCULU\u011eU, LOBB\u0130\u00c7\u0130L\u0130K V\u018f D\u00dcNYA AZ\u018fRBAYCANLILARININ H\u018fMR\u018fYL\u0130Y\u0130"},"content":{"rendered":"<p><strong>D\u00d6VL\u018fTL\u018fR ARASINDA \u201cK\u00d6RP\u00dc\u201d<\/strong><\/p>\n<p><img decoding=\"async\" loading=\"lazy\" class=\" wp-image-5894 alignleft\" src=\"http:\/\/www.yeniterter.az\/wp-content\/uploads\/2015-09-23-17-32-33391844-300x225-1-300x225.jpg\" alt=\"2015-09-23-17-32-33391844-300x225\" width=\"160\" height=\"120\" \/><strong>AZ\u018fRBAYCANLILARIN D\u0130ASPOR T\u018f\u015eK\u0130LATLARININ FORMALA\u015eMASI<\/strong><br \/>\nPlanetimizin hans\u0131 gu\u015f\u0259sind\u0259 ya\u015famas\u0131ndan as\u0131l\u0131 olmayaraq, bu g\u00fcn Heyd\u0259r \u018fliyev d\u00fchas\u0131 h\u0259r bir az\u0259rbaycanl\u0131n\u0131n h\u0259yat\u0131na i\u015f\u0131q sa\u00e7\u0131r. Vaxt var idi ki, xarici \u00f6lk\u0259l\u0259rd\u0259 az\u0259rbaycanl\u0131lara yaln\u0131z i\u015f\u00e7i q\u00fcvv\u0259si kimi bax\u0131rd\u0131lar, haradan g\u0259ldikl\u0259ri, hans\u0131 xalq\u0131 t\u0259msil etdikl\u0259ri he\u00e7 kimi maraqland\u0131rm\u0131rd\u0131. \u00c7oxlar\u0131 h\u0259tta Az\u0259rbaycan adl\u0131 bir m\u0259ml\u0259k\u0259tin Yer \u00fcz\u00fcnd\u0259 m\u00f6vcudlu\u011fundan x\u0259b\u0259rsiz idi. V\u0259t\u0259nd\u0259n uzaqda ya\u015fayan az\u0259rbaycanl\u0131lar\u0131n \u00f6zl\u0259ri d\u0259 bir-biril\u0259 \u0259laq\u0259 saxlam\u0131rd\u0131lar. Bel\u0259likl\u0259 d\u0259 mill\u0259tind\u0259n, \u00f6lk\u0259sind\u0259n ayr\u0131 d\u00fc\u015f\u0259n insanlar getdikc\u0259 ad\u0259t-\u0259n\u0259n\u0259l\u0259rimizi unudur, onlar\u0131n ail\u0259l\u0259rind\u0259 b\u00f6y\u00fcy\u0259n u\u015faqlar is\u0259 h\u0259tta do\u011fma dilimizi bel\u0259 bilmirdil\u0259r.<br \/>\nBu sah\u0259d\u0259 \u0259sasl\u0131 d\u00f6n\u00fc\u015f Ulu \u00d6nd\u0259r Heyd\u0259r \u018fliyevin f\u0259aliyy\u0259ti n\u0259tic\u0259sind\u0259 yaranm\u0131\u015fd\u0131r. M\u0259hz onun t\u0259\u015f\u0259bb\u00fcs\u00fc il\u0259 1991-ci ild\u0259 31 dekabr\u2013D\u00fcnya Az\u0259rbaycanl\u0131lar\u0131n\u0131n H\u0259mr\u0259ylik G\u00fcn\u00fc t\u0259sis edilmi\u015fdir. \u0130ndi bu g\u00fcn d\u00fcnya az\u0259rbaycanl\u0131lar\u0131n\u0131n \u0259n sevimli bayram\u0131d\u0131r.<!--more--><br \/>\n\u0130kinci d\u0259f\u0259, 1993-c\u00fc ild\u0259 xalq\u0131m\u0131z\u0131n dahi r\u0259hb\u0259rinin hakimiyy\u0259t\u0259 g\u0259li\u015fi diaspor quruculu\u011funda yeni d\u00f6vr\u00fcn ba\u015flan\u011f\u0131c\u0131 oldu. Xarici \u00f6lk\u0259l\u0259r\u0259 s\u0259f\u0259rl\u0259ri zaman\u0131 Heyd\u0259r \u018fliyev burada ya\u015fayan az\u0259rbaycanl\u0131larla g\u00f6r\u00fc\u015f\u00fcr, onlar\u0131n h\u0259yat\u0131 il\u0259 maraqlan\u0131r, v\u0259t\u0259nl\u0259 \u0259laq\u0259l\u0259ri m\u00f6hk\u0259ml\u0259ndirm\u0259yi t\u00f6vsiy\u0259 edirdi. \u00dcmummilli Liderin m\u0259sl\u0259h\u0259tl\u0259ri \u0259sas\u0131nda az\u0259rbaycanl\u0131lar birl\u0259\u015f\u0259r\u0259k, diaspor t\u0259\u015fkilatlar\u0131 yarad\u0131r, ya\u015fad\u0131qlar\u0131 \u00f6lk\u0259l\u0259rin ictimai-siyasi h\u0259yat\u0131nda f\u0259al i\u015ftirak edir v\u0259 Az\u0259rbaycan reall\u0131qlar\u0131n\u0131n geni\u015f t\u0259bli\u011fin\u0259 nail olurdular. Bel\u0259likl\u0259 d\u0259 d\u00fcnyan\u0131n h\u0259r bir n\u00f6qt\u0259sind\u0259 formala\u015fm\u0131\u015f Az\u0259rbaycan diasporu m\u0259hz Heyd\u0259r \u018fliyevin bu sah\u0259d\u0259ki quruculuq siyas\u0259tinin m\u0259ntiqi n\u0259tic\u0259sidir.<br \/>\nBu g\u00fcn Ulu \u00d6nd\u0259rin ba\u015flad\u0131\u011f\u0131 i\u015fl\u0259r Az\u0259rbaycan Prezidenti \u0130lham \u018fliyev t\u0259r\u0259find\u0259n u\u011furla davam etdirilir. D\u00f6vl\u0259timiz xarici \u00f6lk\u0259l\u0259rin daxili i\u015fl\u0259rin\u0259 qar\u0131\u015fmadan burada ya\u015fayan az\u0259rbaycanl\u0131lar\u0131n f\u0259aliyy\u0259tini d\u0259st\u0259kl\u0259yir. Bunun n\u0259tic\u0259sidir ki, haz\u0131rda bir \u00e7ox \u00f6lk\u0259l\u0259rin diaspor t\u0259\u015fkilatlar\u0131 Az\u0259rbaycan\u0131 d\u00fcnyada tan\u0131tmaq \u00fc\u00e7\u00fcn \u00e7ox b\u00f6y\u00fck i\u015fl\u0259r g\u00f6r\u00fcrl\u0259r.<br \/>\nPrezident \u0130lham \u018fliyev diaspor \u00fczvl\u0259rin\u0259 m\u00fcraci\u0259tl\u0259 deyib: \u201cBiz ist\u0259yirik ki, siz ya\u015fad\u0131\u011f\u0131n\u0131z \u00f6lk\u0259l\u0259rd\u0259 g\u00fccl\u0259n\u0259siniz, daha m\u00f6hk\u0259m m\u00f6vqey\u0259 sahib olas\u0131n\u0131z. Siyasi al\u0259md\u0259, biznesd\u0259, bu \u00f6lk\u0259l\u0259rin m\u0259d\u0259ni h\u0259yat\u0131nda sizin m\u00f6hk\u0259m m\u00f6vqeyiniz Az\u0259rbaycan\u0131n ad\u0131n\u0131n daha da y\u00fcks\u0259lm\u0259si dem\u0259kdir. \u00d6lk\u0259miz haqq\u0131nda h\u0259qiq\u0259tl\u0259r daha dol\u011fun \u015f\u0259kild\u0259 d\u00fcnya ictimaiyy\u0259tin\u0259 \u00e7atd\u0131r\u0131lmal\u0131d\u0131r. \u018flb\u0259tt\u0259, h\u0259r bir \u00f6lk\u0259nin s\u0259firliyi vard\u0131r v\u0259 bu s\u0259firlik \u00f6lk\u0259nin maraqlar\u0131n\u0131 t\u0259msil edir. Amma diaspor \u00fczvl\u0259ri d\u0259 Az\u0259rbaycan\u0131n el\u00e7il\u0259ridir. Sizin f\u0259aliyy\u0259tinizd\u0259n \u00e7ox \u015fey as\u0131l\u0131d\u0131r. Siz Az\u0259rbaycana d\u0259st\u0259ksiniz, Az\u0259rbaycan\u0131n da h\u00f6kum\u0259ti v\u0259 d\u00f6vl\u0259ti siz\u0259 d\u0259st\u0259kdir\u201d.<br \/>\nBe\u015f ild\u0259n bir Bak\u0131da ke\u00e7iril\u0259n D\u00fcnya Az\u0259rbaycanl\u0131lar\u0131n\u0131n qurultaylar\u0131 d\u00fcnyaya s\u0259p\u0259l\u0259nmi\u015f az\u0259rbaycanl\u0131lar\u0131n bir araya g\u0259lm\u0259sind\u0259, m\u00f6vcud probleml\u0259rin h\u0259llind\u0259, q\u00fcvv\u0259l\u0259rin birl\u0259\u015fm\u0259sind\u0259 v\u0259 h\u0259r bir soyda\u015f\u0131m\u0131z\u0131n daha f\u0259al olmas\u0131nda \u00f6n\u0259mli rol oynay\u0131r.<br \/>\nBirinci qurultay Ulu \u00d6nd\u0259r Heyd\u0259r \u018fliyevin t\u0259\u015f\u0259bb\u00fcs\u00fc il\u0259 2001-ci ild\u0259 ke\u00e7irilib. Bundan sonra is\u0259 daha \u00fc\u00e7 qurultay Prezident \u0130lham \u018fliyevin s\u0259r\u0259ncamlar\u0131 \u0259sas\u0131nda \u00e7a\u011f\u0131r\u0131l\u0131b. 2016-c\u0131 ild\u0259 Bak\u0131da ke\u00e7iril\u0259n IV qurultaydak\u0131 nitqind\u0259 d\u00f6vl\u0259timizin ba\u015f\u00e7\u0131s\u0131 deyib: \u201c2001- ci il Az\u0259rbaycan diaspor t\u0259\u015fkilatlar\u0131n\u0131n formala\u015fd\u0131r\u0131lmas\u0131 i\u015find\u0259 \u00e7ox \u00f6n\u0259mli il olmu\u015fdur. \u00c7\u00fcnki birinci Qurultaydan sonra 2002-ci ild\u0259 Heyd\u0259r \u018fliyevin s\u0259r\u0259ncam\u0131 il\u0259 xaricd\u0259 ya\u015fayan Az\u0259rbaycanl\u0131larla i\u015f \u00fczr\u0259 D\u00f6vl\u0259t Komit\u0259si yarad\u0131lm\u0131\u015fd\u0131r. Haz\u0131rda onun ad\u0131 Diasporla i\u015f \u00fczr\u0259 D\u00f6vl\u0259t Komit\u0259sidir. Diaspor t\u0259\u015fkilatlar\u0131n\u0131n t\u0259\u015fkilatlanma, formala\u015fma prosesi daha da geni\u015f v\u00fcs\u0259t alm\u0131\u015fd\u0131r. \u018fg\u0259r o vaxt d\u00fcnyada 200-d\u0259n bir q\u0259d\u0259r \u00e7ox diaspor t\u0259\u015fkilat\u0131m\u0131z var idis\u0259, haz\u0131rda onlar\u0131n say\u0131 462-dir. Az\u0259rbaycan diaspor t\u0259\u015fkilatlar\u0131 h\u0259m k\u0259miyy\u0259t, h\u0259m keyfiyy\u0259t bax\u0131m\u0131nda b\u00f6y\u00fck yol ke\u00e7mi\u015f, g\u00fccl\u0259nmi\u015f, bu g\u00fcn d\u00fcnya miqyas\u0131nda az\u0259rbaycanl\u0131lar v\u0259 on-lar\u0131n t\u0259msil etdikl\u0259ri t\u0259\u015fkilatlar \u00f6n\u0259mli rol oynay\u0131rlar\u201d.<br \/>\n<strong>\u00dcMUMRUS\u0130YA AZ\u018fRBAYCANLILARI KONQRES\u0130<\/strong><br \/>\nG\u00fccl\u00fc diaspor t\u0259\u015fkilatlar\u0131ndan biri d\u0259 \u00dcmumrusiya Az\u0259rbaycanl\u0131lar\u0131 Konqresidir. Rusiya il\u0259 Az\u0259rbaycan aras\u0131nda tarix\u0259n siyasi-iqtisadi v\u0259 humanitar m\u00fcnasib\u0259tl\u0259r m\u00f6vcud olmu\u015fdur. Az\u0259rbaycan\u0131n g\u00f6rk\u0259mli elm xadiml\u0259ri, m\u0259d\u0259niyy\u0259t i\u015f\u00e7il\u0259ri, dig\u0259r sah\u0259l\u0259ri t\u0259msil ed\u0259n ziyal\u0131lar bu \u00f6lk\u0259d\u0259 ya\u015fay\u0131b yaratm\u0131\u015flar. Lakin onlar aras\u0131nda \u0259laq\u0259l\u0259r z\u0259if oldu\u011fundan, bu insanlar \u00f6z imkanlar\u0131ndan h\u0259r iki \u00f6lk\u0259nin inki\u015faf\u0131 \u00fc\u00e7\u00fcn laz\u0131m\u0131nca istifad\u0259 ed\u0259 bilm\u0259mi\u015fl\u0259r. Bel\u0259 i\u015f\u0131ql\u0131 insanlar\u0131n Az\u0259rbaycan\u0131n v\u0259 Rusiyan\u0131n maraqlar\u0131 namin\u0259 f\u0259aliyy\u0259ti \u00dcmumrusiya Az\u0259rbaycanl\u0131lar\u0131 Konqresi yarad\u0131landan sonra daha da geni\u015fl\u0259nmi\u015fdir. M\u0259lum oldu\u011fu kimi, bu qurum 16 il \u0259vv\u0259l \u00dcmummilli Lider Heyd\u0259r \u018fliyevin v\u0259 Rusiya Federasiyas\u0131n\u0131n prezidenti Vladimir Putinin xeyir-duas\u0131 il\u0259 t\u0259sis edilmi\u015fdir. Haz\u0131rda Rusiyan\u0131n 83 b\u00f6lg\u0259sind\u0259 bu t\u0259\u015fkilat\u0131n b\u00f6lm\u0259l\u0259ri vard\u0131r. F\u0259aliyy\u0259t g\u00f6st\u0259rdiyi m\u00fcdd\u0259td\u0259 \u00dcAK Rusiyada ya\u015fayan soyda\u015flar\u0131m\u0131z\u0131n milli, m\u0259d\u0259ni, sosial maraqlar\u0131n\u0131n h\u0259yata ke\u00e7irilm\u0259sin\u0259 yard\u0131m\u00e7\u0131 olub. H\u0259m\u00e7inin Az\u0259rbaycan m\u0259d\u0259niyy\u0259tinin, xalq\u0131m\u0131z\u0131n ad\u0259t-\u0259n\u0259n\u0259l\u0259rinin bu \u00f6lk\u0259d\u0259 t\u0259bli\u011fi sah\u0259sind\u0259 b\u00f6y\u00fck i\u015fl\u0259r g\u00f6r\u00fcb.<br \/>\nT\u0259\u015fkilat\u0131n \u00fczv\u00fc, Rusiya D\u00f6vl\u0259t Xarici Dill\u0259r Universitetinin \u015e\u0259rq v\u0259 nadir dill\u0259r fak\u00fclt\u0259sind\u0259 Az\u0259rbaycan dilini t\u0259dris ed\u0259n Mehriban Abdullayeva diaspor t\u0259\u015fkilat\u0131n\u0131n f\u0259aliyy\u0259ti haqq\u0131nda bel\u0259 deyir:<br \/>\n\u2013M\u0259n Az\u0259rbaycan\u0131n T\u0259rt\u0259r \u015f\u0259h\u0259rind\u0259 do\u011fulub boya-ba\u015fa \u00e7atm\u0131\u015fam. Bu \u00f6lk\u0259d\u0259 ali t\u0259hsil al\u0131b, sonra doktoranturan\u0131 bitirmi\u015f\u0259m, f\u0259ls\u0259f\u0259 elml\u0259ri doktoru elmi d\u0259r\u0259c\u0259m var.<br \/>\nAil\u0259 h\u0259yat\u0131mla \u0259laq\u0259dar Mockvada ya\u015fay\u0131ram. A\u00e7\u0131\u011f\u0131n\u0131 deyim ki, \u0259vv\u0259ll\u0259r diaspor t\u0259\u015fkilatlar\u0131 il\u0259 \u0259laq\u0259m olmad\u0131\u011f\u0131 \u00fc\u00e7\u00fcn, V\u0259t\u0259nimd\u0259n \u00f6tr\u00fc \u00e7ox dar\u0131x\u0131rd\u0131m. Diaspor \u00fczvl\u0259ri il\u0259 tan\u0131\u015fl\u0131q sanki m\u0259ni yenid\u0259n Az\u0259rbaycana qaytard\u0131. Ke\u00e7iril\u0259n b\u00fct\u00fcn t\u0259dbirl\u0259rd\u0259 f\u0259al i\u015ftirak edir\u0259m. Soyda\u015flar\u0131m\u0131zla birlikd\u0259 m\u0259qs\u0259dimiz budur ki, v\u0259t\u0259nda\u015f\u0131 oldu\u011fumuz \u00f6lk\u0259y\u0259 xeyir verm\u0259kl\u0259 yana\u015f\u0131, h\u0259m d\u0259 do\u011fma Az\u0259rbaycan\u0131m\u0131z\u0131n h\u0259qiq\u0259tl\u0259rinin d\u00fcnyada t\u0259bli\u011f olunmas\u0131nda f\u0259al i\u015ftirak ed\u0259k.<br \/>\nM\u0259nim do\u011fma T\u0259rt\u0259rim c\u0259bh\u0259yan\u0131 b\u00f6lg\u0259dir. Bu g\u00fcn d\u0259 burada at\u0259\u015f s\u0259sl\u0259ri e\u015fidilir. Aprel ay\u0131nda erm\u0259nil\u0259rin atd\u0131qlar\u0131 artilleriya m\u0259rmil\u0259ri burada evl\u0259ri da\u011f\u0131tm\u0131\u015f, dinc, g\u00fcnahs\u0131z insanlar h\u0259lak olmu\u015flar. B\u00fct\u00fcn bunlar\u0131n oldu\u011fu kimi d\u00fcnya ictimaiyy\u0259tin\u0259 \u00e7atd\u0131r\u0131lmas\u0131na \u00e7al\u0131\u015f\u0131r\u0131q.<br \/>\nMehriban xan\u0131m \u00dcmumrusiya Universitetl\u0259raras\u0131 elmi konfranslarda \u00f6z savadl\u0131, \u0259saslan-d\u0131r\u0131lm\u0131\u015f \u00e7\u0131x\u0131\u015flar\u0131 il\u0259 milli-m\u0259n\u0259vi d\u0259y\u0259rimiz olan Az\u0259rbaycan dilinin z\u0259nginliyini xarici auditoriyalarda layiqinc\u0259 t\u0259bli\u011f edir.<br \/>\nH\u0259myerlimiz, T\u0259rt\u0259r rayonunun Qarada\u011fl\u0131 k\u0259ndind\u0259 do\u011fulmu\u015f Nazir H\u0259t\u0259mov is\u0259 uzaq Saxalind\u0259 ya\u015fay\u0131r. O, \u00dcmum-rusiya Az\u0259rbaycanl\u0131lar\u0131 Konqresinin Saxalin Regional B\u00f6lm\u0259sinin s\u0259dridir. Saxalin vilay\u0259tinin qubernatoru yan\u0131nda Mill\u0259tl\u0259r v\u0259 Konfessiyalararas\u0131 M\u00fcnasib\u0259tl\u0259r \u015euras\u0131n\u0131n \u00fczv\u00fcd\u00fcr. \u00dcmumrusiya Az\u0259rbaycanl\u0131lar\u0131 Konqresinin IV qurultay\u0131n\u0131n, VII Az\u0259rbaycan-Rusiya Regionlararas\u0131 Forumunun, Bak\u0131da ke\u00e7iril\u0259n D\u00fcnya Az\u0259rbaycanl\u0131lar\u0131 qurultaylar\u0131n\u0131n i\u015ftirak\u00e7\u0131s\u0131 olub.<br \/>\nNazir H\u0259t\u0259movun V\u0259t\u0259n\u0259 h\u0259r g\u0259li\u015fi F\u0259xri Xiyaban\u0131 v\u0259 \u015e\u0259hidl\u0259r Xiyaban\u0131n\u0131 ziyar\u0259t etm\u0259kl\u0259 ba\u015flay\u0131r. O, bu bar\u0259d\u0259 bel\u0259 deyir:<br \/>\n\u2013 H\u0259r bir az\u0259rbaycanl\u0131 kimi, m\u0259nim d\u0259 q\u0259lbimd\u0259 \u00dcmummilli Lider Heyd\u0259r \u018fliyevin x\u00fcsusi yeri var. Ulu \u00d6nd\u0259rin t\u0259\u015f\u0259bb\u00fcs\u00fc il\u0259 yarad\u0131lm\u0131\u015f C\u0259m\u015fid Nax\u00e7\u0131vanski ad\u0131na H\u0259rbi Haz\u0131rl\u0131q M\u0259kt\u0259binin m\u0259zunuyam. H\u0259min m\u0259kt\u0259bi bitirdikd\u0259n sonra Rusiya Federasiyas\u0131nda ali h\u0259rbi t\u0259hsil alm\u0131\u015fam.<br \/>\nBu g\u00fcn diaspor t\u0259\u015fkilat\u0131m\u0131z\u0131n s\u0259m\u0259r\u0259li f\u0259aliyy\u0259t g\u00f6st\u0259rm\u0259si, v\u0259t\u0259nimizl\u0259 s\u0131x \u0259laq\u0259l\u0259rimizin olmas\u0131 da \u00dcmummilli Liderimizin g\u0259rgin f\u0259aliyy\u0259tinin n\u0259tic\u0259sidir.<br \/>\n\u015e\u0259hidl\u0259r Xiyaban\u0131nda uyuyan h\u0259r k\u0259s do\u011fma qarda\u015f\u0131m, bac\u0131md\u0131r. Onlar\u0131n aras\u0131nda h\u0259rbi m\u0259kt\u0259bd\u0259 m\u0259niml\u0259 birg\u0259 t\u0259hsil alm\u0131\u015f, bu g\u00fcn t\u0259kc\u0259 \u00f6lk\u0259mizd\u0259 deyil, onun h\u00fcdudlar\u0131ndan k\u0259narda da ad\u0131 f\u0259xrl\u0259 \u00e7\u0259kil\u0259n Az\u0259rbaycan\u0131n Milli Q\u0259hr\u0259man\u0131 Murad Mirz\u0259yev d\u0259 vard\u0131r. \u00d6t\u0259n ilin dekabr\u0131nda Az\u0259rbaycanda olark\u0259n dostumun ail\u0259si il\u0259 g\u00f6r\u00fc\u015fd\u00fcm, T\u0259rt\u0259r rayon \u0130cra Hakimiyy\u0259tinin v\u0259 \u00dcAK-\u0131n Saxalin Regional B\u00f6lm\u0259sinin t\u0259\u015fkilat\u00e7\u0131l\u0131\u011f\u0131 v\u0259 q\u0259hr\u0259man\u0131n atas\u0131n\u0131n, rayon ictimaiyy\u0259ti n\u00fcmay\u0259nd\u0259l\u0259rinin, g\u0259ncl\u0259rin, Qaraba\u011f m\u00fcharib\u0259si veteranlar\u0131n\u0131n i\u015ftirak\u0131 il\u0259 burada Murad Mirz\u0259yevin xatir\u0259sin\u0259 h\u0259sr olunmu\u015f t\u0259dbir ke\u00e7irdik.<br \/>\nDo\u011fma k\u0259ndimd\u0259 olark\u0259n h\u0259mcinin erm\u0259ni \u0259sirliyind\u0259 saxlan\u0131lan h\u0259myerlimiz \u015eahbaz Quliyevin anas\u0131n\u0131 ziyar\u0259t etdim, vaxtil\u0259 m\u0259n\u0259 d\u0259rs dey\u0259n m\u00fc\u0259lliml\u0259riml\u0259 g\u00f6r\u00fc\u015fd\u00fcm, Qapanl\u0131 k\u0259nd tam orta m\u0259kt\u0259bind\u0259 v\u0259t\u0259np\u0259rv\u0259rlik m\u00f6vzusunda keciril\u0259n t\u0259dbird\u0259 i\u015ftirak etdim. M\u0259nim do\u011fma k\u0259ndim d\u00fc\u015fm\u0259nin 200 metrliyind\u0259 yerl\u0259\u015fir. Aprel ay\u0131nda erm\u0259ni t\u0259xribat\u0131 n\u0259tic\u0259sind\u0259 insanlara b\u00f6y\u00fck ziyan d\u0259ymi\u015fdir. O zaman m\u0259n Saxalind\u0259 idim. Burada ya\u015fayan az\u0259rbaycanl\u0131lar\u0131n ham\u0131s\u0131 bir yer\u0259 topla\u015faraq d\u00f6y\u00fc\u015fl\u0259r\u0259 qat\u0131lmaq ist\u0259dikl\u0259rini bildirir. bununla \u0259laq\u0259dar Az\u0259rbaycan Ordusunun Ali Ba\u015f Komandan\u0131 \u0130lham \u018fliyev\u0259 m\u00fcraci\u0259t etm\u0259yimizi xahis edirdil\u0259r.<br \/>\nOnu da qeyd edim ki, bizim b\u00f6lm\u0259nin t\u0259rkibind\u0259 Saxalin Vilay\u0259ti \u00fczr\u0259 s\u0259kkiz \u015f\u0259h\u0259rin daxil oldu\u011fu t\u0259rkibi az\u0259rbaycanl\u0131lar olmaqla \u201cA\u011fsaqqallar \u015euras\u0131\u201d f\u0259aliyy\u0259t g\u00f6st\u0259rir. \u00c7\u0259tin m\u0259qamlarda, kim\u0259s\u0259 k\u00f6m\u0259k \u0259lini uzatmaq laz\u0131m g\u0259ldikd\u0259 \u015fura \u00fczvl\u0259ri bir yer\u0259 topla\u015f\u0131b laz\u0131mi t\u0259dbir g\u00f6r\u00fcrl\u0259r. Bel\u0259 ki, 2015-ci il aprel ay\u0131n\u0131n 1-d\u0259 Oxot d\u0259nizind\u0259 g\u00f6y\u0259rt\u0259sind\u0259 yeddisi az\u0259rbaycanl\u0131 olmaqla, 132 n\u0259f\u0259rd\u0259n ibar\u0259t bal\u0131q\u00e7\u0131 g\u0259misi batm\u0131\u015fd\u0131r. Bu qay\u0131qda d\u00fcnyas\u0131n\u0131 d\u0259yi\u015f\u0259n \u00fc\u00e7 h\u0259mv\u0259t\u0259nlimizin n\u0259\u015finin Az\u0259rbaycana g\u0259tirilib ail\u0259l\u0259rin\u0259 t\u0259hvil verilm\u0259si i\u015fini \u00dcAK-\u0131n Saxalin Regional B\u00f6lm\u0259si t\u0259\u015fkil etmi\u015fdir.<br \/>\n2016-c\u0131 ilin avqust ay\u0131nda Moskva \u015f\u0259h\u0259rind\u0259 ke\u00e7iril\u0259n H\u0259rbi Tank yar\u0131\u015flar\u0131nda bizim b\u00f6lm\u0259nin \u00fczvl\u0259ri d\u0259 i\u015ftirak etmi\u015fl\u0259r.<br \/>\nSaxalind\u0259 ya\u015fayan az\u0259rbaycanl\u0131 g\u0259ncl\u0259r Rusiyadak\u0131 Az\u0259rbaycanl\u0131 G\u0259ncl\u0259r T\u0259\u015fkilat\u0131n\u0131n t\u0259\u015f\u0259bb\u00fcsl\u0259rini y\u00fcks\u0259k d\u0259y\u0259rl\u0259ndirir, t\u0259\u015fkilat\u0131n r\u0259hb\u0259ri Leyla \u018fliyevan\u0131n \u201cXocal\u0131ya \u0259dal\u0259t.\u201d kampaniyas\u0131na v\u0259 dig\u0259r layih\u0259l\u0259r\u0259 d\u0259st\u0259k verirl\u0259r.<br \/>\nAz\u0259rbaycan\u0131 Saxalind\u0259 layiqinc\u0259 t\u0259msil etm\u0259k \u00fc\u00e7\u00fcn diaspor \u00fczvl\u0259rinin k\u00f6m\u0259yi il\u0259 t\u0259\u015fkilat\u0131m\u0131z\u0131n n\u0259zdind\u0259 \u201cBirlik\u201d c\u0259miyy\u0259ti yaratm\u0131\u015f\u0131q. C\u0259miyy\u0259timiz Az\u0259rbaycan Respublikas\u0131n\u0131n Diasporla \u0130\u015f uzr\u0259 D\u00f6vl\u0259t Komit\u0259si il\u0259 \u0259laq\u0259 saxlay\u0131r v\u0259 biz milli, m\u0259d\u0259ni, irsi d\u0259y\u0259rl\u0259rimizin t\u0259bli\u011fi m\u0259qs\u0259dil\u0259 t\u0259dbirl\u0259r ke\u00e7irir, s\u0259rgil\u0259r t\u0259\u015fkil edir v\u0259 dig\u0259r s\u0259m\u0259r\u0259li i\u015fl\u0259r g\u00f6r\u00fcr\u00fck.<br \/>\n\u018fvv\u0259ll\u0259r Rusiyada \u00e7ox az-az insanlar\u0131n Novruz bayram\u0131 haqq\u0131nda t\u0259s\u0259vv\u00fcr\u00fc olurdu. Az\u0259rbaycanl\u0131lar \u00f6zl\u0259ri is\u0259 Novruzu ail\u0259d\u0259 sakit t\u0259rzd\u0259 qeyd edirdil\u0259r. Az\u0259rbaycan\u0131n birinci xan\u0131m\u0131, UNESKO-nun v\u0259 \u0130SESKO-nun xo\u015fm\u0259raml\u0131 s\u0259firi Mehriban \u018fliyevanin t\u0259\u015f\u0259bb\u00fcs\u00fc il\u0259 bu bayram UNESKO-nun Qeyri-Maddi M\u0259d\u0259ni \u0130rs siyah\u0131s\u0131na daxil edildikd\u0259n sonra bizim milli bayram\u0131m\u0131z bir cox xarici \u00f6lk\u0259l\u0259rd\u0259, o c\u00fcml\u0259d\u0259n Rusiyada geni\u015f qeyd edilir. \u0130ndi bayram tonqallar\u0131 h\u0259tta uzaq Saxalind\u0259 d\u0259 yand\u0131r\u0131l\u0131r.<br \/>\n* * *<br \/>\n\u201cLobbi\u201d s\u00f6z\u00fc ingilis dilind\u0259n t\u0259rc\u00fcm\u0259d\u0259 \u201cd\u0259hliz, vestib\u00fcl, xoll, \u00fcst\u00fc\u00f6rt\u00fcl\u00fc g\u0259zinti meydan\u00e7as\u0131, s\u0259hn\u0259arxasi\u201d m\u0259nas\u0131n\u0131 da\u015f\u0131y\u0131r. \u018fslind\u0259 is\u0259 xaricd\u0259 ya\u015fayan v\u0259 \u00f6z f\u0259aliyy\u0259tl\u0259ri il\u0259 h\u0259min \u00f6lk\u0259l\u0259rin ictimai-siyasi, m\u0259d\u0259ni h\u0259yat\u0131na t\u0259sir g\u00f6st\u0259r\u0259n az\u0259rbaycanl\u0131lar v\u0259t\u0259nl\u0259ri il\u0259 v\u0259t\u0259nda\u015f\u0131 olduqlar\u0131 d\u00f6vl\u0259t aras\u0131nda yax\u015f\u0131 m\u0259nada \u201ck\u00f6rp\u00fc\u201d rolunu oynay\u0131rlar . Erm\u0259nil\u0259rd\u0259n f\u0259rqli olaraq, bizim h\u0259mv\u0259t\u0259nl\u0259rimiz hans\u0131sa q\u0259rar\u0131n q\u0259bul olunmas\u0131 \u00fc\u00e7\u00fcn r\u00fc\u015fv\u0259t vermirl\u0259r. Nec\u0259 ki, ABS-dak\u0131 erm\u0259ni lobbisi vaxtil\u0259 konqres t\u0259r\u0259find\u0259n m\u0259lum 907-ci d\u00fcz\u0259li\u015fin q\u0259bul olunmas\u0131na nail olmu\u015f, haz\u0131rda is\u0259 Az\u0259rbaycana qar\u015f\u0131 \u0259dal\u0259tsiz v\u0259 diskriminasiya xarakterli bu q\u0259rar\u0131n aradan qald\u0131r\u0131lmas\u0131 \u00fc\u00e7\u00fcn palata \u00fczvl\u0259rin\u0259 b\u00fct\u00fcn istiqam\u0259tl\u0259rd\u0259 t\u0259zyiq g\u00f6st\u0259rirl\u0259r.<br \/>\nPrezident \u0130lham \u018fliyev \u00dcmumrusiya Az\u0259rbaycanl\u0131lar\u0131 Konqresinin f\u0259aliyy\u0259tini y\u00fcks\u0259k qiym\u0259tl\u0259ndir\u0259r\u0259k deyib:\u201dKonqres \u00f6t\u0259n ill\u0259r \u0259rzind\u0259 Rusiyadak\u0131 soyda\u015flar\u0131m\u0131z\u0131n m\u0259n\u0259vi \u0259laq\u0259l\u0259rinin geni\u015fl\u0259ndirilm\u0259si, ya\u015fad\u0131qlar\u0131 regionlar\u0131n ictimai-siyasi v\u0259 m\u0259d\u0259ni h\u0259yat\u0131nda f\u0259al i\u015ftirak\u0131n\u0131n t\u0259min edilm\u0259si, Rusiya il\u0259 Az\u0259rbaycan aras\u0131nda m\u00f6vcud olan dostluq v\u0259 strateji t\u0259r\u0259fda\u015fl\u0131q m\u00fcnasib\u0259tl\u0259rinin daha da g\u00fccl\u0259ndirilm\u0259si v\u0259 dig\u0259r sah\u0259l\u0259rd\u0259 s\u0259m\u0259r\u0259li f\u0259aliyy\u0259t g\u00f6st\u0259rmi\u015fdir\u201d.<br \/>\n\u00d6t\u0259n ilin sonunda ke\u00e7iril\u0259n \u00dcAK-\u0131n qurultay\u0131nda tan\u0131nm\u0131\u015f ictimai xadim, tibb elml\u0259ri namiz\u0259di Fazil Qurbanov Kon-qresin yeni prezidenti se\u00e7ilib. Qurultayda h\u0259m\u00e7inin elan olunub ki, Az\u0259rbaycan Prezidenti \u0130lham \u018fliyevin S\u0259r\u0259ncam\u0131 il\u0259 Fazil Qurbanov \u201c\u018fm\u0259kdar Elm Xadimi\u201d f\u0259xri ad\u0131na layiq g\u00f6r\u00fclm\u00fc\u015fd\u00fcr.<br \/>\nB\u00fct\u00fcn bunlar g\u00f6st\u0259rir ki, v\u0259t\u0259nd\u0259n uzaqda ya\u015fayan az\u0259rbaycanl\u0131lar\u0131n h\u0259r biri q\u0131r\u0131lmaz tell\u0259rl\u0259 do\u011fma yurda ba\u011fl\u0131d\u0131r, \u00fcr\u0259kl\u0259ri Az\u0259rbaycanla d\u00f6y\u00fcn\u00fcr v\u0259 onun daha da \u00e7i\u00e7\u0259kl\u0259nm\u0259si namin\u0259 birl\u0259\u015f\u0259r\u0259k f\u0259aliyy\u0259tl\u0259rini davam etdirirl\u0259r.<\/p>\n<p style=\"text-align: right;\"><em><strong>S<\/strong><strong>vetlana Ba\u011f\u0131rova,<\/strong><\/em><br \/>\n<em><strong>(Az\u0259rbaycan Respublikas\u0131n\u0131n Prezidenti yan\u0131nda K\u00fctl\u0259vi \u0130nformasiya Vasit\u0259l\u0259rinin \u0130nki\u015faf\u0131na D\u00f6vl\u0259t D\u0259st\u0259yi Fondunun ke\u00e7irdiyi m\u00fcsabiq\u0259y\u0259 t\u0259qdim etm\u0259k \u00fc\u00e7\u00fcn)<\/strong> <\/em><\/p>\n","protected":false},"excerpt":{"rendered":"<p>D\u00d6VL\u018fTL\u018fR ARASINDA \u201cK\u00d6RP\u00dc\u201d AZ\u018fRBAYCANLILARIN D\u0130ASPOR T\u018f\u015eK\u0130LATLARININ FORMALA\u015eMASI Planetimizin hans\u0131 gu\u015f\u0259sind\u0259 ya\u015famas\u0131ndan as\u0131l\u0131 olmayaraq, bu g\u00fcn Heyd\u0259r \u018fliyev d\u00fchas\u0131 h\u0259r bir az\u0259rbaycanl\u0131n\u0131n h\u0259yat\u0131na i\u015f\u0131q sa\u00e7\u0131r. Vaxt var idi ki, xarici \u00f6lk\u0259l\u0259rd\u0259 az\u0259rbaycanl\u0131lara yaln\u0131z i\u015f\u00e7i q\u00fcvv\u0259si kimi bax\u0131rd\u0131lar, haradan g\u0259ldikl\u0259ri, hans\u0131 xalq\u0131 t\u0259msil etdikl\u0259ri he\u00e7 kimi maraqland\u0131rm\u0131rd\u0131. \u00c7oxlar\u0131 h\u0259tta Az\u0259rbaycan adl\u0131 bir m\u0259ml\u0259k\u0259tin Yer \u00fcz\u00fcnd\u0259 m\u00f6vcudlu\u011fundan x\u0259b\u0259rsiz [&hellip;]<\/p>\n","protected":false},"author":2,"featured_media":0,"comment_status":"closed","ping_status":"closed","sticky":false,"template":"","format":"standard","meta":[],"categories":[10],"tags":[20],"_links":{"self":[{"href":"https:\/\/yeniterter.az\/index.php?rest_route=\/wp\/v2\/posts\/5893"}],"collection":[{"href":"https:\/\/yeniterter.az\/index.php?rest_route=\/wp\/v2\/posts"}],"about":[{"href":"https:\/\/yeniterter.az\/index.php?rest_route=\/wp\/v2\/types\/post"}],"author":[{"embeddable":true,"href":"https:\/\/yeniterter.az\/index.php?rest_route=\/wp\/v2\/users\/2"}],"replies":[{"embeddable":true,"href":"https:\/\/yeniterter.az\/index.php?rest_route=%2Fwp%2Fv2%2Fcomments&post=5893"}],"version-history":[{"count":0,"href":"https:\/\/yeniterter.az\/index.php?rest_route=\/wp\/v2\/posts\/5893\/revisions"}],"wp:attachment":[{"href":"https:\/\/yeniterter.az\/index.php?rest_route=%2Fwp%2Fv2%2Fmedia&parent=5893"}],"wp:term":[{"taxonomy":"category","embeddable":true,"href":"https:\/\/yeniterter.az\/index.php?rest_route=%2Fwp%2Fv2%2Fcategories&post=5893"},{"taxonomy":"post_tag","embeddable":true,"href":"https:\/\/yeniterter.az\/index.php?rest_route=%2Fwp%2Fv2%2Ftags&post=5893"}],"curies":[{"name":"wp","href":"https:\/\/api.w.org\/{rel}","templated":true}]}}