{"id":5884,"date":"2017-02-27T11:26:16","date_gmt":"2017-02-27T08:26:16","guid":{"rendered":"http:\/\/www.yeniterter.az\/?p=5884"},"modified":"2017-02-27T11:26:16","modified_gmt":"2017-02-27T08:26:16","slug":"respublika-m%c9%99tbuatinin-s%c9%99hif%c9%99l%c9%99rind%c9%99-3","status":"publish","type":"post","link":"https:\/\/yeniterter.az\/?p=5884","title":{"rendered":"Respublika m\u0259tbuat\u0131n\u0131n s\u0259hif\u0259l\u0259rind\u0259"},"content":{"rendered":"<p><strong>CIRIQ \u015eALVARLA MODA?<\/strong><\/p>\n<p>M\u0259lum m\u0259s\u0259l\u0259dir ki, t\u0259miz, s\u0259liq\u0259li, d\u0259bl\u0259 geyinm\u0259k m\u0259d\u0259niyy\u0259t g\u00f6st\u0259ricisidir. G\u0259ncl\u0259rimiz geyim se\u00e7\u0259rk\u0259n m\u00fcasir modaya daha \u00e7ox \u00fcst\u00fcnl\u00fck verirl\u0259r. Bu, basa d\u00fc\u015f\u00fcl\u0259ndir. Amma t\u0259\u0259ss\u00fcf ki, b\u0259z\u0259n ifrata var\u0131r, moda xatirin\u0259 \u00f6zl\u0259rini g\u00fcl\u00fcnc g\u00f6rk\u0259m\u0259 sal\u0131rlar. D\u00fczd\u00fcr, zamanla b\u0259rab\u0259r z\u00f6vql\u0259r d\u0259 d\u0259yi\u015fir, d\u0259b d\u0259. Bununla bel\u0259, paytaxt\u0131m\u0131zda, el\u0259 rayonlarda da tez-tez rastla\u015fd\u0131\u011f\u0131m\u0131z bir \u201cm\u0259nz\u0259r\u0259\u201d m\u0259ni \u00e7ox narahat edir: h\u0259r d\u0259f\u0259 s\u00fcz\u00fclm\u00fc\u015f, c\u0131r\u0131q \u015falvarl\u0131 g\u0259ncl\u0259ri g\u00f6r\u0259nd\u0259 ac\u0131 t\u0259\u0259ss\u00fcf hissi ke\u00e7irir\u0259m. Ax\u0131 niy\u0259 bel\u0259 olmal\u0131d\u0131r? Deyirl\u0259r, bu, Avropadan g\u0259lm\u0259 bir d\u0259bdir\u2013m\u00fcasirlik \u0259lam\u0259tidir. M\u0259g\u0259r Avropan\u0131 yams\u0131lamaq, t\u0259qlid el\u0259m\u0259k bizim borcumuzdur? El\u0259dirs\u0259, g\u0259lin Avropadan yax\u015f\u0131 \u015feyl\u0259ri g\u00f6t\u00fcr\u0259k\u2013m\u00fct\u0259r\u0259qqi texnologiyalar\u0131, elmin son nailiyy\u0259tl\u0259rini m\u0259nims\u0259y\u0259k. Yoxsa c\u0131r\u0131q \u015falvarla m\u00fcasir oldu\u011fumuzu g\u00f6st\u0259rm\u0259y\u0259 \u00e7al\u0131\u015fmayaq.<!--more--><br \/>\nXalq\u0131m\u0131z\u0131n sevimli \u015fairi S\u0259m\u0259d Vur\u011fun m\u0259\u015fhur poemas\u0131nda t\u0259svir etdiyi b\u0259dii q\u0259hr\u0259man\u0131n yaz\u0131ql\u0131\u011f\u0131n\u0131, yoxsul oldu\u011funu diqq\u0259t\u0259 \u00e7atd\u0131rmaq \u00fc\u00e7\u00fcn \u00fcr\u0259k a\u011fr\u0131s\u0131yla bel\u0259 yaz\u0131rd\u0131:<br \/>\nC\u0131r\u0131q \u015falvar\u0131ndan \u00e7\u0131x\u0131r dizl\u0259ri,<br \/>\nG\u00f6r\u00fcn\u00fcr ovcunda k\u0259ndir izl\u0259ri&#8230;<br \/>\nM\u0259g\u0259r s\u00fcr\u0259tl\u0259 d\u0259yi\u015f\u0259n z\u0259man\u0259 b\u0259zi meyarlar\u0131 da d\u0259yi\u015fdirib? D\u00fcn\u0259n fa\u011f\u0131rl\u0131q, kas\u0131bl\u0131q g\u00f6st\u0259ricisi olan c\u0131r\u0131q \u015falvar indi moda kimi t\u0259qdim olunur. Buna nec\u0259 bigan\u0259 qalasan?!<br \/>\n\u00dcz\u00fcm\u00fc moda h\u0259v\u0259skar\u0131 olan g\u0259ncl\u0259r\u0259 tutub dem\u0259k ist\u0259yir\u0259m: h\u0259yata a\u00e7\u0131q g\u00f6zl\u0259 bax\u0131n, y\u00fcks\u0259k elminizl\u0259, m\u0259d\u0259niyy\u0259tinizl\u0259 diqq\u0259t \u00e7\u0259km\u0259y\u0259 \u00e7al\u0131\u015f\u0131n, v\u0259t\u0259n\u0259 layiqli \u00f6vlad olmaq \u00fc\u00e7\u00fcn milli-m\u0259n\u0259vi d\u0259y\u0259rl\u0259rimiz\u0259 \u00fcst\u00fcnl\u00fck verin, k\u00f6k\u00fcn\u00fczd\u0259n\u2013soyunuzdan uzaq d\u00fc\u015fm\u0259yin!<\/p>\n<p style=\"text-align: right;\"><strong><em>Svetlana \u018fzizova,<\/em><\/strong><br \/>\n<strong><em>T\u0259rt\u0259r \u015f\u0259h\u0259r sakini<\/em><\/strong><br \/>\n<strong><em>\u201cAz\u0259rbaycan\u201d q\u0259zeti<\/em><\/strong><\/p>\n","protected":false},"excerpt":{"rendered":"<p>CIRIQ \u015eALVARLA MODA? M\u0259lum m\u0259s\u0259l\u0259dir ki, t\u0259miz, s\u0259liq\u0259li, d\u0259bl\u0259 geyinm\u0259k m\u0259d\u0259niyy\u0259t g\u00f6st\u0259ricisidir. G\u0259ncl\u0259rimiz geyim se\u00e7\u0259rk\u0259n m\u00fcasir modaya daha \u00e7ox \u00fcst\u00fcnl\u00fck verirl\u0259r. Bu, basa d\u00fc\u015f\u00fcl\u0259ndir. Amma t\u0259\u0259ss\u00fcf ki, b\u0259z\u0259n ifrata var\u0131r, moda xatirin\u0259 \u00f6zl\u0259rini g\u00fcl\u00fcnc g\u00f6rk\u0259m\u0259 sal\u0131rlar. D\u00fczd\u00fcr, zamanla b\u0259rab\u0259r z\u00f6vql\u0259r d\u0259 d\u0259yi\u015fir, d\u0259b d\u0259. Bununla bel\u0259, paytaxt\u0131m\u0131zda, el\u0259 rayonlarda da tez-tez rastla\u015fd\u0131\u011f\u0131m\u0131z bir \u201cm\u0259nz\u0259r\u0259\u201d m\u0259ni [&hellip;]<\/p>\n","protected":false},"author":2,"featured_media":0,"comment_status":"closed","ping_status":"closed","sticky":false,"template":"","format":"standard","meta":[],"categories":[10],"tags":[20],"_links":{"self":[{"href":"https:\/\/yeniterter.az\/index.php?rest_route=\/wp\/v2\/posts\/5884"}],"collection":[{"href":"https:\/\/yeniterter.az\/index.php?rest_route=\/wp\/v2\/posts"}],"about":[{"href":"https:\/\/yeniterter.az\/index.php?rest_route=\/wp\/v2\/types\/post"}],"author":[{"embeddable":true,"href":"https:\/\/yeniterter.az\/index.php?rest_route=\/wp\/v2\/users\/2"}],"replies":[{"embeddable":true,"href":"https:\/\/yeniterter.az\/index.php?rest_route=%2Fwp%2Fv2%2Fcomments&post=5884"}],"version-history":[{"count":0,"href":"https:\/\/yeniterter.az\/index.php?rest_route=\/wp\/v2\/posts\/5884\/revisions"}],"wp:attachment":[{"href":"https:\/\/yeniterter.az\/index.php?rest_route=%2Fwp%2Fv2%2Fmedia&parent=5884"}],"wp:term":[{"taxonomy":"category","embeddable":true,"href":"https:\/\/yeniterter.az\/index.php?rest_route=%2Fwp%2Fv2%2Fcategories&post=5884"},{"taxonomy":"post_tag","embeddable":true,"href":"https:\/\/yeniterter.az\/index.php?rest_route=%2Fwp%2Fv2%2Ftags&post=5884"}],"curies":[{"name":"wp","href":"https:\/\/api.w.org\/{rel}","templated":true}]}}