{"id":5873,"date":"2017-02-27T11:10:08","date_gmt":"2017-02-27T08:10:08","guid":{"rendered":"http:\/\/www.yeniterter.az\/?p=5873"},"modified":"2017-02-27T11:10:08","modified_gmt":"2017-02-27T08:10:08","slug":"m%c9%99krli-m%c9%99qs%c9%99dl%c9%99r-ucun-tor%c9%99dil%c9%99n-faci%c9%99","status":"publish","type":"post","link":"https:\/\/yeniterter.az\/?p=5873","title":{"rendered":"M\u018fKRL\u0130 M\u018fQS\u018fDL\u018fR \u00dc\u00c7\u00dcN T\u00d6R\u018fD\u0130L\u018fN FAC\u0130\u018f"},"content":{"rendered":"<p><img decoding=\"async\" loading=\"lazy\" class=\" wp-image-5874 alignleft\" src=\"http:\/\/www.yeniterter.az\/wp-content\/uploads\/1-5-300x200.jpg\" alt=\"1\" width=\"206\" height=\"137\" srcset=\"https:\/\/yeniterter.az\/wp-content\/uploads\/1-5-300x200.jpg 300w, https:\/\/yeniterter.az\/wp-content\/uploads\/1-5.jpg 590w\" sizes=\"(max-width: 206px) 100vw, 206px\" \/>Amans\u0131zl\u0131\u011fa g\u00f6r\u0259 d\u00fcnya tarixind\u0259 t\u00f6r\u0259dilmi\u015f \u0259n q\u0259ddar cinay\u0259tl\u0259ri bel\u0259 \u00fcst\u0259l\u0259y\u0259n Xocal\u0131 soyq\u0131r\u0131m\u0131 t\u0259kc\u0259 Az\u0259rbaycan t\u00fcrkl\u0259rin\u0259 qar\u015f\u0131 deyil, b\u00fct\u00f6vl\u00fckd\u0259 insanl\u0131\u011fa, b\u0259\u015f\u0259riyy\u0259t\u0259, beyn\u0259lxaq s\u00fclh\u0259 qar\u015f\u0131 t\u00f6r\u0259dilmi\u015f \u0259n q\u0259ddar v\u0259 amans\u0131z cinay\u0259tdir. Xocal\u0131 q\u0131r\u011f\u0131n\u0131na q\u0259d\u0259r Qaraba\u011fda ba\u015f ver\u0259n b\u00fct\u00fcn olaylar bu q\u0259tliam\u0131n m\u0259qs\u0259dy\u00f6nl\u00fc \u015f\u0259kild\u0259 h\u0259yata ke\u00e7iril\u0259n etnik t\u0259mizl\u0259m\u0259 siyas\u0259tinin t\u0259rkib hiss\u0259si oldu\u011funa he\u00e7 bir \u015f\u00fcbh\u0259 qoymur.<br \/>\nO qanl\u0131 fevral gec\u0259sind\u0259 63 u\u015faq, 106-s\u0131 qad\u0131n, 70-i qoca olmaqla 613 n\u0259f\u0259r Xocal\u0131 sakini q\u0259tl\u0259 yetirildi, s\u0259kkiz ail\u0259 tamamil\u0259 m\u0259hv edildi, 1265 n\u0259f\u0259r \u0259sir,150 n\u0259f\u0259r is\u0259 itkin d\u00fc\u015fd\u00fc. \u00d6ld\u00fcrd\u00fckl\u0259ri u\u015faqlar\u0131n, qocalar\u0131n, qad\u0131nlar\u0131n c\u0259s\u0259dl\u0259rini tan\u0131nmaz hala salmaq q\u0259d\u0259r al\u00e7aq m\u0259n\u0259viyyata v\u0259 x\u0259st\u0259 t\u0259f\u0259kk\u00fcr\u0259 malik erm\u0259nil\u0259r b\u0259\u015f\u0259r tarixind\u0259 erm\u0259nilik ad\u0131na \u0259b\u0259di \u015f\u0259r\u0259fsizlik g\u0259tir\u0259n SOYQIRIM akt\u0131na imza atd\u0131lar&#8230;<!--more--><br \/>\n\u00dcz\u00fcnd\u0259 kinay\u0259, \u0259lind\u0259 x\u0259nc\u0259r,<br \/>\nErm\u0259ni dizini qoyaraq yer\u0259,<br \/>\nK\u00f6rp\u0259 quzu kimi titr\u0259y\u0259n q\u0131z\u0131n,<br \/>\nK\u0259sdi bo\u011faz\u0131n\u0131 g\u00f6z g\u00f6r\u0259-g\u00f6r\u0259.<br \/>\n***<br \/>\nDa\u011flara, da\u015flara nal\u0259 yay\u0131ld\u0131,<br \/>\nQaraba\u011f \u00e7\u00f6ll\u0259ri qanla yuyuldu.<br \/>\nNe\u00e7\u0259 gunahs\u0131z\u0131n g\u00f6z\u00fc ovuldu,<br \/>\nB\u0259d\u0259ni do\u011frand\u0131, ba\u015f\u0131 soy\u0131ldu&#8230;!<br \/>\nXocal\u0131 faci\u0259sini b\u00fct\u00fcn d\u00fcnyaya tan\u0131tmaq h\u0259r bir az\u0259rbaycanl\u0131n\u0131n borcudur.<\/p>\n<p style=\"text-align: right;\"><strong><em>Arzu \u0130brahimova,<\/em><\/strong><br \/>\n<strong><em>\u015f\u0259h\u0259r 1 sayl\u0131 tam orta m\u0259kt\u0259bin Az\u0259rbaycan dili v\u0259 \u0259d\u0259biyyat m\u00fc\u0259llimi<\/em><\/strong><\/p>\n","protected":false},"excerpt":{"rendered":"<p>Amans\u0131zl\u0131\u011fa g\u00f6r\u0259 d\u00fcnya tarixind\u0259 t\u00f6r\u0259dilmi\u015f \u0259n q\u0259ddar cinay\u0259tl\u0259ri bel\u0259 \u00fcst\u0259l\u0259y\u0259n Xocal\u0131 soyq\u0131r\u0131m\u0131 t\u0259kc\u0259 Az\u0259rbaycan t\u00fcrkl\u0259rin\u0259 qar\u015f\u0131 deyil, b\u00fct\u00f6vl\u00fckd\u0259 insanl\u0131\u011fa, b\u0259\u015f\u0259riyy\u0259t\u0259, beyn\u0259lxaq s\u00fclh\u0259 qar\u015f\u0131 t\u00f6r\u0259dilmi\u015f \u0259n q\u0259ddar v\u0259 amans\u0131z cinay\u0259tdir. Xocal\u0131 q\u0131r\u011f\u0131n\u0131na q\u0259d\u0259r Qaraba\u011fda ba\u015f ver\u0259n b\u00fct\u00fcn olaylar bu q\u0259tliam\u0131n m\u0259qs\u0259dy\u00f6nl\u00fc \u015f\u0259kild\u0259 h\u0259yata ke\u00e7iril\u0259n etnik t\u0259mizl\u0259m\u0259 siyas\u0259tinin t\u0259rkib hiss\u0259si oldu\u011funa he\u00e7 bir \u015f\u00fcbh\u0259 qoymur. O qanl\u0131 [&hellip;]<\/p>\n","protected":false},"author":2,"featured_media":0,"comment_status":"closed","ping_status":"closed","sticky":false,"template":"","format":"standard","meta":[],"categories":[10],"tags":[20],"_links":{"self":[{"href":"https:\/\/yeniterter.az\/index.php?rest_route=\/wp\/v2\/posts\/5873"}],"collection":[{"href":"https:\/\/yeniterter.az\/index.php?rest_route=\/wp\/v2\/posts"}],"about":[{"href":"https:\/\/yeniterter.az\/index.php?rest_route=\/wp\/v2\/types\/post"}],"author":[{"embeddable":true,"href":"https:\/\/yeniterter.az\/index.php?rest_route=\/wp\/v2\/users\/2"}],"replies":[{"embeddable":true,"href":"https:\/\/yeniterter.az\/index.php?rest_route=%2Fwp%2Fv2%2Fcomments&post=5873"}],"version-history":[{"count":0,"href":"https:\/\/yeniterter.az\/index.php?rest_route=\/wp\/v2\/posts\/5873\/revisions"}],"wp:attachment":[{"href":"https:\/\/yeniterter.az\/index.php?rest_route=%2Fwp%2Fv2%2Fmedia&parent=5873"}],"wp:term":[{"taxonomy":"category","embeddable":true,"href":"https:\/\/yeniterter.az\/index.php?rest_route=%2Fwp%2Fv2%2Fcategories&post=5873"},{"taxonomy":"post_tag","embeddable":true,"href":"https:\/\/yeniterter.az\/index.php?rest_route=%2Fwp%2Fv2%2Ftags&post=5873"}],"curies":[{"name":"wp","href":"https:\/\/api.w.org\/{rel}","templated":true}]}}