{"id":5867,"date":"2017-02-24T16:30:37","date_gmt":"2017-02-24T13:30:37","guid":{"rendered":"http:\/\/www.yeniterter.az\/?p=5867"},"modified":"2017-02-24T16:30:37","modified_gmt":"2017-02-24T13:30:37","slug":"baki-beyn%c9%99lxalq-multikulturalizm-m%c9%99rk%c9%99zind%c9%99-terror-multikulturalizm%c9%99-qarsi-xocali-soyqirimi-25-movzusunda-t%c9%99dbir-kecirilib","status":"publish","type":"post","link":"https:\/\/yeniterter.az\/?p=5867","title":{"rendered":"Bak\u0131 Beyn\u0259lxalq Multikulturalizm M\u0259rk\u0259zind\u0259 \u201cTerror multikulturalizm\u0259 qar\u015f\u0131: Xocal\u0131 soyq\u0131r\u0131m\u0131-25\u201c m\u00f6vzusunda t\u0259dbir ke\u00e7irilib"},"content":{"rendered":"<p><img decoding=\"async\" loading=\"lazy\" class=\" wp-image-5868 alignleft\" src=\"http:\/\/www.yeniterter.az\/wp-content\/uploads\/Foto-BBMM-d\u0259-Xocal\u0131-25-300x200.jpg\" alt=\"Foto BBMM-d\u0259 Xocal\u0131 25\" width=\"155\" height=\"103\" srcset=\"https:\/\/yeniterter.az\/wp-content\/uploads\/Foto-BBMM-d\u0259-Xocal\u0131-25-300x200.jpg 300w, https:\/\/yeniterter.az\/wp-content\/uploads\/Foto-BBMM-d\u0259-Xocal\u0131-25-768x512.jpg 768w, https:\/\/yeniterter.az\/wp-content\/uploads\/Foto-BBMM-d\u0259-Xocal\u0131-25-1024x683.jpg 1024w, https:\/\/yeniterter.az\/wp-content\/uploads\/Foto-BBMM-d\u0259-Xocal\u0131-25.jpg 1191w\" sizes=\"(max-width: 155px) 100vw, 155px\" \/><img decoding=\"async\" loading=\"lazy\" class=\" wp-image-5869 alignright\" src=\"http:\/\/www.yeniterter.az\/wp-content\/uploads\/Foto-BBMM-d\u0259-Xocal\u0131-25-4-300x200.jpg\" alt=\"Foto BBMM-d\u0259 Xocal\u0131 25-4\" width=\"156\" height=\"104\" srcset=\"https:\/\/yeniterter.az\/wp-content\/uploads\/Foto-BBMM-d\u0259-Xocal\u0131-25-4-300x200.jpg 300w, https:\/\/yeniterter.az\/wp-content\/uploads\/Foto-BBMM-d\u0259-Xocal\u0131-25-4-768x512.jpg 768w, https:\/\/yeniterter.az\/wp-content\/uploads\/Foto-BBMM-d\u0259-Xocal\u0131-25-4-1024x683.jpg 1024w, https:\/\/yeniterter.az\/wp-content\/uploads\/Foto-BBMM-d\u0259-Xocal\u0131-25-4.jpg 1191w\" sizes=\"(max-width: 156px) 100vw, 156px\" \/>Bak\u0131 Beyn\u0259lxalq Multikulturalizm M\u0259rk\u0259zind\u0259 \u201cTerror multikulturalizm\u0259 qar\u015f\u0131: Xocal\u0131 soyq\u0131r\u0131m\u0131-25\u201c m\u00f6vzusunda an\u0131m t\u0259dbiri ke\u00e7irilib. \u00d6nc\u0259 Xocal\u0131 \u015f\u0259hidl\u0259rinin xatir\u0259si bir d\u0259qiq\u0259lik s\u00fckutla yad edilib.<\/p>\n<p>Az\u0259rbaycan Respublikas\u0131 mill\u0259tl\u0259raras\u0131, multikulturalizm v\u0259 dini m\u0259s\u0259l\u0259l\u0259r \u00fczr\u0259 D\u00f6vl\u0259t M\u00fc\u015faviri, BBMM-in Himay\u0259\u00e7il\u0259r \u015euras\u0131n\u0131n s\u0259dri, akademik Kamal Abdullayev insanl\u0131q \u0259leyhin\u0259 t\u00f6r\u0259dilmi\u015f Xocal\u0131 soyq\u0131r\u0131m\u0131n\u0131n d\u0259h\u015f\u0259tl\u0259rind\u0259n s\u00f6z a\u00e7\u0131b: \u201cBu faci\u0259d\u0259 q\u0259tl\u0259 yetiril\u0259n insanlar\u0131n \u00f6ld\u00fcr\u00fclm\u0259l\u0259rinin s\u0259b\u0259bi onlar\u0131n m\u00fcs\u0259lman v\u0259 az\u0259rbaycanl\u0131 olmalar\u0131 idi. Bu, h\u0259min faci\u0259nin m\u0259hz q\u0259tliam kimi d\u0259y\u0259rl\u0259ndirilm\u0259sin\u0259 bir s\u00fcbutdur. Bu g\u00fcn t\u0259kc\u0259 Xocal\u0131 sakinl\u0259ri deyil, b\u00fct\u00fcn Az\u0259rbaycan xalq\u0131 xocal\u0131l\u0131d\u0131r. <!--more-->Bu g\u00fcn Az\u0259rbaycan\u0131n v\u0259t\u0259nda\u015flar\u0131, Az\u0259rbaycan\u0131n d\u00fcnyadak\u0131 dostlar\u0131 m\u0259n\u0259n, q\u0259lb\u0259n Xocal\u0131dan say\u0131la bil\u0259rl\u0259r. D\u00fcnyada m\u00fcxt\u0259lif qurumlarda, parlamentl\u0259rd\u0259 Xocal\u0131 faci\u0259si il\u0259 ba\u011fl\u0131 son d\u0259r\u0259c\u0259 ciddi s\u0259n\u0259dl\u0259rin q\u0259bul edilm\u0259si istiqam\u0259tind\u0259 h\u0259m Az\u0259rbaycan Prezidenti \u0130lham \u018fliyev, h\u0259m d\u0259 \u00f6lk\u0259nin Birinci vitse- prezidenti Mehriban xan\u0131m \u018fliyevan\u0131n b\u00f6y\u00fck xidm\u0259tl\u0259ri var. Bu g\u00fcn d\u00fcnya Xocal\u0131 faci\u0259sini tan\u0131ma\u011fa ba\u015flay\u0131b, Az\u0259rbaycan\u0131n dostlar\u0131 da bu g\u00fcn xalq\u0131m\u0131z\u0131n d\u0259rdin\u0259 \u015f\u0259rik olur. \u018flb\u0259tt\u0259 ki, 26 fevral simvolik bir tarixdir, faktiki olaraq h\u0259r g\u00fcn Xocal\u0131 faci\u0259si az\u0259rbaycanl\u0131lar\u0131n q\u0259lbind\u0259 bir yara kimi qal\u0131r. B\u0259z\u0259n g\u0259ncl\u0259r m\u0259n\u0259 sual verirl\u0259r ki, faci\u0259l\u0259rimizin qisas\u0131n\u0131 almaq \u00fc\u00e7\u00fcn, g\u0259l\u0259c\u0259kd\u0259 bir daha t\u0259krarlanmamas\u0131 \u00fc\u00e7\u00fcn n\u0259 ed\u0259 bil\u0259rik? M\u0259nim cavab\u0131m bel\u0259dir: \u00d6lk\u0259 Prezidentinin \u0259traf\u0131nda daha s\u0131x birl\u0259\u015f\u0259k, onun Da\u011fl\u0131q Qaraba\u011f probleminin h\u0259llin\u0259 y\u00f6n\u0259lmi\u015f titanik z\u0259hm\u0259tini do\u011fru-d\u00fczg\u00fcn qiym\u0259tl\u0259ndir\u0259k v\u0259 Az\u0259rbaycan d\u00f6vl\u0259tinin bu istiqam\u0259td\u0259 apard\u0131\u011f\u0131 siyas\u0259t\u0259 d\u0259st\u0259k olaq.<\/p>\n<p>Bu g\u00fcn Xocal\u0131 q\u0259tliam\u0131 il\u0259 ba\u011fl\u0131 yan\u0131m\u0131zda Az\u0259rbaycan xristianlar\u0131n\u0131, Az\u0259rbaycan y\u0259hudil\u0259rini g\u00f6rm\u0259k son d\u0259r\u0259c\u0259 t\u0259skinedici bir m\u0259qamd\u0131r. 2 g\u00fcn bundan \u0259vv\u0259l Qafqaz M\u00fcs\u0259lmanlar\u0131 \u0130dar\u0259sind\u0259 Xocal\u0131 soyq\u0131r\u0131m\u0131n\u0131n 25-ci ild\u00f6n\u00fcm\u00fc il\u0259 ba\u011fl\u0131 b\u00f6y\u00fck bir t\u0259dbir t\u0259\u015fkil edilmi\u015fdi. H\u0259min t\u0259dbird\u0259 Az\u0259rbaycanda f\u0259aliyy\u0259t g\u00f6st\u0259r\u0259n dini v\u0259 etnik icmalar\u0131n n\u00fcmay\u0259nd\u0259l\u0259ri Xocal\u0131 soyq\u0131r\u0131m\u0131 il\u0259 ba\u011fl\u0131 d\u00fcnya ictimaiyy\u0259tin\u0259 b\u0259yanat \u00fcnvanlad\u0131lar v\u0259 h\u0259min b\u0259yanatda bu faci\u0259nin t\u0259kc\u0259 Az\u0259rbaycan xalq\u0131na qar\u015f\u0131 deyil, b\u00fct\u00fcn b\u0259\u015f\u0259riyy\u0259t \u0259leyhin\u0259 y\u00f6n\u0259l\u0259n cinay\u0259t kimi qiym\u0259tl\u0259ndirdil\u0259r. Xocal\u0131 q\u0259tliam\u0131 Az\u0259rbaycanda ya\u015fayan \u00e7oxsayl\u0131 etnik v\u0259 dini icmalar\u0131n n\u00fcmay\u0259nd\u0259l\u0259rinin, burada \u0259srl\u0259rdir m\u0259skunla\u015fan b\u00f6y\u00fckl\u00fc- ki\u00e7ikli xalqlar\u0131n da faci\u0259sidir.<\/p>\n<p>Bu t\u0259dbird\u0259 Aurelia Qriqoriu xan\u0131m\u0131 g\u00f6rm\u0259kd\u0259n b\u00f6y\u00fck m\u0259mnunluq hissi duyuram. Bilirsiniz ki, Aurelia xan\u0131m Moldova Respublikas\u0131n\u0131n Ombudsman\u0131 olark\u0259n Erm\u0259nistan Parlamentind\u0259ki \u00e7\u0131x\u0131\u015f\u0131nda onlar\u0131n h\u0259yata ke\u00e7irdiyi q\u0259sbkarl\u0131q siyas\u0259tini \u00fczl\u0259rin\u0259 \u00e7\u0131rpmaqdan \u00e7\u0259kinm\u0259mi\u015fdi.<\/p>\n<p>\u0130sraild\u0259 ya\u015fayan h\u0259myerlimiz, bu g\u00fcn is\u0259 burda biziml\u0259 yana\u015f\u0131 olan, m\u00fcst\u0259qil siyasi ekspert Arye Qut Az\u0259rbaycan h\u0259qiq\u0259tl\u0259rini beyn\u0259lxalq ictimaiyy\u0259t\u0259 \u00e7atd\u0131rmaq \u00fc\u00e7\u00fcn s\u0259yl\u0259rini \u0259sirg\u0259mir. Bizim \u0259traf\u0131m\u0131zda dostlar\u0131m\u0131z sayca get-ged\u0259 \u00e7oxal\u0131r. Bu say\u0131n \u00e7oxalmas\u0131n\u0131n s\u0259b\u0259bi c\u0259nab Prezidentin bu g\u00fcn Az\u0259rbaycan \u00fc\u00e7\u00fcn g\u00f6rd\u00fcy\u00fc i\u015fl\u0259r\u0259 d\u00fcnya ictimaiyy\u0259ti t\u0259r\u0259find\u0259n y\u00f6n\u0259l\u0259n maraqd\u0131r. Az\u0259rbaycan s\u00fclhsev\u0259r v\u0259 tolerant bir \u00f6lk\u0259dir. Buna g\u00f6r\u0259 d\u0259 biz Da\u011fl\u0131q Qaraba\u011f probleminin s\u00fclh yoluyla h\u0259ll edilm\u0259sin\u0259 \u00e7al\u0131\u015f\u0131r\u0131q. D\u00f6vl\u0259timizin ba\u015f\u00e7\u0131s\u0131 \u0130lham \u018fliyev h\u0259r zaman Da\u011fl\u0131q Qaraba\u011f m\u00fcnaqi\u015f\u0259sinin yaln\u0131z \u00f6lk\u0259mizin \u0259razi b\u00fct\u00f6vl\u00fcy\u00fc \u00e7\u0259r\u00e7iv\u0259sind\u0259 h\u0259ll olunmas\u0131n\u0131n, Az\u0259rbaycan\u0131n i\u015f\u011fal edilmi\u015f torpaqlar\u0131ndan erm\u0259ni silahl\u0131 q\u00fcvv\u0259l\u0259rinin \u00e7\u0131xar\u0131lmas\u0131n\u0131n z\u0259ruriliyini daim q\u0259tiyy\u0259tl\u0259 vur\u011fulay\u0131r, soyq\u0131r\u0131m\u0131 cinay\u0259tini t\u00f6r\u0259tmi\u015f \u015f\u0259xsl\u0259rin m\u0259suliyy\u0259t\u0259 c\u0259lb olunmas\u0131n\u0131n vacibliyini b\u0259yan edir. \u018fg\u0259r s\u00fclh imkanlar\u0131 t\u00fck\u0259ns\u0259, biz h\u0259rbi yolla da \u00f6z torpaqlar\u0131m\u0131z\u0131 i\u015f\u011faldan azad etm\u0259y\u0259 qadirik. Aprel d\u00f6y\u00fc\u015fl\u0259rind\u0259 Milli Ordumuzun \u0259ld\u0259 etdiyi q\u0259l\u0259b\u0259l\u0259r d\u0259 bunun s\u00fcbutudur. \u018fmin\u0259m ki, xalq\u0131m\u0131z tezlikl\u0259 i\u015f\u011fal olunan rayonlar\u0131m\u0131za qay\u0131dacaq\u201d.<\/p>\n<p>M\u0259rk\u0259zin icra\u00e7\u0131 direktoru Azad M\u0259mm\u0259dovun moderatorlu\u011fu il\u0259 davam ed\u0259n t\u0259dbird\u0259 Xocal\u0131 soyq\u0131r\u0131m\u0131 haqq\u0131nda film n\u00fcmayi\u015f etdirilib.<\/p>\n<p>Xocal\u0131 rayon \u0130cra Hakimiyy\u0259tinin ba\u015f\u00e7\u0131s\u0131 \u015eahmar Usubov Xocal\u0131dan olan m\u0259cburi k\u00f6\u00e7k\u00fcnl\u0259rin respublikan\u0131n m\u00fcxt\u0259lif rayonlar\u0131nda m\u0259skunla\u015fd\u0131\u011f\u0131n\u0131 vur\u011fulay\u0131b, \u00f6z\u00fcn\u00fcn d\u0259 faci\u0259nin canl\u0131 \u015fahidi oldu\u011funu qeyd edib: \u201cXocal\u0131da olan b\u00fct\u00fcn \u0259sg\u0259rl\u0259r kimi m\u0259n d\u0259 \u0259lim\u0259 silah al\u0131b s\u0259ng\u0259rl\u0259rd\u0259 erm\u0259nil\u0259r\u0259 qar\u015f\u0131 d\u00f6y\u00fc\u015fm\u00fc\u015f\u0259m v\u0259 fevral\u0131n 26-s\u0131 gec\u0259si Xocal\u0131 \u0259halisi il\u0259 birlikd\u0259 oran\u0131 t\u0259rk etmi\u015f\u0259m. Y\u0259ni o faci\u0259ni g\u00f6z\u00fc il\u0259 g\u00f6r\u00fcb ya\u015fayan insanlardan biri d\u0259 m\u0259n olmu\u015fam. G\u00f6z\u00fcm\u00fcn \u00f6n\u00fcnd\u0259 erm\u0259ni da\u015fnaklar\u0131 bizim azya\u015fl\u0131 u\u015faqlar\u0131, k\u00f6rp\u0259l\u0259ri, qad\u0131nlar\u0131 g\u00fcll\u0259l\u0259yibl\u0259r. Faci\u0259 d\u00f6vr\u00fcnd\u0259 m\u0259n bu d\u0259qiq\u0259 d\u0259 itkin say\u0131lan 6 \u0259mim o\u011flunu itirmi\u015f\u0259m, 2 \u0259mimin yolda\u015f\u0131, \u0259mimin q\u0131z\u0131, u\u015faqlar faci\u0259d\u0259 \u015f\u0259hid olub. \u00dcmumilikd\u0259 bizim ail\u0259d\u0259 20-d\u0259n art\u0131q \u015f\u0259hid v\u0259 itkin var\u201d.<\/p>\n<p>\u0130cra ba\u015f\u00e7\u0131s\u0131 \u00e7\u0131x\u0131\u015f\u0131nda Az\u0259rbaycan d\u00f6vl\u0259ti, Az\u0259rbaycan prezidenti \u0130lham \u018fliyevin Xocal\u0131 soyq\u0131r\u0131m\u0131n\u0131n d\u00fcnyada tan\u0131d\u0131lmas\u0131 istiqam\u0259tind\u0259 b\u00f6y\u00fck i\u015fl\u0259r g\u00f6rd\u00fcy\u00fcn\u00fc vur\u011fulay\u0131b.<\/p>\n<p>\u201cAz\u0259rbaycan Respublikas\u0131 Da\u011fl\u0131q Qaraba\u011f B\u00f6lg\u0259sinin Az\u0259rbaycanl\u0131 \u0130cmas\u0131\u201d \u0130ctimai Birliyinin s\u0259dri Bayram S\u0259f\u0259rov bildirib ki, Heyd\u0259r \u018fliyev Fondunun vitse-prezidenti Leyla \u018fliyevan\u0131n t\u0259\u015f\u0259bb\u00fcs\u00fc il\u0259 \u201cXocal\u0131ya \u0259dal\u0259t!\u201d beyn\u0259lxalq kampaniyas\u0131 \u00e7\u0259r\u00e7iv\u0259sind\u0259 b\u00fct\u00fcn d\u00fcnyada Xocal\u0131 soyq\u0131r\u0131m\u0131n\u0131n tan\u0131nmas\u0131, Xocal\u0131da az\u0259rbaycanl\u0131lara qar\u015f\u0131 t\u00f6r\u0259dil\u0259n v\u0259h\u015filikl\u0259rin d\u00fcnya ictimaiyy\u0259tinin diqq\u0259tin\u0259 \u00e7atd\u0131r\u0131lmas\u0131 istiqam\u0259tind\u0259 geni\u015fmiqyasl\u0131 i\u015fl\u0259r apar\u0131l\u0131r v\u0259 bir s\u0131ra \u00f6lk\u0259l\u0259rd\u0259 bu v\u0259h\u015filik art\u0131q soyq\u0131r\u0131m kimi tan\u0131n\u0131r: \u201cBiz he\u00e7 vaxt Xocal\u0131 soyq\u0131r\u0131m\u0131n\u0131 unutmamal\u0131 v\u0259 bu faci\u0259ni g\u0259l\u0259c\u0259k n\u0259sl\u0259 \u00e7atd\u0131rmal\u0131y\u0131q. Bu cinay\u0259ti t\u00f6r\u0259d\u0259nl\u0259r \u0259dal\u0259t m\u0259hk\u0259m\u0259si qar\u015f\u0131s\u0131nda cavab verm\u0259lidirl\u0259r\u00bb.<\/p>\n<p>BBMM-in Moldova filial\u0131n\u0131n r\u0259hb\u0259ri Aurelio Qriqoriu, BBMM-in \u0130srail filial\u0131n\u0131n s\u0259dri Arye Qut, Alban-Udi Xristian dini icmas\u0131n\u0131n r\u0259hb\u0259ri Robert Mobili, Az\u0259rbaycanda ya\u015fayan Ax\u0131ska t\u00fcrkl\u0259rinin \u201cV\u0259t\u0259n\u201d \u0130ctimai Birliyinin s\u0259dri \u0130brahim M\u0259mm\u0259dov, Rus Pravoslav Kils\u0259sinin Bak\u0131 v\u0259 X\u0259z\u0259ryan\u0131 Yeparxiyas\u0131n\u0131n m\u0259tbuat katibi Konstantin Ata, professorlar Solmaz Tovhidi, \u0130mamverdi H\u0259midov v\u0259 ba\u015fqalar\u0131 \u00e7\u0131x\u0131\u015flar\u0131nda Xocal\u0131 faci\u0259sinin t\u0259kc\u0259 Az\u0259rbaycan xalq\u0131n\u0131n yaras\u0131 olmad\u0131\u011f\u0131n\u0131 qeyd edib, bu q\u0259tliam\u0131 b\u00fct\u00fcn d\u00fcnyan\u0131n a\u011fr\u0131s\u0131 v\u0259 b\u0259\u015f\u0259riyy\u0259t\u0259 qar\u015f\u0131 y\u00f6n\u0259l\u0259n cinay\u0259t kimi d\u0259y\u0259rl\u0259ndiribl\u0259r.<\/p>\n<p>Az\u0259rbaycanda ya\u015fayan yunan, ingiloy, avar, tatar, k\u00fcrd,tal\u0131\u015f, l\u0259zgi icmalar\u0131n\u0131n, el\u0259c\u0259 d\u0259 xristian v\u0259 y\u0259hudi icmalar\u0131n\u0131n n\u00fcmay\u0259nd\u0259l\u0259ri, m\u00fcxt\u0259lif r\u0259smi qurumlar\u0131n r\u0259hb\u0259rl\u0259ri v\u0259 aliml\u0259rin i\u015ftirak etdiyi t\u0259dbird\u0259 soyq\u0131r\u0131m \u015fahidl\u0259rinin a\u011fr\u0131l\u0131 xatir\u0259l\u0259ri dinl\u0259nilib. T\u0259dbird\u0259 soyq\u0131r\u0131m\u0131 cinay\u0259tini t\u00f6r\u0259tmi\u015f \u015f\u0259xsl\u0259rin m\u0259suliyy\u0259t\u0259 c\u0259lb olunmas\u0131n\u0131n z\u0259ruriliyi v\u0259 cinay\u0259tkarlar\u0131n beyn\u0259lxalq \u0259dal\u0259t m\u0259hk\u0259m\u0259si qar\u015f\u0131s\u0131nda cavab verm\u0259sinin vacibliyi b\u0259yan edilib.<\/p>\n<p>Yadigar M\u0259mm\u0259dli,<\/p>\n<p>Bak\u0131 Beyn\u0259lxalq Multikulturalizm M\u0259rk\u0259zi M\u0259tbuat xidm\u0259ti<\/p>\n<p>&nbsp;<\/p>\n","protected":false},"excerpt":{"rendered":"<p>Bak\u0131 Beyn\u0259lxalq Multikulturalizm M\u0259rk\u0259zind\u0259 \u201cTerror multikulturalizm\u0259 qar\u015f\u0131: Xocal\u0131 soyq\u0131r\u0131m\u0131-25\u201c m\u00f6vzusunda an\u0131m t\u0259dbiri ke\u00e7irilib. \u00d6nc\u0259 Xocal\u0131 \u015f\u0259hidl\u0259rinin xatir\u0259si bir d\u0259qiq\u0259lik s\u00fckutla yad edilib. Az\u0259rbaycan Respublikas\u0131 mill\u0259tl\u0259raras\u0131, multikulturalizm v\u0259 dini m\u0259s\u0259l\u0259l\u0259r \u00fczr\u0259 D\u00f6vl\u0259t M\u00fc\u015faviri, BBMM-in Himay\u0259\u00e7il\u0259r \u015euras\u0131n\u0131n s\u0259dri, akademik Kamal Abdullayev insanl\u0131q \u0259leyhin\u0259 t\u00f6r\u0259dilmi\u015f Xocal\u0131 soyq\u0131r\u0131m\u0131n\u0131n d\u0259h\u015f\u0259tl\u0259rind\u0259n s\u00f6z a\u00e7\u0131b: \u201cBu faci\u0259d\u0259 q\u0259tl\u0259 yetiril\u0259n insanlar\u0131n \u00f6ld\u00fcr\u00fclm\u0259l\u0259rinin s\u0259b\u0259bi onlar\u0131n [&hellip;]<\/p>\n","protected":false},"author":2,"featured_media":0,"comment_status":"closed","ping_status":"closed","sticky":false,"template":"","format":"standard","meta":[],"categories":[10],"tags":[],"_links":{"self":[{"href":"https:\/\/yeniterter.az\/index.php?rest_route=\/wp\/v2\/posts\/5867"}],"collection":[{"href":"https:\/\/yeniterter.az\/index.php?rest_route=\/wp\/v2\/posts"}],"about":[{"href":"https:\/\/yeniterter.az\/index.php?rest_route=\/wp\/v2\/types\/post"}],"author":[{"embeddable":true,"href":"https:\/\/yeniterter.az\/index.php?rest_route=\/wp\/v2\/users\/2"}],"replies":[{"embeddable":true,"href":"https:\/\/yeniterter.az\/index.php?rest_route=%2Fwp%2Fv2%2Fcomments&post=5867"}],"version-history":[{"count":0,"href":"https:\/\/yeniterter.az\/index.php?rest_route=\/wp\/v2\/posts\/5867\/revisions"}],"wp:attachment":[{"href":"https:\/\/yeniterter.az\/index.php?rest_route=%2Fwp%2Fv2%2Fmedia&parent=5867"}],"wp:term":[{"taxonomy":"category","embeddable":true,"href":"https:\/\/yeniterter.az\/index.php?rest_route=%2Fwp%2Fv2%2Fcategories&post=5867"},{"taxonomy":"post_tag","embeddable":true,"href":"https:\/\/yeniterter.az\/index.php?rest_route=%2Fwp%2Fv2%2Ftags&post=5867"}],"curies":[{"name":"wp","href":"https:\/\/api.w.org\/{rel}","templated":true}]}}