{"id":5728,"date":"2017-02-10T15:18:28","date_gmt":"2017-02-10T12:18:28","guid":{"rendered":"http:\/\/www.yeniterter.az\/?p=5728"},"modified":"2017-02-10T15:18:28","modified_gmt":"2017-02-10T12:18:28","slug":"iii-dovl%c9%99t-proqraminin-icrasinin-ucuncu-ilinin-yekunlarina-h%c9%99sr-olunmus-konfrans-regional-inkisafda-yeni-m%c9%99rh%c9%99l%c9%99","status":"publish","type":"post","link":"https:\/\/yeniterter.az\/?p=5728","title":{"rendered":"III D\u00d6VL\u018fT PROQRAMININ \u0130CRASININ \u00dc\u00c7\u00dcNC\u00dc \u0130L\u0130N\u0130N YEKUNLARINA H\u018fSR OLUNMU\u015e KONFRANS: REG\u0130ONAL \u0130NK\u0130\u015eAFDA YEN\u0130 M\u018fRH\u018fL\u018f"},"content":{"rendered":"<p><strong>U\u011eURLARIN M\u018fRK\u018fZ\u0130ND\u018f AZ\u018fRBAYCAN V\u018fT\u018fNDA\u015eI DAYANIR<\/strong><\/p>\n<p><img decoding=\"async\" loading=\"lazy\" class=\" wp-image-5729 alignleft\" src=\"http:\/\/www.yeniterter.az\/wp-content\/uploads\/006-300x200.jpg\" alt=\"006\" width=\"210\" height=\"140\" srcset=\"https:\/\/yeniterter.az\/wp-content\/uploads\/006-300x200.jpg 300w, https:\/\/yeniterter.az\/wp-content\/uploads\/006.jpg 640w\" sizes=\"(max-width: 210px) 100vw, 210px\" \/>Regionlar\u0131n sosial-iqtisadi inki\u015faf\u0131 D\u00f6vl\u0259t Proqram\u0131n\u0131n icras\u0131na h\u0259sr olunan XIV konfransda Prezident \u0130lham \u018fliyev bildirmi\u015fdir ki, b\u00fct\u00fcn obyektiv \u00e7\u0259tinlikl\u0259r\u0259 baxmayaraq, 2016-c\u0131 ild\u0259 Az\u0259rbaycan iqtisadiyyat\u0131 inki\u015faf etmi\u015f v\u0259 b\u00fct\u00fcn \u0259sas v\u0259zif\u0259l\u0259r icra olunmu\u015fdur. D\u00f6vl\u0259t ba\u015f\u00e7\u0131s\u0131 qeyd etmi\u015fdir ki, x\u00fcsusil\u0259 b\u00f6lg\u0259l\u0259rd\u0259 apar\u0131lan i\u015fl\u0259r \u00f6z dinamikas\u0131n\u0131 saxlam\u0131\u015fd\u0131r. Ke\u00e7\u0259n il b\u00f6lg\u0259l\u0259rd\u0259 \u00e7ox b\u00f6y\u00fck i\u015fl\u0259r g\u00f6r\u00fclm\u00fc\u015fd\u00fcr. Prezident demi\u015fdir: \u201cRegionlar\u0131n sosial-iqtisadi inki\u015faf\u0131 d\u00f6vl\u0259t proqramlar\u0131n\u0131n icras\u0131 b\u00f6lg\u0259l\u0259rimizin simas\u0131n\u0131 d\u0259yi\u015fdirmi\u015fdir&#8230; Proqramlar\u0131n m\u0259qs\u0259di m\u0259hz ondan ibar\u0259tdir ki, b\u00fct\u00fcn m\u00f6vcud probleml\u0259r, insanlar\u0131 narahat ed\u0259n sosial m\u0259s\u0259l\u0259l\u0259r \u00f6z h\u0259llini taps\u0131n. Bizim proqramlar\u0131m\u0131z \u00e7ox konkretdir. Qar\u015f\u0131ya \u00e7ox konkret h\u0259d\u0259fl\u0259r qoyulur v\u0259 dey\u0259 bil\u0259r\u0259m ki, h\u0259m birinci, h\u0259m d\u0259 ikinci proqram art\u0131qlamas\u0131 il\u0259 v\u0259 u\u011furla icra edilmi\u015fdir. \u018fmin\u0259m ki, \u00fc\u00e7\u00fcnc\u00fc proqram\u0131n taleyi d\u0259 eyni olacaq\u201d.<br \/>\n\u00d6lk\u0259 ba\u015f\u00e7\u0131s\u0131n\u0131n t\u0259\u015f\u0259bb\u00fcs\u00fc il\u0259 2004-c\u00fc ild\u0259 I D\u00f6vl\u0259t Proqram\u0131n\u0131n q\u0259bul edilm\u0259si xalq\u0131m\u0131z\u0131n h\u0259yat\u0131nda tarixi hadis\u0259 idi. M\u0259hz bu proqram \u00e7\u0259r\u00e7iv\u0259sind\u0259 b\u00f6lg\u0259l\u0259rd\u0259 infrastruktur layih\u0259l\u0259rin icras\u0131na ba\u015flan\u0131ld\u0131, geni\u015f quruculuq-abadl\u0131q i\u015fl\u0259ri g\u00f6r\u00fcld\u00fc, regionlar\u0131m\u0131z\u0131n simas\u0131 g\u00f6z\u0259ll\u0259\u015fdi.<!--more--><br \/>\n\u00d6t\u0259n ill\u0259r \u0259rzind\u0259 h\u0259m\u00e7inin Az\u0259rbaycanda g\u00fccl\u00fc v\u0259 f\u0259al milli biznes sinfi formala\u015fm\u0131\u015fd\u0131r. Sosial m\u0259s\u0259l\u0259l\u0259rin h\u0259lli b\u00fct\u00fcn d\u00f6vl\u0259t proqramlar\u0131nda n\u0259z\u0259rd\u0259 tutulmu\u015fdur. \u0130qtisadiyyat\u0131n \u015fax\u0259l\u0259ndirilm\u0259si il\u0259 ba\u011fl\u0131 \u00e7ox ciddi add\u0131mlar at\u0131lm\u0131\u015fd\u0131r. \u00d6lk\u0259mizin strateji maraqlar\u0131n\u0131 t\u0259min ed\u0259n n\u0259h\u0259ng layih\u0259l\u0259r h\u0259yata ke\u00e7irilmi\u015fdir.<br \/>\nKonfransdak\u0131 nitqind\u0259 son ill\u0259rin u\u011furlar\u0131ndan b\u0259hs ed\u0259n Prezident \u0130lham \u018fliyev demi\u015fdir: \u201cM\u0259n xat\u0131rlay\u0131ram ki, h\u0259l\u0259 1990-c\u0131 ill\u0259rin sonlar\u0131nda, 2000-ci ill\u0259rin \u0259vv\u0259l\u0259rind\u0259 b\u0259zi t\u0259hlil\u00e7il\u0259r deyirdil\u0259r ki, neft Az\u0259rbaycana xo\u015fb\u0259xlik g\u0259tirm\u0259y\u0259c\u0259k, problem g\u0259tir\u0259c\u0259k. Ancaq biz bu t\u0259bii s\u0259rv\u0259timizd\u0259n maksimum d\u0259r\u0259c\u0259d\u0259 s\u0259m\u0259r\u0259li istifad\u0259 ed\u0259 bilmi\u015fik, \u00f6lk\u0259mizi m\u00f6hk\u0259ml\u0259ndirmi\u015fik, m\u00f6hk\u0259m d\u00f6vl\u0259t qurmu\u015fuq v\u0259 25 ildir ki, m\u00fcst\u0259qil \u00f6lk\u0259 kimi ya\u015fay\u0131r\u0131q. \u015e\u0259h\u0259rl\u0259rimizi qurmu\u015fuq, \u00f6z\u00fcm\u00fcz \u00fc\u00e7\u00fcn g\u00f6z\u0259l h\u0259yat yaratm\u0131\u015f\u0131q. G\u0259l\u0259c\u0259kd\u0259 daha da b\u00f6y\u00fck i\u015fl\u0259r g\u00f6r\u00fcl\u0259c\u0259k. \u018flb\u0259tt\u0259 ki, b\u00fct\u00fcn bu i\u015fl\u0259rin m\u0259rk\u0259zind\u0259 Az\u0259rbaycan v\u0259t\u0259nda\u015f\u0131 dayan\u0131r. \u018fg\u0259r xalq biz\u0259 d\u0259st\u0259k verm\u0259s\u0259 idi, biz b\u00fct\u00fcn bu i\u015fl\u0259ri g\u00f6r\u0259 bilm\u0259zdik\u201d.<br \/>\nNitqinin sonunda \u00f6lk\u0259 ba\u015f\u00e7\u0131s\u0131 \u0259minlikl\u0259 bildirmi\u015fdir ki, \u0259vv\u0259lki iki proqram kimi, III D\u00f6vl\u0259t Proqram\u0131nda 2018-ci il\u0259 q\u0259d\u0259r n\u0259z\u0259rd\u0259 tutulmu\u015f b\u00fct\u00fcn m\u0259s\u0259l\u0259l\u0259r \u00f6z h\u0259llini tapacaq v\u0259 \u0259lav\u0259 m\u0259s\u0259l\u0259l\u0259r d\u0259 proqrama daxil edil\u0259c\u0259k.<\/p>\n<p style=\"text-align: right;\"><em><strong>\u201cYeni T\u0259rt\u0259r\u201d<\/strong><\/em><\/p>\n","protected":false},"excerpt":{"rendered":"<p>U\u011eURLARIN M\u018fRK\u018fZ\u0130ND\u018f AZ\u018fRBAYCAN V\u018fT\u018fNDA\u015eI DAYANIR Regionlar\u0131n sosial-iqtisadi inki\u015faf\u0131 D\u00f6vl\u0259t Proqram\u0131n\u0131n icras\u0131na h\u0259sr olunan XIV konfransda Prezident \u0130lham \u018fliyev bildirmi\u015fdir ki, b\u00fct\u00fcn obyektiv \u00e7\u0259tinlikl\u0259r\u0259 baxmayaraq, 2016-c\u0131 ild\u0259 Az\u0259rbaycan iqtisadiyyat\u0131 inki\u015faf etmi\u015f v\u0259 b\u00fct\u00fcn \u0259sas v\u0259zif\u0259l\u0259r icra olunmu\u015fdur. D\u00f6vl\u0259t ba\u015f\u00e7\u0131s\u0131 qeyd etmi\u015fdir ki, x\u00fcsusil\u0259 b\u00f6lg\u0259l\u0259rd\u0259 apar\u0131lan i\u015fl\u0259r \u00f6z dinamikas\u0131n\u0131 saxlam\u0131\u015fd\u0131r. Ke\u00e7\u0259n il b\u00f6lg\u0259l\u0259rd\u0259 \u00e7ox b\u00f6y\u00fck i\u015fl\u0259r g\u00f6r\u00fclm\u00fc\u015fd\u00fcr. [&hellip;]<\/p>\n","protected":false},"author":2,"featured_media":0,"comment_status":"closed","ping_status":"closed","sticky":false,"template":"","format":"standard","meta":[],"categories":[10],"tags":[20],"_links":{"self":[{"href":"https:\/\/yeniterter.az\/index.php?rest_route=\/wp\/v2\/posts\/5728"}],"collection":[{"href":"https:\/\/yeniterter.az\/index.php?rest_route=\/wp\/v2\/posts"}],"about":[{"href":"https:\/\/yeniterter.az\/index.php?rest_route=\/wp\/v2\/types\/post"}],"author":[{"embeddable":true,"href":"https:\/\/yeniterter.az\/index.php?rest_route=\/wp\/v2\/users\/2"}],"replies":[{"embeddable":true,"href":"https:\/\/yeniterter.az\/index.php?rest_route=%2Fwp%2Fv2%2Fcomments&post=5728"}],"version-history":[{"count":0,"href":"https:\/\/yeniterter.az\/index.php?rest_route=\/wp\/v2\/posts\/5728\/revisions"}],"wp:attachment":[{"href":"https:\/\/yeniterter.az\/index.php?rest_route=%2Fwp%2Fv2%2Fmedia&parent=5728"}],"wp:term":[{"taxonomy":"category","embeddable":true,"href":"https:\/\/yeniterter.az\/index.php?rest_route=%2Fwp%2Fv2%2Fcategories&post=5728"},{"taxonomy":"post_tag","embeddable":true,"href":"https:\/\/yeniterter.az\/index.php?rest_route=%2Fwp%2Fv2%2Ftags&post=5728"}],"curies":[{"name":"wp","href":"https:\/\/api.w.org\/{rel}","templated":true}]}}