{"id":5723,"date":"2017-02-10T15:09:25","date_gmt":"2017-02-10T12:09:25","guid":{"rendered":"http:\/\/www.yeniterter.az\/?p=5723"},"modified":"2017-02-10T15:09:25","modified_gmt":"2017-02-10T12:09:25","slug":"qarabaga-boyuk-qayidis-cocuq-m%c9%99rcanlidan-baslayir","status":"publish","type":"post","link":"https:\/\/yeniterter.az\/?p=5723","title":{"rendered":"QARABA\u011eA \u201cB\u00d6Y\u00dcK QAYIDI\u015e\u201d COCUQ M\u018fRCANLIDAN BA\u015eLAYIR"},"content":{"rendered":"<p><strong><em><img decoding=\"async\" loading=\"lazy\" class=\" wp-image-5724 alignleft\" src=\"http:\/\/www.yeniterter.az\/wp-content\/uploads\/01-12-300x156.jpg\" alt=\"01\" width=\"223\" height=\"116\" srcset=\"https:\/\/yeniterter.az\/wp-content\/uploads\/01-12-300x156.jpg 300w, https:\/\/yeniterter.az\/wp-content\/uploads\/01-12-768x398.jpg 768w, https:\/\/yeniterter.az\/wp-content\/uploads\/01-12.jpg 800w\" sizes=\"(max-width: 223px) 100vw, 223px\" \/><img decoding=\"async\" loading=\"lazy\" class=\" wp-image-5725 alignright\" src=\"http:\/\/www.yeniterter.az\/wp-content\/uploads\/0001-300x177.jpg\" alt=\"0001\" width=\"205\" height=\"121\" srcset=\"https:\/\/yeniterter.az\/wp-content\/uploads\/0001-300x177.jpg 300w, https:\/\/yeniterter.az\/wp-content\/uploads\/0001-768x454.jpg 768w, https:\/\/yeniterter.az\/wp-content\/uploads\/0001.jpg 800w\" sizes=\"(max-width: 205px) 100vw, 205px\" \/>Az\u0259rbaycan Prezidenti \u0130lham \u018fliyevin C\u0259bray\u0131l rayonunun i\u015f\u011faldan azad edilmi\u015f Cocuq M\u0259rcanl\u0131 k\u0259ndinin b\u0259rpa olunmas\u0131 il\u0259 ba\u011fl\u0131 s\u0259r\u0259ncam\u0131 T\u0259rt\u0259r rayonunun sakinl\u0259ri t\u0259r\u0259find\u0259n d\u0259 ruh y\u00fcks\u0259kliyi il\u0259 qar\u015f\u0131lan\u0131b. Ill\u0259r uzunu d\u00fc\u015fm\u0259ln\u0259 \u00fcz-\u00fcz\u0259 ya\u015fayan insanlar inan\u0131rlar ki, bu g\u00fcn erm\u0259ni tapda\u011f\u0131 alt\u0131nda olan b\u00fct\u00fcn torpaqlar\u0131m\u0131za qay\u0131daca\u011f\u0131m\u0131z g\u00fcn uzaqda deyil.<\/em><\/strong><\/p>\n<p>Cocuq M\u0259rcanl\u0131 k\u0259ndi C\u0259bray\u0131l rayonunun i\u015f\u011faldan azad edilmi\u015f yegan\u0259 ya\u015fay\u0131\u015f m\u0259nt\u0259q\u0259sidir. Bu k\u0259nd 1993-c\u00fc ilin oktyabr\u0131nda erm\u0259nil\u0259r t\u0259r\u0259find\u0259n i\u015f\u011fal olunmu\u015fdur. Ulu \u00d6nd\u0259r Heyd\u0259r \u018fliyevin d\u00f6y\u00fc\u015f b\u00f6lg\u0259sin\u0259 ged\u0259r\u0259k orduda g\u00fccl\u00fc ruh y\u00fcks\u0259kliyi yaratmas\u0131 n\u0259tic\u0259sind\u0259 1994-c\u00fc il yanvar\u0131n 6-na kimi davam ed\u0259n u\u011furlu Horadiz \u0259m\u0259liyyat\u0131 zaman\u0131 bir gec\u0259d\u0259 22 k\u0259ndl\u0259 birg\u0259 C\u0259bray\u0131l\u0131n Cocuq M\u0259rcanl\u0131 k\u0259ndi d\u0259 i\u015f\u011faldan azad edildi. Lakin \u0259traf y\u00fcks\u0259klikl\u0259rin d\u00fc\u015fm\u0259n n\u0259zar\u0259tind\u0259 olmas\u0131ndan k\u0259ndd\u0259 ya\u015famaq m\u00fcmk\u00fcn deyildi. \u00d6t\u0259n ilin aprel ay\u0131nda Az\u0259rbaycan Ordusu d\u00fc\u015fm\u0259n t\u0259xribat\u0131n\u0131n qar\u015f\u0131s\u0131n\u0131 alaraq \u0259ks h\u00fccumla min hektarlarla \u0259razini i\u015f\u011faldan azad etdi. H\u0259min \u0259m\u0259liyyatlar zaman\u0131 ordumuzun strateji \u0259h\u0259miyy\u0259tli L\u0259l\u0259t\u0259p\u0259 y\u00fcks\u0259kliyini azad etm\u0259si n\u0259tic\u0259sind\u0259 Cocuq M\u0259rcanl\u0131 k\u0259ndinin \u0259razisi tamamil\u0259 Az\u0259rbaycan ordusunun n\u0259zar\u0259tin\u0259 ke\u00e7di.<!--more--><br \/>\n<img decoding=\"async\" loading=\"lazy\" class=\" wp-image-5726 alignleft\" src=\"http:\/\/www.yeniterter.az\/wp-content\/uploads\/000jp-300x178.jpg\" alt=\"000jp\" width=\"190\" height=\"113\" srcset=\"https:\/\/yeniterter.az\/wp-content\/uploads\/000jp-300x178.jpg 300w, https:\/\/yeniterter.az\/wp-content\/uploads\/000jp-768x456.jpg 768w, https:\/\/yeniterter.az\/wp-content\/uploads\/000jp.jpg 800w\" sizes=\"(max-width: 190px) 100vw, 190px\" \/>Bundan sonra cocuq m\u0259rcanl\u0131lar\u0131n da torpaq h\u0259sr\u0259tin\u0259 son qoyuldu.<br \/>\n\u00d6lk\u0259 ba\u015f\u00e7\u0131s\u0131n\u0131n s\u0259r\u0259ncam\u0131na \u0259sas\u0259n Cocuq M\u0259rcanl\u0131 k\u0259ndind\u0259 ilkin m\u0259rh\u0259l\u0259d\u0259 50 f\u0259rdi ya\u015fay\u0131\u015f evinin v\u0259 m\u0259kt\u0259b binas\u0131n\u0131n tikilm\u0259si n\u0259z\u0259rd\u0259 tutulub. \u018fraziy\u0259 k\u00f6\u00e7\u00fcr\u00fcl\u0259c\u0259k ail\u0259l\u0259r \u00fc\u00e7\u00fcn laz\u0131m olan b\u00fct\u00fcn \u015f\u0259rait yarad\u0131lacaq. Bu m\u0259qs\u0259dl\u0259 Az\u0259rbaycan Pespublikas\u0131 Prezidentinin Ehtiyat Fondundan Az\u0259rbaycan Pespublikas\u0131n\u0131n Qa\u00e7q\u0131nlar\u0131n v\u0259 M\u0259cburi K\u00f6\u00e7k\u00fcnl\u0259rin \u0130\u015fl\u0259ri \u00fczr\u0259 D\u00f6vl\u0259t Komit\u0259sin\u0259 4 milyon manat v\u0259sait ayr\u0131l\u0131b.<br \/>\nHaz\u0131rda Cocuq M\u0259rcanl\u0131 k\u0259ndind\u0259 ANAMA-n\u0131n \u0259m\u0259kda\u015flar\u0131 \u00e7al\u0131\u015f\u0131rlar. \u018frazil\u0259r minalardan t\u0259mizl\u0259nir. K\u0259nd sakinl\u0259ri is\u0259 yenid\u0259n do\u011fma yurdda m\u0259skunla\u015facaqlar\u0131 g\u00fcn\u00fc s\u0259birsizlikl\u0259 g\u00f6zl\u0259yirl\u0259r.<br \/>\nAprel hadis\u0259l\u0259rind\u0259n sonra bu \u0259razil\u0259r\u0259 yax\u0131n yerl\u0259\u015f\u0259n k\u0259ndl\u0259rd\u0259n erm\u0259ni \u0259halisi qacma\u011fa ba\u015flay\u0131b. Erm\u0259nistanda b\u00f6y\u00fck k\u00f6\u00e7 m\u00fc\u015fahid\u0259 olunur. Xalq\u0131m\u0131z is\u0259 Qaraba\u011fa \u201cB\u00f6y\u00fck Qay\u0131d\u0131\u015f\u201d\u0131n sevincini ya\u015fay\u0131r. Bel\u0259 bir g\u00fcnl\u0259rd\u0259 torpaqlar\u0131m\u0131z\u0131n azadl\u0131\u011f\u0131 u\u011frunda canlar\u0131ndan ke\u00e7mi\u015f \u015f\u0259hidl\u0259rimiz\u0259 Allahdan r\u0259hm\u0259t dil\u0259yir: \u201cRuhlar\u0131 \u015fad olsun !\u201d\u2013deyirik.<\/p>\n","protected":false},"excerpt":{"rendered":"<p>Az\u0259rbaycan Prezidenti \u0130lham \u018fliyevin C\u0259bray\u0131l rayonunun i\u015f\u011faldan azad edilmi\u015f Cocuq M\u0259rcanl\u0131 k\u0259ndinin b\u0259rpa olunmas\u0131 il\u0259 ba\u011fl\u0131 s\u0259r\u0259ncam\u0131 T\u0259rt\u0259r rayonunun sakinl\u0259ri t\u0259r\u0259find\u0259n d\u0259 ruh y\u00fcks\u0259kliyi il\u0259 qar\u015f\u0131lan\u0131b. Ill\u0259r uzunu d\u00fc\u015fm\u0259ln\u0259 \u00fcz-\u00fcz\u0259 ya\u015fayan insanlar inan\u0131rlar ki, bu g\u00fcn erm\u0259ni tapda\u011f\u0131 alt\u0131nda olan b\u00fct\u00fcn torpaqlar\u0131m\u0131za qay\u0131daca\u011f\u0131m\u0131z g\u00fcn uzaqda deyil. Cocuq M\u0259rcanl\u0131 k\u0259ndi C\u0259bray\u0131l rayonunun i\u015f\u011faldan azad edilmi\u015f yegan\u0259 [&hellip;]<\/p>\n","protected":false},"author":2,"featured_media":0,"comment_status":"closed","ping_status":"closed","sticky":false,"template":"","format":"standard","meta":[],"categories":[10],"tags":[20],"_links":{"self":[{"href":"https:\/\/yeniterter.az\/index.php?rest_route=\/wp\/v2\/posts\/5723"}],"collection":[{"href":"https:\/\/yeniterter.az\/index.php?rest_route=\/wp\/v2\/posts"}],"about":[{"href":"https:\/\/yeniterter.az\/index.php?rest_route=\/wp\/v2\/types\/post"}],"author":[{"embeddable":true,"href":"https:\/\/yeniterter.az\/index.php?rest_route=\/wp\/v2\/users\/2"}],"replies":[{"embeddable":true,"href":"https:\/\/yeniterter.az\/index.php?rest_route=%2Fwp%2Fv2%2Fcomments&post=5723"}],"version-history":[{"count":0,"href":"https:\/\/yeniterter.az\/index.php?rest_route=\/wp\/v2\/posts\/5723\/revisions"}],"wp:attachment":[{"href":"https:\/\/yeniterter.az\/index.php?rest_route=%2Fwp%2Fv2%2Fmedia&parent=5723"}],"wp:term":[{"taxonomy":"category","embeddable":true,"href":"https:\/\/yeniterter.az\/index.php?rest_route=%2Fwp%2Fv2%2Fcategories&post=5723"},{"taxonomy":"post_tag","embeddable":true,"href":"https:\/\/yeniterter.az\/index.php?rest_route=%2Fwp%2Fv2%2Ftags&post=5723"}],"curies":[{"name":"wp","href":"https:\/\/api.w.org\/{rel}","templated":true}]}}