{"id":5699,"date":"2017-02-10T13:59:04","date_gmt":"2017-02-10T10:59:04","guid":{"rendered":"http:\/\/www.yeniterter.az\/?p=5699"},"modified":"2017-02-10T15:33:02","modified_gmt":"2017-02-10T12:33:02","slug":"ulu-ond%c9%99rin-arzuladigi-kimi-formalasma","status":"publish","type":"post","link":"https:\/\/yeniterter.az\/?p=5699","title":{"rendered":"ULU \u00d6ND\u018fR\u0130N ARZULADI\u011eI K\u0130M\u0130 FORMALA\u015eMA"},"content":{"rendered":"<p><img decoding=\"async\" loading=\"lazy\" class=\" wp-image-5700 alignleft\" src=\"http:\/\/www.yeniterter.az\/wp-content\/uploads\/m-samire-273-200x300.jpg\" alt=\"m samire 273\" width=\"114\" height=\"171\" srcset=\"https:\/\/yeniterter.az\/wp-content\/uploads\/m-samire-273-200x300.jpg 200w, https:\/\/yeniterter.az\/wp-content\/uploads\/m-samire-273-768x1152.jpg 768w, https:\/\/yeniterter.az\/wp-content\/uploads\/m-samire-273-683x1024.jpg 683w, https:\/\/yeniterter.az\/wp-content\/uploads\/m-samire-273.jpg 900w\" sizes=\"(max-width: 114px) 100vw, 114px\" \/>Ulu \u00d6nd\u0259r Heyd\u0259r \u018fliyevin Prezidentliyi d\u00f6vr\u00fcnd\u0259 \u00f6lk\u0259 g\u0259ncl\u0259ri onun diqq\u0259t v\u0259 qay\u011f\u0131s\u0131n\u0131 daim \u00f6z \u00fcz\u0259rl\u0259rind\u0259 hiss etmi\u015fl\u0259r. 1996-c\u0131 il fevral\u0131n 2-d\u0259 Heyd\u0259r \u018fliyevin d\u0259st\u0259yi il\u0259 g\u0259ncl\u0259rin 1-ci forumu ke\u00e7irildi, 1997-ci ild\u0259n is\u0259 onun s\u0259r\u0259ncam\u0131 il\u0259 2 fevral G\u0259ncl\u0259r G\u00fcn\u00fc kimi qeyd olunma\u011fa ba\u015flam\u0131\u015fd\u0131r.<br \/>\n2 fevral\u2013G\u0259ncl\u0259r G\u00fcn\u00fc il\u0259 \u0259laq\u0259dar T\u0259rt\u0259r Rayon G\u0259ncl\u0259r v\u0259 \u0130dman \u0130dar\u0259sinin r\u0259isi Emin P\u0259nahovla g\u00f6r\u00fc\u015f\u00fcb s\u00f6hb\u0259t etdik.<br \/>\n<strong>\u2013G\u0259ncl\u0259r siyas\u0259ti dedikd\u0259 biz n\u0259 d\u00fc\u015f\u00fcnm\u0259liyik?<\/strong><br \/>\n\u2013\u018fsas\u0131 Ulu \u00d6nd\u0259r Heyd\u0259r \u018fliyev t\u0259r\u0259find\u0259n qoyulmu\u015f g\u0259ncl\u0259r siyas\u0259ti dedikd\u0259 Az\u0259rbaycan\u0131n m\u00fcst\u0259qilliyinin daha da m\u00f6hk\u0259ml\u0259ndirilm\u0259sind\u0259, \u00f6lk\u0259mizin siyasi-iqtisadi y\u00fcks\u0259li\u015find\u0259, elmin, s\u0259hiyy\u0259 v\u0259 m\u0259d\u0259niyy\u0259tin inki\u015faf\u0131nda, milli-m\u0259n\u0259vi d\u0259y\u0259rl\u0259rimizin ya\u015fad\u0131lmas\u0131nda, tolerantl\u0131\u011f\u0131n v\u0259 multikulturalizmin geni\u015fl\u0259ndirilm\u0259sind\u0259, bir s\u00f6zl\u0259, b\u00fct\u00fcn istiqam\u0259tl\u0259rd\u0259 intellektual potensial\u0131n g\u00fccl\u0259ndirilm\u0259sind\u0259 Az\u0259rbaycan g\u0259ncliyinin rolu ba\u015fa d\u00fc\u015f\u00fclm\u0259lidir. Bu siyasi kurs bu g\u00fcn \u00f6lk\u0259 Prezidenti \u0130lham \u018fliyev t\u0259r\u0259find\u0259n u\u011furla davam etdirilir. \u00d6lk\u0259 r\u0259hb\u0259ri h\u0259yata ke\u00e7irdiyi g\u0259ncl\u0259r siyas\u0259ti Az\u0259rbaycan g\u0259ncliyinin inki-\u015faf\u0131na t\u0259kan verir. <!--more--><br \/>\n<strong>\u2013Bu siyasi kursun h\u0259yata ke\u00e7irilm\u0259sind\u0259 bizim t\u0259rt\u0259rli g\u0259ncl\u0259r hans\u0131 i\u015fl\u0259ri g\u00f6r\u00fcrl\u0259r?<\/strong><br \/>\n\u2013\u00d6lk\u0259mizin g\u0259l\u0259c\u0259k m\u00fcq\u0259dd\u0259rat\u0131 m\u0259hz g\u0259ncl\u0259rd\u0259n as\u0131l\u0131d\u0131r. Bu g\u00fcn iftixarla dey\u0259 bil\u0259rik ki, rayonumuzun g\u0259ncl\u0259ri Ulu \u00d6nd\u0259rin arzulad\u0131\u011f\u0131 kimi formala\u015f\u0131b. Onlar milli-m\u0259n\u0259vi d\u0259y\u0259rl\u0259rimizi \u2013do\u011fma ana dilimizi, ata-babalardan qalan g\u00f6z\u0259l ad\u0259t-\u0259n\u0259n\u0259lirimizi qoruyub ya\u015fad\u0131rlar. Bu g\u0259ncl\u0259rimiz y\u00fcks\u0259k v\u0259t\u0259nda\u015fl\u0131q hissl\u0259rin\u0259 malikdirl\u0259r, \u00f6z bacar\u0131qlar\u0131ndan y\u00fcks\u0259k s\u0259viyy\u0259d\u0259 istifad\u0259 ed\u0259r\u0259k, b\u00fct\u00fcn sah\u0259l\u0259rd\u0259 u\u011furlar qazanma\u011fa \u00e7al\u0131\u015f\u0131rlar.<br \/>\n<strong>\u2013Bu g\u00fcn T\u0259rt\u0259r Rayon g\u0259ncl\u0259r v\u0259 \u0130dman \u0130dar\u0259si g\u0259ncl\u0259rl\u0259 n\u0259 kimi i\u015f apar\u0131r?<\/strong><br \/>\n\u2013Ulu \u00d6nd\u0259r qar\u015f\u0131m\u0131zda tarixi bir v\u0259zif\u0259 qoymu\u015fdur: \u201cH\u0259r bir Az\u0259rbaycan g\u0259nci h\u0259r \u015feyd\u0259n \u00e7ox m\u00fcst\u0259qil Az\u0259rbaycan\u0131n bug\u00fcn\u00fc, g\u0259l\u0259c\u0259yi haqq\u0131nda d\u00fc\u015f\u00fcnm\u0259lidir.\u201d M\u0259hz bizim rayonun g\u0259ncl\u0259r v\u0259 idman idar\u0259si d\u0259 savadl\u0131, d\u00fcnyag\u00f6r\u00fc\u015fl\u00fc, Az\u0259rbaycan bayra\u011f\u0131n\u0131 \u0259n m\u00f6ht\u0259\u015f\u0259m yar\u0131\u015flarda dal\u011faland\u0131rma\u011f\u0131 bacaran g\u0259ncl\u0259rin s\u0131ras\u0131n\u0131 geni\u015fl\u0259ndirm\u0259y\u0259 \u00e7al\u0131\u015f\u0131r. Bu g\u00fcn m\u0259n u\u011furlar qazanm\u0131\u015f g\u0259ncl\u0259rimizi bir-birind\u0259n ay\u0131rmaq ist\u0259mir\u0259m. Amma h\u0259r bir t\u0259rt\u0259rliy\u0259 m\u0259lumdur ki, idman yar\u0131\u015flar\u0131nda, t\u0259hsil sah\u0259sind\u0259, \u00e7al\u0131\u015fd\u0131qlar\u0131 idar\u0259 v\u0259 m\u00fc\u0259ssis\u0259l\u0259rd\u0259 \u00f6z bacar\u0131qlar\u0131, intellektl\u0259ri il\u0259 u\u011furlar qazanan g\u0259ncl\u0259rimiz var. Yeniyetm\u0259 v\u0259 g\u0259ncl\u0259rimizin v\u0259t\u0259np\u0259rv\u0259rlik ruhunda t\u0259rbiy\u0259l\u0259nm\u0259si \u00fc\u00e7\u00fcn b\u00fct\u00fcn imkanlardan istifad\u0259 edirik.<br \/>\n<strong>\u2013Emin m\u00fc\u0259llim, bir az \u00f6z\u00fcn\u00fcz haqq\u0131nda m\u0259lumat verm\u0259yinizi xahi\u015f ed\u0259rdim.<\/strong><br \/>\n\u2013M\u0259n ziyal\u0131 bir ail\u0259nin \u00f6vlad\u0131yam. Atam H\u0259s\u0259n P\u0259nahov h\u0259mi\u015f\u0259 rayonda r\u0259hb\u0259r v\u0259zif\u0259l\u0259rd\u0259 \u00e7al\u0131\u015f\u0131b. Say\u0131l\u0131b-se\u00e7il\u0259n insanlardan olub. Bu g\u00fcn m\u0259n bir g\u0259nc kimi \u00e7ox b\u00f6y\u00fck m\u0259suliyy\u0259t da\u015f\u0131y\u0131ram. H\u0259m atam\u0131n ad\u0131na layiq bir \u00f6vlad olmal\u0131yam, h\u0259m d\u0259 m\u0259n\u0259 b\u0259sl\u0259nil\u0259n etimad\u0131 layiqinc\u0259 do\u011frultmal\u0131yam. Bildirim ki, m\u0259n Az\u0259rbaycan Beyn\u0259lxalq Universitetinin inzibati idar\u0259etm\u0259 fak\u00fclt\u0259sini bitirmi\u015f\u0259m. 2014-c\u00fc ild\u0259 b\u0259l\u0259diyy\u0259 se\u00e7kil\u0259ri zaman\u0131 T\u0259rt\u0259r B\u0259l\u0259diyy\u0259sin\u0259 s\u0259dr m\u00fcavini se\u00e7ilmi\u015f\u0259m. 2016-c\u0131 ilin iyun ay\u0131ndan is\u0259 rayon g\u0259ncl\u0259r v\u0259 idman idar\u0259sin\u0259 r\u0259is t\u0259yin olunmu\u015fam. M\u0259n\u0259 g\u00f6st\u0259ril\u0259n diqq\u0259ti y\u00fcks\u0259k s\u0259viyy\u0259d\u0259 d\u0259y\u0259rl\u0259ndirir\u0259m. Bu qay\u011f\u0131n\u0131 \u00fcmumi g\u0259ncliy\u0259 b\u0259sl\u0259nil\u0259n qay\u011f\u0131 kimi q\u0259bul edir\u0259m.<br \/>\n<strong>\u2013G\u0259ncl\u0259r G\u00fcn\u00fc m\u00fcnasib\u0259til\u0259 \u00fcr\u0259k s\u00f6zl\u0259rinizi bilm\u0259k ist\u0259rdim.<\/strong><br \/>\n\u2013Bu g\u00fcn t\u0259kc\u0259 g\u0259ncl\u0259rin deyil, h\u0259m d\u0259 m\u00fcst\u0259qil Az\u0259rbaycan\u0131n bayram\u0131d\u0131r. \u00c7\u00fcnki Az\u0259rbaycan\u0131n sabah\u0131 onun g\u0259ncl\u0259ri il\u0259 \u00e7i\u00e7\u0259kl\u0259n\u0259c\u0259k. Arzu edir\u0259m ki, h\u0259r birimiz v\u0259t\u0259nimizin fir\u0259van g\u0259l\u0259c\u0259yi namin\u0259 \u00fcz\u0259rimiz\u0259 d\u00fc\u015f\u0259n i\u015fimizi layiqinc\u0259 yerin\u0259 yetir\u0259k, Ulu \u00d6nd\u0259rin davam\u00e7\u0131s\u0131, \u00f6lk\u0259 Prezidentimiz \u0130lham \u018fliyevin \u0259traf\u0131nda s\u0131x birl\u0259\u015f\u0259r\u0259k Az\u0259rbaycan\u0131n \u015f\u00f6hr\u0259tini daim qoruyub saxlayaq. Bu bayram m\u00fcnasib\u0259til\u0259 rayon g\u0259ncl\u0259rinin simas\u0131nda b\u00fct\u00fcn Az\u0259rbaycan g\u0259ncliyini t\u0259brik edir\u0259m.<\/p>\n<p style=\"text-align: right;\"><em><strong>M\u00fcsahib\u0259ni apard\u0131:<\/strong><\/em><br \/>\n<em><strong> Elfuz\u0259 V\u0259liyeva<\/strong><\/em><\/p>\n","protected":false},"excerpt":{"rendered":"<p>Ulu \u00d6nd\u0259r Heyd\u0259r \u018fliyevin Prezidentliyi d\u00f6vr\u00fcnd\u0259 \u00f6lk\u0259 g\u0259ncl\u0259ri onun diqq\u0259t v\u0259 qay\u011f\u0131s\u0131n\u0131 daim \u00f6z \u00fcz\u0259rl\u0259rind\u0259 hiss etmi\u015fl\u0259r. 1996-c\u0131 il fevral\u0131n 2-d\u0259 Heyd\u0259r \u018fliyevin d\u0259st\u0259yi il\u0259 g\u0259ncl\u0259rin 1-ci forumu ke\u00e7irildi, 1997-ci ild\u0259n is\u0259 onun s\u0259r\u0259ncam\u0131 il\u0259 2 fevral G\u0259ncl\u0259r G\u00fcn\u00fc kimi qeyd olunma\u011fa ba\u015flam\u0131\u015fd\u0131r. 2 fevral\u2013G\u0259ncl\u0259r G\u00fcn\u00fc il\u0259 \u0259laq\u0259dar T\u0259rt\u0259r Rayon G\u0259ncl\u0259r v\u0259 \u0130dman \u0130dar\u0259sinin r\u0259isi [&hellip;]<\/p>\n","protected":false},"author":2,"featured_media":0,"comment_status":"closed","ping_status":"closed","sticky":false,"template":"","format":"standard","meta":[],"categories":[10],"tags":[20],"_links":{"self":[{"href":"https:\/\/yeniterter.az\/index.php?rest_route=\/wp\/v2\/posts\/5699"}],"collection":[{"href":"https:\/\/yeniterter.az\/index.php?rest_route=\/wp\/v2\/posts"}],"about":[{"href":"https:\/\/yeniterter.az\/index.php?rest_route=\/wp\/v2\/types\/post"}],"author":[{"embeddable":true,"href":"https:\/\/yeniterter.az\/index.php?rest_route=\/wp\/v2\/users\/2"}],"replies":[{"embeddable":true,"href":"https:\/\/yeniterter.az\/index.php?rest_route=%2Fwp%2Fv2%2Fcomments&post=5699"}],"version-history":[{"count":0,"href":"https:\/\/yeniterter.az\/index.php?rest_route=\/wp\/v2\/posts\/5699\/revisions"}],"wp:attachment":[{"href":"https:\/\/yeniterter.az\/index.php?rest_route=%2Fwp%2Fv2%2Fmedia&parent=5699"}],"wp:term":[{"taxonomy":"category","embeddable":true,"href":"https:\/\/yeniterter.az\/index.php?rest_route=%2Fwp%2Fv2%2Fcategories&post=5699"},{"taxonomy":"post_tag","embeddable":true,"href":"https:\/\/yeniterter.az\/index.php?rest_route=%2Fwp%2Fv2%2Ftags&post=5699"}],"curies":[{"name":"wp","href":"https:\/\/api.w.org\/{rel}","templated":true}]}}