{"id":5694,"date":"2017-02-10T13:51:37","date_gmt":"2017-02-10T10:51:37","guid":{"rendered":"http:\/\/www.yeniterter.az\/?p=5694"},"modified":"2017-02-10T13:51:37","modified_gmt":"2017-02-10T10:51:37","slug":"yap-t%c9%99rt%c9%99r-rayon-t%c9%99skilatinda","status":"publish","type":"post","link":"https:\/\/yeniterter.az\/?p=5694","title":{"rendered":"YAP T\u018fRT\u018fR RAYON T\u018f\u015eK\u0130LATINDA"},"content":{"rendered":"<p><img decoding=\"async\" loading=\"lazy\" class=\" wp-image-5695 alignleft\" src=\"http:\/\/www.yeniterter.az\/wp-content\/uploads\/2-fevral257-300x201.jpg\" alt=\"2 fevral257\" width=\"190\" height=\"127\" srcset=\"https:\/\/yeniterter.az\/wp-content\/uploads\/2-fevral257-300x201.jpg 300w, https:\/\/yeniterter.az\/wp-content\/uploads\/2-fevral257-768x514.jpg 768w, https:\/\/yeniterter.az\/wp-content\/uploads\/2-fevral257-1024x685.jpg 1024w, https:\/\/yeniterter.az\/wp-content\/uploads\/2-fevral257.jpg 1500w\" sizes=\"(max-width: 190px) 100vw, 190px\" \/><img decoding=\"async\" loading=\"lazy\" class=\" wp-image-5697 alignright\" src=\"http:\/\/www.yeniterter.az\/wp-content\/uploads\/m-samire-268-300x201.jpg\" alt=\"m samire 268\" width=\"212\" height=\"142\" srcset=\"https:\/\/yeniterter.az\/wp-content\/uploads\/m-samire-268-300x201.jpg 300w, https:\/\/yeniterter.az\/wp-content\/uploads\/m-samire-268-768x514.jpg 768w, https:\/\/yeniterter.az\/wp-content\/uploads\/m-samire-268-1024x685.jpg 1024w, https:\/\/yeniterter.az\/wp-content\/uploads\/m-samire-268.jpg 1500w\" sizes=\"(max-width: 212px) 100vw, 212px\" \/>T\u0259dbird\u0259 T\u0259rt\u0259r Rayon G\u0259ncl\u0259r v\u0259 \u0130dman \u0130dar\u0259sinin r\u0259isi Emin P\u0259nahov m\u0259ruz\u0259 il\u0259 \u00e7\u0131x\u0131\u015f etdi. Bildirdi ki, \u0259sas\u0131 \u00dcmummilli Lider Heyd\u0259r \u018fliyev t\u0259r\u0259find\u0259n qoyulan v\u0259 Prezident \u0130lham \u018fliyev t\u0259r\u0259find\u0259n u\u011furla davam etdiril\u0259n sosial-iqtisadi islahatlar, quruculuq siyas\u0259tind\u0259 g\u0259ncl\u0259r\u0259 x\u00fcsusi yer ayr\u0131l\u0131b. Beyn\u0259lxalq miqyasl\u0131 k\u00fctl\u0259vi idman v\u0259 elm yar\u0131\u015flar\u0131nda Az\u0259rbaycan\u0131n Bayra\u011f\u0131n\u0131 y\u00fcks\u0259kl\u0259r\u0259 qald\u0131ran da g\u0259ncl\u0259rimizdir. T\u0259bii ki, bu u\u011furlar\u0131n k\u00f6k\u00fcnd\u0259 Az\u0259rbaycan g\u0259ncl\u0259rin\u0259 d\u00f6vl\u0259t s\u0259viyy\u0259sind\u0259 g\u00f6st\u0259ril\u0259n x\u00fcsusi qay\u011f\u0131 dayan\u0131r.<br \/>\n1994-c\u00fc ild\u0259 Heyd\u0259r \u018fliyevin F\u0259rman\u0131 il\u0259 Az\u0259rbaycanda G\u0259ncl\u0259r v\u0259 \u0130dman Nazirliyi yarad\u0131ld\u0131. 1997-c\u0131 ild\u0259 \u00dcmummilli Liderin s\u0259r\u0259ncam\u0131 il\u0259 2 fevral G\u0259ncl\u0259r G\u00fcn\u00fc kimi Az\u0259rbaycan\u0131n tarixin\u0259 d\u00fc\u015fd\u00fc. Bu, Ulu \u00d6nd\u0259rin g\u0259ncliy\u0259 g\u00f6st\u0259rdiyi diqq\u0259t v\u0259 qay\u011f\u0131n\u0131n daha bir n\u00fcmun\u0259si idi. <!--more--><br \/>\nT\u0259dbird\u0259 YAP rayon t\u0259\u015fkilat\u0131n\u0131n t\u0259msil\u00e7isi Arzu Yaqubova, m\u0259d\u0259niyy\u0259t \u015f\u00f6b\u0259sinin i\u015f\u00e7isi \u00dclviyy\u0259 S\u00fcleymanova, \u015f\u0259h\u0259r 3 sayl\u0131 \u00fcmumi orta m\u0259kt\u0259bin m\u00fc\u0259llimi K\u00f6n\u00fcl M\u0259mm\u0259dli v\u0259 musiqi m\u0259kt\u0259binin m\u00fc\u0259llimi M\u00fc\u015ffiq A\u011fayev \u00e7\u0131x\u0131\u015f etdil\u0259r.<br \/>\nRayon icra hakimiyy\u0259ti ba\u015f\u00e7\u0131s\u0131n\u0131n birinci m\u00fcavini, YAP rayon t\u0259\u015fkilat\u0131n\u0131n s\u0259dri Ramiz \u015eabanov \u0259trafl\u0131 \u00e7\u0131x\u0131\u015f etdi.<br \/>\nSonda YAP s\u0131ralar\u0131na yeni q\u0259bul olunan g\u0259ncl\u0259r\u0259 \u00fczv\u00fcl\u00fck biletl\u0259ri t\u0259qdim olundu.<\/p>\n<p style=\"text-align: right;\"><strong><em>\u201cYeni T\u0259rt\u0259r\u201d<\/em><\/strong><\/p>\n","protected":false},"excerpt":{"rendered":"<p>T\u0259dbird\u0259 T\u0259rt\u0259r Rayon G\u0259ncl\u0259r v\u0259 \u0130dman \u0130dar\u0259sinin r\u0259isi Emin P\u0259nahov m\u0259ruz\u0259 il\u0259 \u00e7\u0131x\u0131\u015f etdi. Bildirdi ki, \u0259sas\u0131 \u00dcmummilli Lider Heyd\u0259r \u018fliyev t\u0259r\u0259find\u0259n qoyulan v\u0259 Prezident \u0130lham \u018fliyev t\u0259r\u0259find\u0259n u\u011furla davam etdiril\u0259n sosial-iqtisadi islahatlar, quruculuq siyas\u0259tind\u0259 g\u0259ncl\u0259r\u0259 x\u00fcsusi yer ayr\u0131l\u0131b. Beyn\u0259lxalq miqyasl\u0131 k\u00fctl\u0259vi idman v\u0259 elm yar\u0131\u015flar\u0131nda Az\u0259rbaycan\u0131n Bayra\u011f\u0131n\u0131 y\u00fcks\u0259kl\u0259r\u0259 qald\u0131ran da g\u0259ncl\u0259rimizdir. T\u0259bii ki, bu [&hellip;]<\/p>\n","protected":false},"author":2,"featured_media":0,"comment_status":"closed","ping_status":"closed","sticky":false,"template":"","format":"standard","meta":[],"categories":[1],"tags":[13],"_links":{"self":[{"href":"https:\/\/yeniterter.az\/index.php?rest_route=\/wp\/v2\/posts\/5694"}],"collection":[{"href":"https:\/\/yeniterter.az\/index.php?rest_route=\/wp\/v2\/posts"}],"about":[{"href":"https:\/\/yeniterter.az\/index.php?rest_route=\/wp\/v2\/types\/post"}],"author":[{"embeddable":true,"href":"https:\/\/yeniterter.az\/index.php?rest_route=\/wp\/v2\/users\/2"}],"replies":[{"embeddable":true,"href":"https:\/\/yeniterter.az\/index.php?rest_route=%2Fwp%2Fv2%2Fcomments&post=5694"}],"version-history":[{"count":0,"href":"https:\/\/yeniterter.az\/index.php?rest_route=\/wp\/v2\/posts\/5694\/revisions"}],"wp:attachment":[{"href":"https:\/\/yeniterter.az\/index.php?rest_route=%2Fwp%2Fv2%2Fmedia&parent=5694"}],"wp:term":[{"taxonomy":"category","embeddable":true,"href":"https:\/\/yeniterter.az\/index.php?rest_route=%2Fwp%2Fv2%2Fcategories&post=5694"},{"taxonomy":"post_tag","embeddable":true,"href":"https:\/\/yeniterter.az\/index.php?rest_route=%2Fwp%2Fv2%2Ftags&post=5694"}],"curies":[{"name":"wp","href":"https:\/\/api.w.org\/{rel}","templated":true}]}}