{"id":5671,"date":"2017-02-10T12:33:15","date_gmt":"2017-02-10T09:33:15","guid":{"rendered":"http:\/\/www.yeniterter.az\/?p=5671"},"modified":"2017-02-10T12:33:15","modified_gmt":"2017-02-10T09:33:15","slug":"bu-il-az%c9%99rbaycanin-milli-q%c9%99hr%c9%99mani-elman-huseynovun-65-yasi-tamam-olur","status":"publish","type":"post","link":"https:\/\/yeniterter.az\/?p=5671","title":{"rendered":"BU \u0130L AZ\u018fRBAYCANIN M\u0130LL\u0130 Q\u018fHR\u018fMANI ELMAN H\u00dcSEYNOVUN 65 YA\u015eI TAMAM OLUR"},"content":{"rendered":"<p><img decoding=\"async\" loading=\"lazy\" class=\" wp-image-5672 alignleft\" src=\"http:\/\/www.yeniterter.az\/wp-content\/uploads\/16176023_373478323011959_1334346301_n-200x300.jpg\" alt=\"16176023_373478323011959_1334346301_n\" width=\"99\" height=\"149\" srcset=\"https:\/\/yeniterter.az\/wp-content\/uploads\/16176023_373478323011959_1334346301_n-200x300.jpg 200w, https:\/\/yeniterter.az\/wp-content\/uploads\/16176023_373478323011959_1334346301_n.jpg 360w\" sizes=\"(max-width: 99px) 100vw, 99px\" \/><img decoding=\"async\" loading=\"lazy\" class=\" wp-image-5673 alignright\" src=\"http:\/\/www.yeniterter.az\/wp-content\/uploads\/71_n-300x169.jpg\" alt=\"71_n\" width=\"191\" height=\"108\" srcset=\"https:\/\/yeniterter.az\/wp-content\/uploads\/71_n-300x169.jpg 300w, https:\/\/yeniterter.az\/wp-content\/uploads\/71_n-768x432.jpg 768w, https:\/\/yeniterter.az\/wp-content\/uploads\/71_n.jpg 960w\" sizes=\"(max-width: 191px) 100vw, 191px\" \/>Az\u0259rbaycan\u0131n Milli Q\u0259hr\u0259man\u0131, ke\u00e7mi\u015f \u201cT\u0259rt\u0259r \u00d6z\u00fcn\u00fcm\u00fcdafi\u0259 Batalyonu\u201dnun unudulmaz komandiri, c\u0259sur d\u00f6y\u00fc\u015f\u00e7\u00fc, Elman H\u00fcseynovun an\u0131m g\u00fcn\u00fcnd\u0259 onun ad\u0131n\u0131 da\u015f\u0131yan k\u00fc\u00e7\u0259d\u0259ki b\u00fcst\u00fc \u00f6n\u00fcnd\u0259 \u0259ziz xatir\u0259sini yad ed\u0259nl\u0259rin s\u0131ras\u0131nda ail\u0259 \u00fczvl\u0259ri, rayon icra hakimiyy\u0259ti ba\u015f\u00e7\u0131s\u0131 aparat\u0131n\u0131n t\u0259msil\u00e7il\u0259ri, d\u00f6y\u00fc\u015f dostlar\u0131, g\u0259ncl\u0259r v\u0259 m\u0259kt\u0259blil\u0259r vard\u0131.<br \/>\nAl q\u0259r\u0259nfill\u0259ri b\u00f6y\u00fck ehtiramla b\u00fcst\u00fcn \u00f6n\u00fcn\u0259 d\u00fczm\u00fc\u015fd\u00fcl\u0259r. Onu \u015f\u0259xs\u0259n tan\u0131yanlar\u0131n da, tan\u0131mayanlar\u0131n da q\u0259lbi s\u00f6zl\u0259 dolu idi. \u00c7\u00fcnki Elman H\u00fcseynov \u00f6z q\u0259hr\u0259manl\u0131\u011f\u0131 il\u0259 Qaraba\u011f m\u00fcharib\u0259si tarixind\u0259 el\u0259 bir iz qoyub ki, ill\u0259r \u00f6td\u00fckc\u0259 bu iz n\u0259inki silinmir, \u0259ksin\u0259, daha \u00e7ox insanda f\u0259xar\u0259t hissi oyad\u0131r.<br \/>\nQaraba\u011f m\u00fcharib\u0259si veteranlar\u0131 Suliddin Yusibov, \u0130lham Pa\u015fayev v\u0259 R\u00f6v\u015f\u0259n M\u0259mm\u0259dov \u00f6z \u00e7\u0131x\u0131\u015flar\u0131nda g\u00f6st\u0259rdil\u0259r ki, Elman m\u00fc\u0259llim \u00f6mr\u00fcn\u00fcn \u0259n qaynar \u00e7a\u011f\u0131nda \u015f\u0259hidlik zirv\u0259sin\u0259 y\u00fcks\u0259ldi. Onun v\u0259t\u0259nimizl\u0259, ail\u0259si il\u0259 ba\u011fl\u0131 \u00e7oxlu arzular\u0131 vard\u0131. \u018fg\u0259r ya\u015fasayd\u0131, bu il Elman H\u00fcseynovun 65 ya\u015f\u0131 tamam olacaqd\u0131. \u0130ndi onun bir \u00e7ox arzular\u0131 yerin\u0259 yetib. Az\u0259rbaycan\u0131n \u00e7ox g\u00fccl\u00fc, d\u00fc\u015fm\u0259ni m\u0259hv etm\u0259y\u0259 qadir olan ordusu var. Cari ilin aprel ay\u0131nda torpaqlar\u0131m\u0131z\u0131n bir qismi i\u015f\u011faldan azad edildi. <!--more--><br \/>\n\u00d6vladlar\u0131 b\u00f6y\u00fcy\u00fcb, ali t\u0259hsil al\u0131blar, atalar\u0131n\u0131n layiqli davam\u00e7\u0131lar\u0131d\u0131r.<br \/>\nAn\u0131m g\u00fcn\u00fcnd\u0259 q\u0259hr\u0259man\u0131n ail\u0259 \u00fczvl\u0259ri \u00f6lk\u0259mizd\u0259 \u015f\u0259hidl\u0259rin xatir\u0259sinin \u0259b\u0259dil\u0259\u015fdirilm\u0259si m\u0259qs\u0259dil\u0259 h\u0259yata ke\u00e7iril\u0259n t\u0259dbirl\u0259r\u0259 g\u00f6r\u0259 minn\u0259tdarl\u0131qlar\u0131n\u0131 bildirdil\u0259r.<\/p>\n<p style=\"text-align: right;\"><em><strong>\u201cYeni T\u0259rt\u0259r\u201d<\/strong><\/em><\/p>\n","protected":false},"excerpt":{"rendered":"<p>Az\u0259rbaycan\u0131n Milli Q\u0259hr\u0259man\u0131, ke\u00e7mi\u015f \u201cT\u0259rt\u0259r \u00d6z\u00fcn\u00fcm\u00fcdafi\u0259 Batalyonu\u201dnun unudulmaz komandiri, c\u0259sur d\u00f6y\u00fc\u015f\u00e7\u00fc, Elman H\u00fcseynovun an\u0131m g\u00fcn\u00fcnd\u0259 onun ad\u0131n\u0131 da\u015f\u0131yan k\u00fc\u00e7\u0259d\u0259ki b\u00fcst\u00fc \u00f6n\u00fcnd\u0259 \u0259ziz xatir\u0259sini yad ed\u0259nl\u0259rin s\u0131ras\u0131nda ail\u0259 \u00fczvl\u0259ri, rayon icra hakimiyy\u0259ti ba\u015f\u00e7\u0131s\u0131 aparat\u0131n\u0131n t\u0259msil\u00e7il\u0259ri, d\u00f6y\u00fc\u015f dostlar\u0131, g\u0259ncl\u0259r v\u0259 m\u0259kt\u0259blil\u0259r vard\u0131. Al q\u0259r\u0259nfill\u0259ri b\u00f6y\u00fck ehtiramla b\u00fcst\u00fcn \u00f6n\u00fcn\u0259 d\u00fczm\u00fc\u015fd\u00fcl\u0259r. Onu \u015f\u0259xs\u0259n tan\u0131yanlar\u0131n da, tan\u0131mayanlar\u0131n da q\u0259lbi s\u00f6zl\u0259 [&hellip;]<\/p>\n","protected":false},"author":2,"featured_media":0,"comment_status":"closed","ping_status":"closed","sticky":false,"template":"","format":"standard","meta":[],"categories":[10],"tags":[20],"_links":{"self":[{"href":"https:\/\/yeniterter.az\/index.php?rest_route=\/wp\/v2\/posts\/5671"}],"collection":[{"href":"https:\/\/yeniterter.az\/index.php?rest_route=\/wp\/v2\/posts"}],"about":[{"href":"https:\/\/yeniterter.az\/index.php?rest_route=\/wp\/v2\/types\/post"}],"author":[{"embeddable":true,"href":"https:\/\/yeniterter.az\/index.php?rest_route=\/wp\/v2\/users\/2"}],"replies":[{"embeddable":true,"href":"https:\/\/yeniterter.az\/index.php?rest_route=%2Fwp%2Fv2%2Fcomments&post=5671"}],"version-history":[{"count":0,"href":"https:\/\/yeniterter.az\/index.php?rest_route=\/wp\/v2\/posts\/5671\/revisions"}],"wp:attachment":[{"href":"https:\/\/yeniterter.az\/index.php?rest_route=%2Fwp%2Fv2%2Fmedia&parent=5671"}],"wp:term":[{"taxonomy":"category","embeddable":true,"href":"https:\/\/yeniterter.az\/index.php?rest_route=%2Fwp%2Fv2%2Fcategories&post=5671"},{"taxonomy":"post_tag","embeddable":true,"href":"https:\/\/yeniterter.az\/index.php?rest_route=%2Fwp%2Fv2%2Ftags&post=5671"}],"curies":[{"name":"wp","href":"https:\/\/api.w.org\/{rel}","templated":true}]}}