{"id":5382,"date":"2016-12-28T13:33:39","date_gmt":"2016-12-28T10:33:39","guid":{"rendered":"http:\/\/www.yeniterter.az\/?p=5382"},"modified":"2016-12-28T13:33:39","modified_gmt":"2016-12-28T10:33:39","slug":"t%c9%99rt%c9%99rlil%c9%99r-yeni-ili-qarsilayirlar","status":"publish","type":"post","link":"https:\/\/yeniterter.az\/?p=5382","title":{"rendered":"T\u018fRT\u018fRL\u0130L\u018fR YEN\u0130 \u0130L\u0130 QAR\u015eILAYIRLAR"},"content":{"rendered":"<p><img decoding=\"async\" loading=\"lazy\" class=\" wp-image-5383 alignleft\" src=\"http:\/\/www.yeniterter.az\/wp-content\/uploads\/DSC_2625-300x200.jpg\" alt=\"dsc_2625\" width=\"189\" height=\"126\" srcset=\"https:\/\/yeniterter.az\/wp-content\/uploads\/DSC_2625-300x200.jpg 300w, https:\/\/yeniterter.az\/wp-content\/uploads\/DSC_2625-768x512.jpg 768w, https:\/\/yeniterter.az\/wp-content\/uploads\/DSC_2625-1024x683.jpg 1024w, https:\/\/yeniterter.az\/wp-content\/uploads\/DSC_2625.jpg 1500w\" sizes=\"(max-width: 189px) 100vw, 189px\" \/>Daha bir il tarix\u0259 qovu\u015fdu. T\u0259rt\u0259rlil\u0259r \u00fc\u00e7\u00fcn bu il x\u00fcsusil\u0259 yaddaqalan oldu. Aprel ay\u0131nda ba\u015f ver\u0259n hadis\u0259l\u0259r bizi bir daha s\u0131na\u011fa \u00e7\u0259kdi. Q\u0259hr\u0259man T\u0259rt\u0259rin ad\u0131 planetimizin h\u0259r bir gu\u015f\u0259sind\u0259 f\u0259xrl\u0259 s\u0259sl\u0259ndi. D\u00fcnyan\u0131n s\u00fclhsev\u0259r insanlar\u0131 dinc \u0259halini artilleriya at\u0259\u015fin\u0259 tutan, m\u00fclki \u0259halinin \u00f6l\u00fcm\u00fcn\u0259 s\u0259b\u0259b olan, evl\u0259rini da\u011f\u0131dan erm\u0259ni fa\u015fistl\u0259rini n\u00f6vb\u0259ti d\u0259f\u0259 pisl\u0259dil\u0259r. T\u0259rt\u0259r\u0259 ayaq basan xarici jurnalistl\u0259r hadis\u0259l\u0259rin h\u0259qiqi gedi\u015fini d\u00fcnya ictimaiyy\u0259tin\u0259 oldu\u011fu kimi \u00e7atd\u0131raraq, bu \u0259m\u0259ll\u0259rin beyn\u0259lxalq h\u00fcquq normalar\u0131na, m\u00fcharib\u0259nin qayda-qanunlar\u0131na zidd oldu\u011funu t\u0259sdiql\u0259dil\u0259r.<br \/>\n2016-c\u0131 il rayonumuzun tarixin\u0259 h\u0259m d\u0259 quruculuq ili kimi daxil oldu. D\u00fc\u015fm\u0259nl\u0259 \u00fcz-\u00fcz\u0259 dayanan \u015f\u0259h\u0259rd\u0259 g\u00f6r\u00fcl\u0259n i\u015fl\u0259r, tikil\u0259n binalar, abadla\u015fan k\u00fc\u00e7\u0259l\u0259r b\u00f6hran i\u00e7ind\u0259 ya\u015fayan Erm\u0259nistan \u00fc\u00e7\u00fcn h\u0259m g\u00f6z da\u011f\u0131, h\u0259m d\u0259 vurulan z\u0259rb\u0259dir.<br \/>\nT\u0259rt\u0259rlil\u0259r b\u00fct\u00fcn bu i\u015fl\u0259ri g\u00fccl\u00fc Az\u0259rbaycan Ordusuna arxalanaraq g\u00f6r\u00fcrl\u0259r. \u00d6t\u0259n il ordu il\u0259 xalq\u0131n birliyi daha da m\u00f6hk\u0259ml\u0259ndi.<br \/>\n2016-c\u0131 ili h\u0259m d\u0259 bir n\u00f6v \u201ca\u011f q\u0131z\u0131ll\u0131\u201d tarlalara qay\u0131d\u0131\u015f ili adland\u0131rmaq olar. Prezident \u0130lham \u018fliyevin \u00e7a\u011f\u0131r\u0131\u015f\u0131na \u00fcr\u0259kd\u0259n cavab ver\u0259n rayon sakinl\u0259ri pamb\u0131q \u0259kini sah\u0259l\u0259rini xeyli geni\u015fl\u0259ndirdil\u0259r v\u0259 uzun m\u00fcdd\u0259td\u0259n sonra bu sah\u0259d\u0259 ilk u\u011furlar\u0131n\u0131 qazand\u0131lar. Bu u\u011furlar\u0131n davaml\u0131 olmas\u0131 is\u0259 g\u0259l\u0259c\u0259kd\u0259 k\u0259ndlil\u0259rin daha yax\u015f\u0131 ya\u015famas\u0131 dem\u0259kdir.<br \/>\nQar\u015f\u0131dan 2017-ci il g\u0259lir. Xalq\u0131m\u0131z Yeni ili b\u00f6y\u00fck \u00fcmidl\u0259rl\u0259, arzularla qar\u015f\u0131lay\u0131r. Arzular\u0131n\u0131z \u00e7in olsun, \u0259ziz t\u0259rt\u0259rlil\u0259r!<\/p>\n<p style=\"text-align: right;\"><strong><em>\u201cYeni T\u0259rt\u0259r\u201d<\/em><\/strong><\/p>\n","protected":false},"excerpt":{"rendered":"<p>Daha bir il tarix\u0259 qovu\u015fdu. T\u0259rt\u0259rlil\u0259r \u00fc\u00e7\u00fcn bu il x\u00fcsusil\u0259 yaddaqalan oldu. Aprel ay\u0131nda ba\u015f ver\u0259n hadis\u0259l\u0259r bizi bir daha s\u0131na\u011fa \u00e7\u0259kdi. Q\u0259hr\u0259man T\u0259rt\u0259rin ad\u0131 planetimizin h\u0259r bir gu\u015f\u0259sind\u0259 f\u0259xrl\u0259 s\u0259sl\u0259ndi. D\u00fcnyan\u0131n s\u00fclhsev\u0259r insanlar\u0131 dinc \u0259halini artilleriya at\u0259\u015fin\u0259 tutan, m\u00fclki \u0259halinin \u00f6l\u00fcm\u00fcn\u0259 s\u0259b\u0259b olan, evl\u0259rini da\u011f\u0131dan erm\u0259ni fa\u015fistl\u0259rini n\u00f6vb\u0259ti d\u0259f\u0259 pisl\u0259dil\u0259r. T\u0259rt\u0259r\u0259 ayaq basan xarici [&hellip;]<\/p>\n","protected":false},"author":2,"featured_media":0,"comment_status":"closed","ping_status":"closed","sticky":false,"template":"","format":"standard","meta":[],"categories":[10],"tags":[20],"_links":{"self":[{"href":"https:\/\/yeniterter.az\/index.php?rest_route=\/wp\/v2\/posts\/5382"}],"collection":[{"href":"https:\/\/yeniterter.az\/index.php?rest_route=\/wp\/v2\/posts"}],"about":[{"href":"https:\/\/yeniterter.az\/index.php?rest_route=\/wp\/v2\/types\/post"}],"author":[{"embeddable":true,"href":"https:\/\/yeniterter.az\/index.php?rest_route=\/wp\/v2\/users\/2"}],"replies":[{"embeddable":true,"href":"https:\/\/yeniterter.az\/index.php?rest_route=%2Fwp%2Fv2%2Fcomments&post=5382"}],"version-history":[{"count":0,"href":"https:\/\/yeniterter.az\/index.php?rest_route=\/wp\/v2\/posts\/5382\/revisions"}],"wp:attachment":[{"href":"https:\/\/yeniterter.az\/index.php?rest_route=%2Fwp%2Fv2%2Fmedia&parent=5382"}],"wp:term":[{"taxonomy":"category","embeddable":true,"href":"https:\/\/yeniterter.az\/index.php?rest_route=%2Fwp%2Fv2%2Fcategories&post=5382"},{"taxonomy":"post_tag","embeddable":true,"href":"https:\/\/yeniterter.az\/index.php?rest_route=%2Fwp%2Fv2%2Ftags&post=5382"}],"curies":[{"name":"wp","href":"https:\/\/api.w.org\/{rel}","templated":true}]}}