{"id":5354,"date":"2016-12-27T16:07:30","date_gmt":"2016-12-27T13:07:30","guid":{"rendered":"http:\/\/www.yeniterter.az\/?p=5354"},"modified":"2016-12-29T13:31:41","modified_gmt":"2016-12-29T10:31:41","slug":"yeni-ili-s%c9%99ng%c9%99rl%c9%99rd%c9%99-qarsilayanlar","status":"publish","type":"post","link":"https:\/\/yeniterter.az\/?p=5354","title":{"rendered":"Yeni ili s\u0259ng\u0259rl\u0259rd\u0259 qar\u015f\u0131layanlar"},"content":{"rendered":"<p><strong>BAYRAMIN M\u00dcBAR\u018fK, V\u018fT\u018fN O\u011eLU!<\/strong><\/p>\n<p><img decoding=\"async\" loading=\"lazy\" class=\" wp-image-5355 alignleft\" src=\"http:\/\/www.yeniterter.az\/wp-content\/uploads\/\u041a\u043e\u043f\u0438\u044f-5037-300x199.jpg\" alt=\"%d0%ba%d0%be%d0%bf%d0%b8%d1%8f-5037\" width=\"172\" height=\"114\" srcset=\"https:\/\/yeniterter.az\/wp-content\/uploads\/\u041a\u043e\u043f\u0438\u044f-5037-300x199.jpg 300w, https:\/\/yeniterter.az\/wp-content\/uploads\/\u041a\u043e\u043f\u0438\u044f-5037.jpg 500w\" sizes=\"(max-width: 172px) 100vw, 172px\" \/><img decoding=\"async\" loading=\"lazy\" class=\" wp-image-5395 alignright\" src=\"http:\/\/www.yeniterter.az\/wp-content\/uploads\/sgrlr-n-gozl-dusunurlr87dba57fccb0d3506a6e-300x200.jpg\" alt=\"sgrlr-n-gozl-dusunurlr87dba57fccb0d3506a6e\" width=\"170\" height=\"113\" srcset=\"https:\/\/yeniterter.az\/wp-content\/uploads\/sgrlr-n-gozl-dusunurlr87dba57fccb0d3506a6e-300x200.jpg 300w, https:\/\/yeniterter.az\/wp-content\/uploads\/sgrlr-n-gozl-dusunurlr87dba57fccb0d3506a6e.jpg 421w\" sizes=\"(max-width: 170px) 100vw, 170px\" \/>Tariximizin yeni ili\u20132017-ci il yurdumuza q\u0259d\u0259m qoyur. B\u00fct\u00fcn d\u00fcnya xalqlar\u0131 bu bayram\u0131 g\u00f6z\u0259l \u0259hval-ruhiyy\u0259 il\u0259 qeyd edir. 31 dekabr h\u0259m d\u0259 D\u00fcnya Az\u0259rbaycanl\u0131lar\u0131n\u0131n H\u0259mr\u0259liyi G\u00fcn\u00fcd\u00fcr. \u00d6lk\u0259mizd\u0259 h\u0259min g\u00fcn ikiqat bayram edilir. Kimisi evind\u0259, kimisi s\u0259yah\u0259td\u0259, kimisi d\u0259 i\u015f ba\u015f\u0131nda. Lakin bayram g\u00fcn\u00fc s\u0259rh\u0259dl\u0259rimizin ke\u015fiyind\u0259 dayanan, \u015faxtal\u0131, soyuq s\u0259ng\u0259rl\u0259rd\u0259 d\u00fc\u015fm\u0259n fitn\u0259sin\u0259 v\u0259 hiyl\u0259sin\u0259 sin\u0259 g\u0259r\u0259n o\u011fullar\u0131m\u0131z var ki, onlar\u0131n bayram\u0131 s\u00fcfr\u0259 ba\u015f\u0131nda qeyd etm\u0259y\u0259 vaxtlar\u0131 v\u0259 imkanlar\u0131 yoxdur. Amma onlar\u0131n h\u0259r biri m\u0259n\u0259n evl\u0259rimizin sakini, s\u00fcfr\u0259l\u0259rimizin qona\u011f\u0131d\u0131r.<br \/>\nV\u0259t\u0259nimin h\u0259rbi\u00e7i o\u011flu!<br \/>\nS\u0259n \u0259lind\u0259 silah \u00f6lk\u0259mizin s\u0259rh\u0259dl\u0259rinin ke\u015fiyini \u00e7\u0259kirs\u0259n ki, torpa\u011f\u0131na, elin\u0259 zaval g\u0259lm\u0259sin. Avtomat\u0131n\u0131, pulemyotunu daim haz\u0131r saxlay\u0131rsan ki, d\u00fc\u015fm\u0259n\u0259 yenilm\u0259y\u0259s\u0259n, ya\u011f\u0131n\u0131n ba\u015f\u0131n\u0131n \u00fcst\u00fcn\u00fc bir g\u00f6z q\u0131rp\u0131m\u0131nda alasan. V\u0259t\u0259n o\u011flu biz d\u0259 s\u0259n\u0259 arxalan\u0131b rahat ocaqlar\u0131m\u0131zda ya\u015fay\u0131r\u0131q. S\u0259n yurd sevgin\u0259, silah\u0131na, g\u00fcc\u00fcn\u0259, irad\u0259n\u0259 arxalan! Biz d\u0259 s\u0259n\u0259 arxalanaq, V\u0259t\u0259n o\u011flu!<!--more--><br \/>\nQoy 2017-ci il s\u0259nin q\u0259l\u0259b\u0259nin u\u011furu olsun.Ya\u011f\u0131 d\u00fc\u015fm\u0259nin tapda\u011f\u0131nda qalan torpaqlar\u0131m\u0131z\u0131 azad ed\u0259s\u0259n! Qar\u015f\u0131s\u0131 k\u0259-silmi\u015f \u00e7aylar\u0131m\u0131z axar olsun, g\u00f6zl\u0259ri tutulmu\u015f bulaqlar\u0131m\u0131z qaynama\u011fa ba\u015flas\u0131n, kolkos basm\u0131\u015f c\u0131\u011f\u0131rlar\u0131m\u0131z a\u00e7\u0131ls\u0131n, \u0259sir d\u00fc\u015fm\u00fc\u015f soyda\u015flar\u0131m\u0131z azadl\u0131\u011fa qovu\u015fsun, V\u0259t\u0259n o\u011flu!<br \/>\nT\u0259z\u0259 iliniz m\u00fcbar\u0259k! S\u0259rh\u0259dl\u0259rimizi qoruyan, s\u0259ng\u0259rl\u0259rimizd\u0259 ke\u015fik \u00e7\u0259k\u0259n atalar, qarda\u015flar, o\u011fullar! Bayramlar\u0131n m\u00fcbar\u0259k, V\u0259t\u0259n o\u011flu!<\/p>\n<p style=\"text-align: right;\"><em><strong>Elfuz\u0259 V\u0259liyeva<\/strong><\/em><\/p>\n","protected":false},"excerpt":{"rendered":"<p>BAYRAMIN M\u00dcBAR\u018fK, V\u018fT\u018fN O\u011eLU! Tariximizin yeni ili\u20132017-ci il yurdumuza q\u0259d\u0259m qoyur. B\u00fct\u00fcn d\u00fcnya xalqlar\u0131 bu bayram\u0131 g\u00f6z\u0259l \u0259hval-ruhiyy\u0259 il\u0259 qeyd edir. 31 dekabr h\u0259m d\u0259 D\u00fcnya Az\u0259rbaycanl\u0131lar\u0131n\u0131n H\u0259mr\u0259liyi G\u00fcn\u00fcd\u00fcr. \u00d6lk\u0259mizd\u0259 h\u0259min g\u00fcn ikiqat bayram edilir. Kimisi evind\u0259, kimisi s\u0259yah\u0259td\u0259, kimisi d\u0259 i\u015f ba\u015f\u0131nda. Lakin bayram g\u00fcn\u00fc s\u0259rh\u0259dl\u0259rimizin ke\u015fiyind\u0259 dayanan, \u015faxtal\u0131, soyuq s\u0259ng\u0259rl\u0259rd\u0259 d\u00fc\u015fm\u0259n fitn\u0259sin\u0259 v\u0259 [&hellip;]<\/p>\n","protected":false},"author":2,"featured_media":0,"comment_status":"closed","ping_status":"closed","sticky":false,"template":"","format":"standard","meta":[],"categories":[10],"tags":[20],"_links":{"self":[{"href":"https:\/\/yeniterter.az\/index.php?rest_route=\/wp\/v2\/posts\/5354"}],"collection":[{"href":"https:\/\/yeniterter.az\/index.php?rest_route=\/wp\/v2\/posts"}],"about":[{"href":"https:\/\/yeniterter.az\/index.php?rest_route=\/wp\/v2\/types\/post"}],"author":[{"embeddable":true,"href":"https:\/\/yeniterter.az\/index.php?rest_route=\/wp\/v2\/users\/2"}],"replies":[{"embeddable":true,"href":"https:\/\/yeniterter.az\/index.php?rest_route=%2Fwp%2Fv2%2Fcomments&post=5354"}],"version-history":[{"count":0,"href":"https:\/\/yeniterter.az\/index.php?rest_route=\/wp\/v2\/posts\/5354\/revisions"}],"wp:attachment":[{"href":"https:\/\/yeniterter.az\/index.php?rest_route=%2Fwp%2Fv2%2Fmedia&parent=5354"}],"wp:term":[{"taxonomy":"category","embeddable":true,"href":"https:\/\/yeniterter.az\/index.php?rest_route=%2Fwp%2Fv2%2Fcategories&post=5354"},{"taxonomy":"post_tag","embeddable":true,"href":"https:\/\/yeniterter.az\/index.php?rest_route=%2Fwp%2Fv2%2Ftags&post=5354"}],"curies":[{"name":"wp","href":"https:\/\/api.w.org\/{rel}","templated":true}]}}