{"id":5351,"date":"2016-12-27T16:03:59","date_gmt":"2016-12-27T13:03:59","guid":{"rendered":"http:\/\/www.yeniterter.az\/?p=5351"},"modified":"2016-12-27T16:10:48","modified_gmt":"2016-12-27T13:10:48","slug":"yeni-ili-is-basinda-qarsilayanlar","status":"publish","type":"post","link":"https:\/\/yeniterter.az\/?p=5351","title":{"rendered":"Yeni ili i\u015f ba\u015f\u0131nda qar\u015f\u0131layanlar"},"content":{"rendered":"<p><strong>G\u018fRG\u0130N V\u018f \u015e\u018fR\u018fFL\u0130 PE\u015e\u018f SAH\u0130BL\u018fR\u0130<\/strong><\/p>\n<p><img decoding=\"async\" loading=\"lazy\" class=\" wp-image-5352 alignleft\" src=\"http:\/\/www.yeniterter.az\/wp-content\/uploads\/DSC_1451-300x200.jpg\" alt=\"dsc_1451\" width=\"167\" height=\"111\" srcset=\"https:\/\/yeniterter.az\/wp-content\/uploads\/DSC_1451-300x200.jpg 300w, https:\/\/yeniterter.az\/wp-content\/uploads\/DSC_1451-768x512.jpg 768w, https:\/\/yeniterter.az\/wp-content\/uploads\/DSC_1451-1024x683.jpg 1024w, https:\/\/yeniterter.az\/wp-content\/uploads\/DSC_1451.jpg 1500w\" sizes=\"(max-width: 167px) 100vw, 167px\" \/><img decoding=\"async\" loading=\"lazy\" class=\" wp-image-5360 alignright\" src=\"http:\/\/www.yeniterter.az\/wp-content\/uploads\/DSC_1443-300x201.jpg\" alt=\"dsc_1443\" width=\"169\" height=\"113\" srcset=\"https:\/\/yeniterter.az\/wp-content\/uploads\/DSC_1443-300x201.jpg 300w, https:\/\/yeniterter.az\/wp-content\/uploads\/DSC_1443-768x514.jpg 768w, https:\/\/yeniterter.az\/wp-content\/uploads\/DSC_1443-1024x685.jpg 1024w, https:\/\/yeniterter.az\/wp-content\/uploads\/DSC_1443.jpg 1500w\" sizes=\"(max-width: 169px) 100vw, 169px\" \/>Yeni il \u0259r\u0259f\u0259sind\u0259 T\u0259rt\u0259r Rayon D\u00f6vl\u0259t Yan\u011f\u0131ndan M\u00fchafiz\u0259 hiss\u0259sind\u0259 olduq. Hiss\u0259nin r\u0259isi daxili xidm\u0259t polkovnik-leytenant\u0131 M\u00fcbariz \u018fliyevl\u0259 i\u015f yerind\u0259 g\u00f6r\u00fc\u015fd\u00fck. S\u00f6hb\u0259t zaman\u0131 r\u0259is bildirdi ki, hey\u0259timizin t\u0259rkibind\u0259 5 yan\u011f\u0131nsond\u00fcr\u0259n ma\u015f\u0131n var. Onlardan birinin su tutumu 8 ton, birininki 6 ton, dig\u0259rininki is\u0259 5 ton, 3,3 ton v\u0259 2,5 tondur.<br \/>\nBurada \u00e7al\u0131\u015fan i\u015f\u00e7il\u0259rin say\u0131 50 n\u0259f\u0259rdir. Onlar\u0131n 6 n\u0259f\u0259ri zabit, qalan 44 n\u0259f\u0259ri is\u0259 s\u0131ravidir. Sutka \u0259rzind\u0259 14 n\u0259f\u0259r n\u00f6vb\u0259 \u00e7\u0259kir.<br \/>\nS\u00f6hb\u0259timiz zaman\u0131 hiss\u0259nin r\u0259isi M\u00fcbariz \u018fliyev bildirdi ki, rayonumuzun ucqar ya\u015fay\u0131\u015f m\u0259nt\u0259q\u0259si olan B\u0259yim-sarov k\u0259ndind\u0259 1 yan\u011f\u0131ns\u00f6nd\u00fcr\u0259n ma\u015f\u0131n v\u0259 4 n\u0259f\u0259r \u015f\u0259xsi hey\u0259t n\u00f6vb\u0259 \u00e7\u0259kir. 6 aydan \u00e7oxdur ki, B\u0259yimsarov v\u0259 ona yax\u0131n olan k\u0259ndl\u0259rd\u0259 9 yan\u011f\u0131n hadis\u0259si ba\u015f verib. Qeyd edim ki, yan\u011f\u0131n zaman\u0131 T\u0259rt\u0259rd\u0259n h\u0259min \u0259raziy\u0259 yan\u011f\u0131ns\u00f6nd\u00fcr\u0259n ma\u015f\u0131nlar 20-27 d\u0259qiq\u0259y\u0259 \u00e7atd\u0131\u011f\u0131 halda, B\u0259yimsarov k\u0259ndind\u0259 olan yan\u011f\u0131ns\u00f6nd\u00fcr\u0259n ma\u015f\u0131n hadis\u0259 yerin\u0259 3-5 d\u0259qiq\u0259y\u0259 \u00e7at\u0131r, bu da ba\u015f ver\u0259n yan\u011f\u0131n\u0131n geni\u015fl\u0259nm\u0259m\u0259sin\u0259 v\u0259 itkinin azalmas\u0131na s\u0259b\u0259b olur. <!--more-->\u0130l \u0259rzind\u0259 rayon \u0259razisind\u0259 ba\u015f vermi\u015f yan\u011f\u0131nlar\u0131 hiss\u0259nin kollektivi daim \u00f6z g\u00fcc\u00fcn\u0259 s\u00f6nd\u00fcr\u00fcb. He\u00e7 bir rayondan \u0259lav\u0259 q\u00fcvv\u0259 \u00e7a\u011fr\u0131lmay\u0131b. Ancaq qon\u015fu B\u0259rd\u0259, A\u011fdam, Yevlax v\u0259 Goranboy rayonlar\u0131nda ba\u015f ver\u0259n yan\u011f\u0131nlar\u0131n s\u00f6nd\u00fcr\u00fclm\u0259sin\u0259 qon\u015fu rayonlara k\u00f6m\u0259y\u0259 gedibl\u0259r.<br \/>\nM\u00fcbariz m\u00fc\u0259llim onu da qeyd etdi ki, \u015f\u0259xsi hey\u0259timiz aprel d\u00f6y\u00fc\u015fl\u0259rind\u0259 ba\u015f ver\u0259n yan\u011f\u0131nlar\u0131n s\u00f6nd\u00fcr\u00fclm\u0259sind\u0259 d\u0259 yax\u0131ndan i\u015ftirak edibl\u0259r. Bel\u0259 ki, erm\u0259ni quldurlar\u0131 t\u0259r\u0259find\u0259n k\u0259ndl\u0259rimiz\u0259 v\u0259 T\u0259rt\u0259r \u015f\u0259h\u0259rin\u0259 at\u0131lan m\u0259rmil\u0259r n\u0259-tic\u0259sind\u0259 yaranan yan\u011f\u0131nlar\u0131n s\u00f6nd\u00fcr\u00fclm\u0259sind\u0259 var q\u00fcvv\u0259 il\u0259 \u00e7al\u0131\u015fm\u0131\u015f\u0131q, yan\u011f\u0131nlar\u0131n geni\u015fl\u0259nm\u0259sin\u0259 imkan verm\u0259mi\u015fik.<br \/>\n\u00dcmumiyy\u0259tl\u0259, yax\u015f\u0131 hald\u0131r ki, son \u00fc\u00e7 ild\u0259 T\u0259rt\u0259r rayonunda \u00f6l\u00fcml\u0259 n\u0259tic\u0259l\u0259n\u0259n he\u00e7 bir yan\u011f\u0131n hadis\u0259si ba\u015f verm\u0259yib.<br \/>\nR\u0259is yan\u011f\u0131nla ba\u011fl\u0131 bir m\u0259s\u0259l\u0259y\u0259 d\u0259 toxundu. Bildirdi ki, T\u0259rt\u0259r rayonunda su q\u0131tl\u0131\u011f\u0131 ya\u015fanmasa da, son vaxtlar \u015f\u0259h\u0259rin k\u00fc\u00e7\u0259l\u0259rin\u0259 \u00e7\u0259kilmi\u015f su kranlar\u0131 g\u0259l\u0259c\u0259kd\u0259 ba\u015f ver\u0259c\u0259k yan\u011f\u0131nlar\u0131n vaxt\u0131nda s\u00f6nd\u00fcr\u00fclm\u0259sind\u0259 ba\u015fl\u0131ca amil olacaqd\u0131r.<br \/>\nSonda M\u00fcbariz \u018fliyev iftixar hissi il\u0259 bildirdi k, \u00d6lk\u0259 Prezidenti \u0130lham \u018fliyevin 15 dekabr 2016-c\u0131 il tarixli S\u0259r\u0259ncam\u0131 il\u0259 T\u0259rt\u0259r Yan\u011f\u0131ndan M\u00fchafiz\u0259 Hiss\u0259sinin ba\u015f \u00e7avu\u015fu, ba\u015f yan\u011f\u0131ns\u00f6nd\u00fcr\u0259n K\u0259rimov S\u0259m\u0259ddin Manaf o\u011flu \u201cFovq\u0259lad\u0259 Hallar orqanlar\u0131nda xidm\u0259td\u0259 f\u0259rql\u0259ndiyin\u0259 g\u00f6r\u0259\u201d III d\u0259r\u0259c\u0259li medalla t\u0259ltif olunmu\u015fdur.<br \/>\nBundan ba\u015fqa F\u00f6vq\u0259lad\u0259 Hallar Naziri general-polkovnik K\u0259mal\u0259ddin Heyd\u0259rovun imzas\u0131 il\u0259 manqa komandiri, daxili xidm\u0259t ba\u015f \u00e7avu\u015fu Ta\u011f\u0131yev Etibar M\u0259zahir o\u011flu v\u0259 ba\u015f yan\u011f\u0131ns\u00f6nd\u00fcr\u0259n, daxili xidm\u0259t ba\u015f \u00e7avu\u015fu Haqverdiyev Ziy\u0259ddin V\u0259liy\u0259ddin o\u011flu \u201cF\u0259xri F\u0259rman\u201d la t\u0259ltif olunmu\u015flar.<br \/>\nYeni ili h\u0259r k\u0259s \u00f6z ail\u0259sind\u0259, s\u00fcfr\u0259 ba\u015f\u0131nda qar\u015f\u0131layaca\u011f\u0131 halda, f\u0259dakar yan\u011f\u0131ns\u00f6nd\u00fcr\u0259nl\u0259rimiz i\u015f ba\u015f\u0131nda, gec\u0259 n\u00f6vb\u0259sind\u0259 s\u0259ks\u0259k\u0259 il\u0259 qar\u015f\u0131layacaqlar. Bunun eybi yoxdur, t\u0259ki yan\u011f\u0131n ba\u015f verm\u0259sin.<br \/>\nSonda M\u00fcbariz m\u00fc\u0259llim qeyd etdi ki, q\u0259zetiniz vasit\u0259sil\u0259 rayon icra hakimiyy\u0259tinin ba\u015f\u00e7\u0131s\u0131 M\u00fcst\u0259qim M\u0259mm\u0259dovu, T\u0259rt\u0259r camaat\u0131n\u0131, T\u0259rt\u0259rd\u0259 m\u0259skunla\u015fan qa\u00e7q\u0131n v\u0259 m\u0259cburi k\u00f6\u00e7k\u00fcn bac\u0131 qarda\u015flar\u0131m\u0131z\u0131 31 dekabr D\u00fcnya Az\u0259rbaycanl\u0131lar\u0131n\u0131n h\u0259mr\u0259yliyi G\u00fcn\u00fc v\u0259 Yeni \u0130l bayram\u0131 m\u00fcnasib\u0259ti il\u0259 \u00f6z ad\u0131mdan, h\u0259m\u00e7inin \u015f\u0259xsi hey\u0259timiz ad\u0131ndan s\u0259mimiyy\u0259tl\u0259 t\u0259brik edir\u0259m. Sizi \u0259min edir\u0259m ki, rayon \u0259razisind\u0259 ba\u015f ver\u0259 bil\u0259c\u0259k h\u0259r hans\u0131 yan\u011f\u0131n hadis\u0259sinin qar\u015f\u0131s\u0131 vaxt\u0131nda al\u0131nacaqd\u0131r.<\/p>\n<p style=\"text-align: right;\"><em><strong>S\u00f6hb\u0259ti yazd\u0131:<\/strong><\/em><br \/>\n<em><strong>\u018fv\u0259z N\u0259sirov<\/strong><\/em><\/p>\n","protected":false},"excerpt":{"rendered":"<p>G\u018fRG\u0130N V\u018f \u015e\u018fR\u018fFL\u0130 PE\u015e\u018f SAH\u0130BL\u018fR\u0130 Yeni il \u0259r\u0259f\u0259sind\u0259 T\u0259rt\u0259r Rayon D\u00f6vl\u0259t Yan\u011f\u0131ndan M\u00fchafiz\u0259 hiss\u0259sind\u0259 olduq. Hiss\u0259nin r\u0259isi daxili xidm\u0259t polkovnik-leytenant\u0131 M\u00fcbariz \u018fliyevl\u0259 i\u015f yerind\u0259 g\u00f6r\u00fc\u015fd\u00fck. S\u00f6hb\u0259t zaman\u0131 r\u0259is bildirdi ki, hey\u0259timizin t\u0259rkibind\u0259 5 yan\u011f\u0131nsond\u00fcr\u0259n ma\u015f\u0131n var. Onlardan birinin su tutumu 8 ton, birininki 6 ton, dig\u0259rininki is\u0259 5 ton, 3,3 ton v\u0259 2,5 tondur. Burada [&hellip;]<\/p>\n","protected":false},"author":2,"featured_media":0,"comment_status":"closed","ping_status":"closed","sticky":false,"template":"","format":"standard","meta":[],"categories":[10],"tags":[20],"_links":{"self":[{"href":"https:\/\/yeniterter.az\/index.php?rest_route=\/wp\/v2\/posts\/5351"}],"collection":[{"href":"https:\/\/yeniterter.az\/index.php?rest_route=\/wp\/v2\/posts"}],"about":[{"href":"https:\/\/yeniterter.az\/index.php?rest_route=\/wp\/v2\/types\/post"}],"author":[{"embeddable":true,"href":"https:\/\/yeniterter.az\/index.php?rest_route=\/wp\/v2\/users\/2"}],"replies":[{"embeddable":true,"href":"https:\/\/yeniterter.az\/index.php?rest_route=%2Fwp%2Fv2%2Fcomments&post=5351"}],"version-history":[{"count":0,"href":"https:\/\/yeniterter.az\/index.php?rest_route=\/wp\/v2\/posts\/5351\/revisions"}],"wp:attachment":[{"href":"https:\/\/yeniterter.az\/index.php?rest_route=%2Fwp%2Fv2%2Fmedia&parent=5351"}],"wp:term":[{"taxonomy":"category","embeddable":true,"href":"https:\/\/yeniterter.az\/index.php?rest_route=%2Fwp%2Fv2%2Fcategories&post=5351"},{"taxonomy":"post_tag","embeddable":true,"href":"https:\/\/yeniterter.az\/index.php?rest_route=%2Fwp%2Fv2%2Ftags&post=5351"}],"curies":[{"name":"wp","href":"https:\/\/api.w.org\/{rel}","templated":true}]}}