{"id":5054,"date":"2016-11-28T15:23:50","date_gmt":"2016-11-28T12:23:50","guid":{"rendered":"http:\/\/www.yeniterter.az\/?p=5054"},"modified":"2016-11-29T11:14:33","modified_gmt":"2016-11-29T08:14:33","slug":"10-il-%c9%99vv%c9%99l-mehriban-xanim-%c9%99liyeva-isesko-nun-xosm%c9%99ramli-s%c9%99firi-secilib","status":"publish","type":"post","link":"https:\/\/yeniterter.az\/?p=5054","title":{"rendered":"10 \u0130L \u018fVV\u018fL MEHR\u0130BAN XANIM \u018fL\u0130YEVA \u0130SESKO-nun XO\u015eM\u018fRAMLI S\u018fF\u0130R\u0130 SE\u00c7\u0130L\u0130B"},"content":{"rendered":"<p><img decoding=\"async\" loading=\"lazy\" class=\" wp-image-5061 alignleft\" src=\"http:\/\/www.yeniterter.az\/wp-content\/uploads\/1468586416_mehriban_aliyeva_261012_14-300x225.jpg\" alt=\"1468586416_mehriban_aliyeva_261012_14\" width=\"145\" height=\"108\" srcset=\"https:\/\/yeniterter.az\/wp-content\/uploads\/1468586416_mehriban_aliyeva_261012_14-300x225.jpg 300w, https:\/\/yeniterter.az\/wp-content\/uploads\/1468586416_mehriban_aliyeva_261012_14-768x575.jpg 768w, https:\/\/yeniterter.az\/wp-content\/uploads\/1468586416_mehriban_aliyeva_261012_14.jpg 900w\" sizes=\"(max-width: 145px) 100vw, 145px\" \/>Az\u0259rbaycan\u0131n birinci xan\u0131m\u0131, Heyd\u0259r \u018fliyev Fondunun prezidenti Mehriban \u018fliyevan\u0131n \u0130SESKO-nun xo\u015fm\u0259raml\u0131 s\u0259firi se\u00e7ilm\u0259sinin 10 ili tamam olmu\u015fdur. Bu m\u00fcdd\u0259t \u0259rzind\u0259 Heyd\u0259r \u018fliyev Fondu v\u0259 \u0130SESKO t\u0259r\u0259find\u0259n bir s\u0131ra birg\u0259 layih\u0259l\u0259r h\u0259yata ke\u00e7irilmi\u015f, \u0259m\u0259kda\u015fl\u0131q \u0259laq\u0259l\u0259ri geni\u015fl\u0259ndirilmi\u015fdir. Az\u0259rbaycan 1992-ci ild\u0259n \u0130SESKO-nun \u00fczv\u00fc olsa da, Mehriban xan\u0131m s\u0259fir se\u00e7il\u0259n\u0259d\u0259k, t\u0259\u015fkilatla m\u00fcnasib\u0259tl\u0259rimiz o q\u0259d\u0259r d\u0259 s\u0131x olmay\u0131b. Heyd\u0259r \u018fliyev Fondu il\u0259 \u0130SESKO-nun ke\u00e7irdiyi i\u015fl\u0259r eyni istiqam\u0259tli oldu\u011fu \u00fc\u00e7\u00fcn, bu t\u0259\u015fkilatlar aras\u0131nda \u0259m\u0259kda\u015fl\u0131q haqq\u0131nda sazi\u015f imzalan\u0131b.<br \/>\nH\u0259yata ke\u00e7iril\u0259n t\u0259dbirl\u0259r s\u0131ras\u0131nda u\u015faqlara qay\u011f\u0131 g\u00f6st\u0259rilm\u0259si ba\u015fl\u0131ca yer tutur. \u0130SESKO t\u0259r\u0259find\u0259n bu istiqam\u0259td\u0259 m\u00fcxt\u0259lif proqramlar h\u0259yata ke\u00e7irilir. Bu istiqam\u0259td\u0259 daha \u00e7ox diqq\u0259t m\u0259rk\u0259zind\u0259 x\u00fcsusi qay\u011f\u0131ya ehtiyac\u0131 olan u\u015faqlarla i\u015f dayan\u0131r. Sa\u011flaml\u0131q imkan\u0131 m\u0259hdud u\u015faqlar\u0131n probleml\u0259rin\u0259 h\u0259sr olunan m\u00fcxt\u0259lif t\u0259dbirl\u0259r, konfranslar ke\u00e7irilir.<br \/>\nBu g\u00fcn Mehriban xan\u0131m \u018fliyeva t\u0259kc\u0259 Az\u0259baycanda deyil, b\u00fct\u00fcn d\u00fcnyada xeyirxahl\u0131q, humanizm simvolu kimi tan\u0131n\u0131r. \u0130SESKO-dak\u0131 f\u0259aliyy\u0259ti ona bu missiyan\u0131 daha geni\u015f miqyasda h\u0259yata ke\u00e7irm\u0259y\u0259 imkan yarad\u0131r.<\/p>\n<p style=\"text-align: right;\"><strong><em>\u201cYeni T\u0259rt\u0259r\u201d<\/em><\/strong><\/p>\n","protected":false},"excerpt":{"rendered":"<p>Az\u0259rbaycan\u0131n birinci xan\u0131m\u0131, Heyd\u0259r \u018fliyev Fondunun prezidenti Mehriban \u018fliyevan\u0131n \u0130SESKO-nun xo\u015fm\u0259raml\u0131 s\u0259firi se\u00e7ilm\u0259sinin 10 ili tamam olmu\u015fdur. Bu m\u00fcdd\u0259t \u0259rzind\u0259 Heyd\u0259r \u018fliyev Fondu v\u0259 \u0130SESKO t\u0259r\u0259find\u0259n bir s\u0131ra birg\u0259 layih\u0259l\u0259r h\u0259yata ke\u00e7irilmi\u015f, \u0259m\u0259kda\u015fl\u0131q \u0259laq\u0259l\u0259ri geni\u015fl\u0259ndirilmi\u015fdir. Az\u0259rbaycan 1992-ci ild\u0259n \u0130SESKO-nun \u00fczv\u00fc olsa da, Mehriban xan\u0131m s\u0259fir se\u00e7il\u0259n\u0259d\u0259k, t\u0259\u015fkilatla m\u00fcnasib\u0259tl\u0259rimiz o q\u0259d\u0259r d\u0259 s\u0131x olmay\u0131b. Heyd\u0259r \u018fliyev [&hellip;]<\/p>\n","protected":false},"author":2,"featured_media":0,"comment_status":"closed","ping_status":"closed","sticky":false,"template":"","format":"standard","meta":[],"categories":[10],"tags":[20],"_links":{"self":[{"href":"https:\/\/yeniterter.az\/index.php?rest_route=\/wp\/v2\/posts\/5054"}],"collection":[{"href":"https:\/\/yeniterter.az\/index.php?rest_route=\/wp\/v2\/posts"}],"about":[{"href":"https:\/\/yeniterter.az\/index.php?rest_route=\/wp\/v2\/types\/post"}],"author":[{"embeddable":true,"href":"https:\/\/yeniterter.az\/index.php?rest_route=\/wp\/v2\/users\/2"}],"replies":[{"embeddable":true,"href":"https:\/\/yeniterter.az\/index.php?rest_route=%2Fwp%2Fv2%2Fcomments&post=5054"}],"version-history":[{"count":0,"href":"https:\/\/yeniterter.az\/index.php?rest_route=\/wp\/v2\/posts\/5054\/revisions"}],"wp:attachment":[{"href":"https:\/\/yeniterter.az\/index.php?rest_route=%2Fwp%2Fv2%2Fmedia&parent=5054"}],"wp:term":[{"taxonomy":"category","embeddable":true,"href":"https:\/\/yeniterter.az\/index.php?rest_route=%2Fwp%2Fv2%2Fcategories&post=5054"},{"taxonomy":"post_tag","embeddable":true,"href":"https:\/\/yeniterter.az\/index.php?rest_route=%2Fwp%2Fv2%2Ftags&post=5054"}],"curies":[{"name":"wp","href":"https:\/\/api.w.org\/{rel}","templated":true}]}}