{"id":5016,"date":"2016-11-28T14:09:22","date_gmt":"2016-11-28T11:09:22","guid":{"rendered":"http:\/\/www.yeniterter.az\/?p=5016"},"modified":"2016-11-28T14:49:54","modified_gmt":"2016-11-28T11:49:54","slug":"umumdunya-usaq-gunu","status":"publish","type":"post","link":"https:\/\/yeniterter.az\/?p=5016","title":{"rendered":"\u00dcMUMD\u00dcNYA U\u015eAQ G\u00dcN\u00dc"},"content":{"rendered":"<p><img decoding=\"async\" loading=\"lazy\" class=\" wp-image-5017 alignleft\" src=\"http:\/\/www.yeniterter.az\/wp-content\/uploads\/IMG_5240-\u041a\u043e\u043f\u0438\u0440\u043e\u0432\u0430\u0442\u044c-300x217.jpg\" alt=\"img_5240-%d0%ba%d0%be%d0%bf%d0%b8%d1%80%d0%be%d0%b2%d0%b0%d1%82%d1%8c\" width=\"141\" height=\"102\" srcset=\"https:\/\/yeniterter.az\/wp-content\/uploads\/IMG_5240-\u041a\u043e\u043f\u0438\u0440\u043e\u0432\u0430\u0442\u044c-300x217.jpg 300w, https:\/\/yeniterter.az\/wp-content\/uploads\/IMG_5240-\u041a\u043e\u043f\u0438\u0440\u043e\u0432\u0430\u0442\u044c-768x555.jpg 768w, https:\/\/yeniterter.az\/wp-content\/uploads\/IMG_5240-\u041a\u043e\u043f\u0438\u0440\u043e\u0432\u0430\u0442\u044c.jpg 904w\" sizes=\"(max-width: 141px) 100vw, 141px\" \/>H\u0259r il noyabr ay\u0131nda planetimizd\u0259 \u00dcmumd\u00fcnya U\u015faq G\u00fcn\u00fc qeyd edilir. 1954-c\u00fc ild\u0259 BMT-nin Ba\u015f M\u0259clisi u\u015faqlar\u0131n rifah\u0131n\u0131n yax\u015f\u0131la\u015fd\u0131r\u0131lmas\u0131na y\u00f6n\u0259ldil\u0259n f\u0259aliyy\u0259t\u0259 h\u0259sr edil\u0259n bu g\u00fcn\u00fc qeyd etm\u0259yi b\u00fct\u00fcn d\u00fcnya \u00f6lk\u0259l\u0259rin\u0259 m\u0259sl\u0259h\u0259t g\u00f6r\u00fcb. 1959-cu il noyabr\u0131n 20-d\u0259 ba\u015f m\u0259clis u\u015faq h\u00fcquqlar\u0131 b\u0259yannam\u0259sini, 1989-cu ilin h\u0259min g\u00fcn\u00fcnd\u0259 is\u0259 u\u015faq h\u00fcquqlar\u0131 haqq\u0131nda <img decoding=\"async\" loading=\"lazy\" class=\" wp-image-5040 alignright\" src=\"http:\/\/www.yeniterter.az\/wp-content\/uploads\/1433137063_fad1e162_201072301220-300x201.jpg\" alt=\"1433137063_fad1e162_201072301220\" width=\"149\" height=\"100\" srcset=\"https:\/\/yeniterter.az\/wp-content\/uploads\/1433137063_fad1e162_201072301220-300x201.jpg 300w, https:\/\/yeniterter.az\/wp-content\/uploads\/1433137063_fad1e162_201072301220.jpg 600w\" sizes=\"(max-width: 149px) 100vw, 149px\" \/>konvensiyan\u0131 q\u0259bul edib. Beyn\u0259lxalq statistikaya \u0259sas\u0259n, h\u0259r il be\u015f ya\u015f\u0131na \u00e7atmam\u0131\u015f on bir milyon u\u015faq d\u00fcnyas\u0131n\u0131 d\u0259yi\u015fir. On milyonlarla u\u015faq is\u0259 ya\u015famaq v\u0259 inki\u015faf etm\u0259k imkan\u0131 olmayan fiziki v\u0259 ruhi x\u0259st\u0259 olurlar. U\u015faq h\u00fcquqlar\u0131n\u0131n qorunmas\u0131, onlar\u0131n rifah hal\u0131n\u0131n yax\u015f\u0131la\u015fd\u0131r\u0131lmas\u0131 m\u0259s\u0259l\u0259l\u0259ri Heyd\u0259r \u018fliyev Fondunun da daim m\u0259\u015f\u011ful oldu\u011fu m\u0259s\u0259l\u0259dir. Bu istiqam\u0259td\u0259 i\u015fl\u0259r t\u0259kc\u0259 Az\u0259rbaycanda deyil, onun h\u00fcdudlar\u0131ndan k\u0259narda da g\u00f6r\u00fcl\u00fcr.<br \/>\nHeyd\u0259r \u018fliyev Fondu hesab\u0131na T\u0259rt\u0259r rayonunda da bir ne\u00e7\u0259 m\u00fcasir m\u0259kt\u0259b binas\u0131 tikilib istifad\u0259y\u0259 verilmi\u015fdir. Haz\u0131rda is\u0259 \u015f\u0259h\u0259rin Nizami k\u00fc\u00e7\u0259sind\u0259 in\u015fa olunan yara\u015f\u0131ql\u0131, h\u0259r c\u00fcr \u015f\u0259raiti olan k\u00f6rp\u0259l\u0259r evi-u\u015faq ba\u011f\u00e7as\u0131 istifad\u0259y\u0259 verilm\u0259k \u00fczr\u0259dir. B\u00fct\u00fcn bunlar d\u00f6vl\u0259timizin \u00f6z ki\u00e7ik v\u0259t\u0259nda\u015flar\u0131na olan qay\u011f\u0131s\u0131n\u0131n t\u0259zah\u00fcr\u00fcd\u00fcr.<\/p>\n<p style=\"text-align: right;\"><em><strong>\u201cYeni T\u0259rt\u0259r\u201d<\/strong><\/em><\/p>\n","protected":false},"excerpt":{"rendered":"<p>H\u0259r il noyabr ay\u0131nda planetimizd\u0259 \u00dcmumd\u00fcnya U\u015faq G\u00fcn\u00fc qeyd edilir. 1954-c\u00fc ild\u0259 BMT-nin Ba\u015f M\u0259clisi u\u015faqlar\u0131n rifah\u0131n\u0131n yax\u015f\u0131la\u015fd\u0131r\u0131lmas\u0131na y\u00f6n\u0259ldil\u0259n f\u0259aliyy\u0259t\u0259 h\u0259sr edil\u0259n bu g\u00fcn\u00fc qeyd etm\u0259yi b\u00fct\u00fcn d\u00fcnya \u00f6lk\u0259l\u0259rin\u0259 m\u0259sl\u0259h\u0259t g\u00f6r\u00fcb. 1959-cu il noyabr\u0131n 20-d\u0259 ba\u015f m\u0259clis u\u015faq h\u00fcquqlar\u0131 b\u0259yannam\u0259sini, 1989-cu ilin h\u0259min g\u00fcn\u00fcnd\u0259 is\u0259 u\u015faq h\u00fcquqlar\u0131 haqq\u0131nda konvensiyan\u0131 q\u0259bul edib. Beyn\u0259lxalq statistikaya \u0259sas\u0259n, h\u0259r [&hellip;]<\/p>\n","protected":false},"author":2,"featured_media":0,"comment_status":"closed","ping_status":"closed","sticky":false,"template":"","format":"standard","meta":[],"categories":[10],"tags":[20],"_links":{"self":[{"href":"https:\/\/yeniterter.az\/index.php?rest_route=\/wp\/v2\/posts\/5016"}],"collection":[{"href":"https:\/\/yeniterter.az\/index.php?rest_route=\/wp\/v2\/posts"}],"about":[{"href":"https:\/\/yeniterter.az\/index.php?rest_route=\/wp\/v2\/types\/post"}],"author":[{"embeddable":true,"href":"https:\/\/yeniterter.az\/index.php?rest_route=\/wp\/v2\/users\/2"}],"replies":[{"embeddable":true,"href":"https:\/\/yeniterter.az\/index.php?rest_route=%2Fwp%2Fv2%2Fcomments&post=5016"}],"version-history":[{"count":0,"href":"https:\/\/yeniterter.az\/index.php?rest_route=\/wp\/v2\/posts\/5016\/revisions"}],"wp:attachment":[{"href":"https:\/\/yeniterter.az\/index.php?rest_route=%2Fwp%2Fv2%2Fmedia&parent=5016"}],"wp:term":[{"taxonomy":"category","embeddable":true,"href":"https:\/\/yeniterter.az\/index.php?rest_route=%2Fwp%2Fv2%2Fcategories&post=5016"},{"taxonomy":"post_tag","embeddable":true,"href":"https:\/\/yeniterter.az\/index.php?rest_route=%2Fwp%2Fv2%2Ftags&post=5016"}],"curies":[{"name":"wp","href":"https:\/\/api.w.org\/{rel}","templated":true}]}}