{"id":5000,"date":"2016-11-28T12:11:53","date_gmt":"2016-11-28T09:11:53","guid":{"rendered":"http:\/\/www.yeniterter.az\/?p=5000"},"modified":"2016-11-28T12:11:53","modified_gmt":"2016-11-28T09:11:53","slug":"veteranlarimiz","status":"publish","type":"post","link":"https:\/\/yeniterter.az\/?p=5000","title":{"rendered":"Veteranlar\u0131m\u0131z"},"content":{"rendered":"<p><strong>Q\u00dcRUR H\u0130SS\u0130 KE\u00c7\u0130R\u0130R<\/strong><\/p>\n<p><img decoding=\"async\" loading=\"lazy\" class=\" wp-image-5001 alignleft\" src=\"http:\/\/www.yeniterter.az\/wp-content\/uploads\/\u043d\u043e\u0432\u044b\u0439-1-2-207x300.jpg\" alt=\"%d0%bd%d0%be%d0%b2%d1%8b%d0%b9-1\" width=\"94\" height=\"136\" srcset=\"https:\/\/yeniterter.az\/wp-content\/uploads\/\u043d\u043e\u0432\u044b\u0439-1-2-207x300.jpg 207w, https:\/\/yeniterter.az\/wp-content\/uploads\/\u043d\u043e\u0432\u044b\u0439-1-2.jpg 262w\" sizes=\"(max-width: 94px) 100vw, 94px\" \/>Torpaqlar\u0131m\u0131z\u0131n b\u00fct\u00f6vl\u00fcy\u00fc u\u011frunda erm\u0259ni quldurlar\u0131na qar\u015f\u0131 vuru\u015fub sa\u011flaml\u0131\u011f\u0131ndan ke\u00e7\u0259n g\u0259ncl\u0259rimizind\u0259n biri d\u0259 Rafiq F\u0259rhad o\u011flu A\u011fayevdir. Rafiq A\u011fayev 1966-c\u0131 ild\u0259 rayonumuzun Qarada\u011fl\u0131 k\u0259ndind\u0259 anadan olub. T\u0259rt\u0259r texniki pe\u015f\u0259 m\u0259kt\u0259bind\u0259 traktor\u00e7uluq pe\u015f\u0259sin\u0259 yiy\u0259l\u0259nib. 1984-86-c\u0131 ill\u0259rd\u0259 Belorusiyan\u0131n Minsk \u015f\u0259h\u0259rind\u0259 serjant r\u00fctb\u0259sind\u0259 xidm\u0259ti borcunu yerin\u0259 yetirib. 1990-c\u0131 ild\u0259 rayon polis \u015f\u00f6b\u0259sind\u0259 polis n\u0259f\u0259ri kimi i\u015f\u0259 q\u0259bul olunub.<br \/>\nRafiqin ilk d\u00f6y\u00fc\u015f yolu T\u0259rt\u0259r\u0259 \u0259n yax\u0131n olan Marqu\u015fevan k\u0259ndind\u0259n ba\u015flay\u0131b. Oran\u0131n erm\u0259ni quldurlar\u0131ndan t\u0259mizl\u0259nm\u0259sind\u0259 dig\u0259r polis \u0259m\u0259kda\u015flar\u0131 il\u0259 birlikd\u0259 d\u00f6y\u00fc\u015fl\u0259rd\u0259 yax\u0131ndan i\u015ftirak edib.<br \/>\nO, Marqu\u015fevana ikinci h\u0259ml\u0259 zaman\u0131 ba\u015f nahiyy\u0259sind\u0259n a\u011f\u0131r yaralan\u0131b. B\u0259rd\u0259 v\u0259 Bak\u0131 \u015f\u0259h\u0259rl\u0259rind\u0259 6 ay m\u00fcalic\u0259 olunduqdan sonra 2-ci qrup \u0259lil kimi xidm\u0259td\u0259n azad edilib. Sonra \u00f6lk\u0259nin m\u00fcxt\u0259lif \u015f\u0259h\u0259rl\u0259rind\u0259 m\u00fcalic\u0259sini davam etdirib. Qay\u0131dandan sonra f\u0259rdi \u0259m\u0259kl\u0259 m\u0259\u015f\u011ful olur. Ail\u0259lidir, iki \u00f6vlad\u0131 var. Torpaqlar\u0131m\u0131z\u0131n b\u00fct\u00f6vl\u00fcy\u00fc u\u011frunda m\u00fcbariz\u0259y\u0259 qo\u015fulark\u0259n ba\u015f\u0131ndan ald\u0131\u011f\u0131 ciddi yara onu 2-ci qrup \u0259lil ets\u0259 d\u0259 Marqu\u015fevan\u0131n erm\u0259ni quldurlar\u0131ndan azad olunmas\u0131 onu daim sevindirir. Sevindirir, \u00e7\u00fcnki v\u0259t\u0259n torpa\u011f\u0131n\u0131n n\u0259inki b\u00f6y\u00fck bir k\u0259ndinin, el\u0259c\u0259 d\u0259 bir qar\u0131\u015f\u0131n\u0131n bel\u0259 erm\u0259ni d\u0131\u011falar\u0131ndan t\u0259mizl\u0259nm\u0259si b\u00f6y\u00fck \u015f\u0259r\u0259fdir. Buna g\u00f6r\u0259 d\u0259 \u0259lil olsa da, qo\u015fuldu\u011fu m\u00fcbariz\u0259d\u0259n daim q\u00fcrur hissi ke\u00e7irir.<\/p>\n<p style=\"text-align: right;\"><em><strong>Mirz\u0259 N\u0259sir<\/strong><\/em><\/p>\n","protected":false},"excerpt":{"rendered":"<p>Q\u00dcRUR H\u0130SS\u0130 KE\u00c7\u0130R\u0130R Torpaqlar\u0131m\u0131z\u0131n b\u00fct\u00f6vl\u00fcy\u00fc u\u011frunda erm\u0259ni quldurlar\u0131na qar\u015f\u0131 vuru\u015fub sa\u011flaml\u0131\u011f\u0131ndan ke\u00e7\u0259n g\u0259ncl\u0259rimizind\u0259n biri d\u0259 Rafiq F\u0259rhad o\u011flu A\u011fayevdir. Rafiq A\u011fayev 1966-c\u0131 ild\u0259 rayonumuzun Qarada\u011fl\u0131 k\u0259ndind\u0259 anadan olub. T\u0259rt\u0259r texniki pe\u015f\u0259 m\u0259kt\u0259bind\u0259 traktor\u00e7uluq pe\u015f\u0259sin\u0259 yiy\u0259l\u0259nib. 1984-86-c\u0131 ill\u0259rd\u0259 Belorusiyan\u0131n Minsk \u015f\u0259h\u0259rind\u0259 serjant r\u00fctb\u0259sind\u0259 xidm\u0259ti borcunu yerin\u0259 yetirib. 1990-c\u0131 ild\u0259 rayon polis \u015f\u00f6b\u0259sind\u0259 polis n\u0259f\u0259ri kimi i\u015f\u0259 [&hellip;]<\/p>\n","protected":false},"author":2,"featured_media":0,"comment_status":"closed","ping_status":"closed","sticky":false,"template":"","format":"standard","meta":[],"categories":[10],"tags":[20],"_links":{"self":[{"href":"https:\/\/yeniterter.az\/index.php?rest_route=\/wp\/v2\/posts\/5000"}],"collection":[{"href":"https:\/\/yeniterter.az\/index.php?rest_route=\/wp\/v2\/posts"}],"about":[{"href":"https:\/\/yeniterter.az\/index.php?rest_route=\/wp\/v2\/types\/post"}],"author":[{"embeddable":true,"href":"https:\/\/yeniterter.az\/index.php?rest_route=\/wp\/v2\/users\/2"}],"replies":[{"embeddable":true,"href":"https:\/\/yeniterter.az\/index.php?rest_route=%2Fwp%2Fv2%2Fcomments&post=5000"}],"version-history":[{"count":0,"href":"https:\/\/yeniterter.az\/index.php?rest_route=\/wp\/v2\/posts\/5000\/revisions"}],"wp:attachment":[{"href":"https:\/\/yeniterter.az\/index.php?rest_route=%2Fwp%2Fv2%2Fmedia&parent=5000"}],"wp:term":[{"taxonomy":"category","embeddable":true,"href":"https:\/\/yeniterter.az\/index.php?rest_route=%2Fwp%2Fv2%2Fcategories&post=5000"},{"taxonomy":"post_tag","embeddable":true,"href":"https:\/\/yeniterter.az\/index.php?rest_route=%2Fwp%2Fv2%2Ftags&post=5000"}],"curies":[{"name":"wp","href":"https:\/\/api.w.org\/{rel}","templated":true}]}}