{"id":4975,"date":"2016-11-24T15:26:02","date_gmt":"2016-11-24T12:26:02","guid":{"rendered":"http:\/\/www.yeniterter.az\/?p=4975"},"modified":"2016-11-24T15:26:21","modified_gmt":"2016-11-24T12:26:21","slug":"multikulturalizm-m%c9%99rk%c9%99zinin-daimi-elmi-seminarinda-muhum-m%c9%99s%c9%99l%c9%99l%c9%99r-muzakir%c9%99-olunub","status":"publish","type":"post","link":"https:\/\/yeniterter.az\/?p=4975","title":{"rendered":"Multikulturalizm M\u0259rk\u0259zinin daimi elmi seminar\u0131nda m\u00fch\u00fcm m\u0259s\u0259l\u0259l\u0259r m\u00fczakir\u0259 olunub"},"content":{"rendered":"<p><img decoding=\"async\" loading=\"lazy\" class=\" wp-image-4976 alignleft\" src=\"http:\/\/www.yeniterter.az\/wp-content\/uploads\/FotoSeminar-2-300x203.jpg\" alt=\"fotoseminar-2\" width=\"139\" height=\"94\" srcset=\"https:\/\/yeniterter.az\/wp-content\/uploads\/FotoSeminar-2-300x203.jpg 300w, https:\/\/yeniterter.az\/wp-content\/uploads\/FotoSeminar-2-768x521.jpg 768w, https:\/\/yeniterter.az\/wp-content\/uploads\/FotoSeminar-2.jpg 1024w\" sizes=\"(max-width: 139px) 100vw, 139px\" \/>Bak\u0131 Beyn\u0259lxalq Multikulturalizm M\u0259rk\u0259zi Elmi-Metodik \u015euras\u0131n\u0131n n\u0259zdind\u0259 f\u0259aliyy\u0259t\u0259 ba\u015flayan daimi elmi seminar\u0131n n\u00f6vb\u0259ti toplant\u0131s\u0131 ke\u00e7irilib.<\/p>\n<p>M\u0259rk\u0259zin icra\u00e7\u0131 direktoru Azad M\u0259mm\u0259dov qonaqlar\u0131 salamlayaraq daimi elmi seminar\u0131n f\u0259aliyy\u0259tini y\u00fcks\u0259k qiym\u0259tl\u0259ndirib, seminarda m\u00fczakir\u0259y\u0259 \u00e7\u0131xar\u0131lan m\u0259s\u0259l\u0259l\u0259rin Az\u0259rbaycan multikulturalizmi il\u0259 ba\u011fl\u0131 g\u0259l\u0259c\u0259k ara\u015fd\u0131rmalar \u00fc\u00e7\u00fcn qaynaq ola bil\u0259c\u0259yini deyib.<\/p>\n<p>Az\u0259rbaycan Respublikas\u0131n\u0131n mill\u0259tl\u0259raras\u0131 multikulturalizm v\u0259 dini m\u0259s\u0259l\u0259l\u0259r \u00fczr\u0259 D\u00f6vl\u0259t m\u00fc\u015faviri xidm\u0259tinin ba\u015f m\u0259sl\u0259h\u0259t\u00e7i, Bak\u0131 Beyn\u0259lxalq Multikulturalizm M\u0259rk\u0259zi Elmi-Metodik \u015euras\u0131 s\u0259dri Etibar N\u0259c\u0259fovun moderatoru oldu\u011fu, Akademik Kamal Abdullayevin t\u0259\u015f\u0259bb\u00fcs\u00fc il\u0259 f\u0259aliyy\u0259t\u0259 ba\u015flayan daimi elmi seminar\u0131n bud\u0259f\u0259ki toplant\u0131s\u0131nda m\u00fczakir\u0259 edil\u0259c\u0259k m\u0259s\u0259l\u0259l\u0259ri a\u00e7\u0131qlay\u0131b: \u201c\u0130clas\u0131n g\u00fcnd\u0259liyind\u0259 Sorbonna Universitetinin professoru, \u015f\u0259rq\u015f\u00fcnas Fransua Jorjonun XIX \u0259srin sonu &#8211; XX \u0259srin \u0259vv\u0259ll\u0259rind\u0259 Az\u0259rbaycan maarif\u00e7il\u0259ri haqq\u0131nda m\u0259ruz\u0259si, Beyrut Universitetinin professoru Mahmud Heyd\u0259rin \u00e7\u0131x\u0131\u015f\u0131, BBMM-in \u0130srail filial\u0131n\u0131n r\u0259hb\u0259ri, tan\u0131nm\u0131\u015f siyasi ekspert Arye Qutun h\u0259mm\u00fc\u0259llifi oldu\u011fu \u201cA\u011fr\u0131\u201d kitab\u0131n\u0131n m\u00fczakir\u0259si v\u0259 \u201cMultikulturalizm\u201d jurnal\u0131n\u0131n ikinci say\u0131n\u0131n t\u0259qdimat\u0131 yer al\u0131b\u201d.<!--more--><\/p>\n<p>Professor Fransua Jorjo m\u0259ruz\u0259sind\u0259 Az\u0259rbaycandak\u0131 multikulturalizm modeli il\u0259 ba\u011fl\u0131 fikirl\u0259rini b\u00f6l\u00fc\u015f\u00fcb: \u201c M\u0259n multikulturalizm ideyalar\u0131n\u0131n bu q\u0259d\u0259r yay\u0131ld\u0131\u011f\u0131n\u0131, \u0259srl\u0259rl\u0259 s\u00fcr\u0259n h\u0259yat t\u0259rzi v\u0259 d\u00f6vl\u0259t siyas\u0259tind\u0259 apar\u0131c\u0131 x\u0259tt oldu\u011funu ilk d\u0259f\u0259 Az\u0259rbaycanda g\u00f6rd\u00fcm. M\u0259nd\u0259 Az\u0259rbaycan\u0131n multikulutralizm modelin\u0259 b\u00f6y\u00fck maraq yarand\u0131 v\u0259 bu sah\u0259ni \u00f6yr\u0259nm\u0259kd\u0259n \u015f\u0259r\u0259f duyuram. Fransada multikulturalizm bir az m\u00fcr\u0259kk\u0259b anlay\u0131\u015fd\u0131r. D\u00fc\u015f\u00fcn\u00fcr\u0259m ki, d\u00fcnyada insanlar\u0131n s\u00fclh \u015f\u0259raitind\u0259 ya\u015famas\u0131, pl\u00fcralizmin inki\u015faf\u0131 v\u0259 \u00e7oxm\u0259d\u0259niyy\u0259tliliyin qorunub saxlanmas\u0131 \u00fc\u00e7\u00fcn Az\u0259rbaycan\u0131n multikulturalizm modeli d\u0259y\u0259rli \u00f6rn\u0259kdir\u201d.<\/p>\n<p>Livanl\u0131 professor Mahmud Heyd\u0259rin d\u0259rin mara\u011fa s\u0259b\u0259b olan \u00e7\u0131x\u0131\u015f\u0131nda dialoqda zidd, yaxud f\u0259rqli m\u0259d\u0259niyy\u0259t\u0259 sahib t\u0259r\u0259fl\u0259rin bir-biril\u0259rinin m\u0259d\u0259niyy\u0259tini, m\u0259n\u0259vi irsini tan\u0131maq, bilm\u0259k v\u0259 q\u0259bul etm\u0259k m\u0259s\u0259l\u0259sinin vacibliyi x\u00fcsusil\u0259 vur\u011fulan\u0131b.<\/p>\n<p>M\u0259ruz\u0259d\u0259n sonra Arye Qut israilli yazar \u018fmirl\u0259 birg\u0259 h\u0259mm\u00fc\u0259llifi oldu\u011fu \u201cA\u011fr\u0131\u201d kitab\u0131 haqq\u0131nda m\u0259lumat verib: \u201cA\u011fr\u0131\u201d kitab\u0131 T\u0259l-\u018fvivin \u201cMedial\u201d n\u0259\u015friyyat\u0131nda \u0130srailin \u201cYR\u201d \u015firk\u0259tinin d\u0259st\u0259yi il\u0259 \u00e7apdan \u00e7\u0131x\u0131b. Bug\u00fcnl\u0259rd\u0259 kitab\u0131n Yaz\u0131\u00e7\u0131lar<\/p>\n<p>Birliyind\u0259 d\u0259 t\u0259qdimat\u0131 ke\u00e7irilib. \u0130lk t\u0259qdimat\u0131n Bak\u0131da ba\u015f tutmas\u0131 bizim \u00fc\u00e7\u00fcn \u00e7ox q\u00fcrurvericidir. \u201cA\u011fr\u0131\u201d roman\u0131nda, dem\u0259k olar, Xocal\u0131da ba\u015f ver\u0259n d\u0259h\u015f\u0259tl\u0259r m\u00fc\u0259llifl\u0259r v\u0259 onlar\u0131n h\u0259ms\u00f6hb\u0259t olduqlar\u0131 \u015fahidl\u0259r t\u0259r\u0259find\u0259n dil\u0259 g\u0259tirilib. Burada b\u0259z\u0259n faktlar verils\u0259 d\u0259, ayr\u0131-ayr\u0131 insanlar\u0131n s\u00f6yl\u0259dikl\u0259ri q\u0259l\u0259m\u0259 al\u0131nsa da, b\u00fct\u00fcnl\u00fckd\u0259 bu, tarixi bir romand\u0131r\u201d.<\/p>\n<p>Bak\u0131 Beyn\u0259lxalq Multikulturalizm M\u0259rk\u0259zi Elmi-Metodik \u015euras\u0131 s\u0259dr m\u00fcavini Elsev\u0259r S\u0259m\u0259dov, F\u0259ls\u0259f\u0259 \u0130nstitutunun \u015f\u00f6b\u0259 m\u00fcdiri Z\u00f6hr\u0259 \u018fliyeva, Az\u0259rbaycan Respublikas\u0131n\u0131n Prezidenti yan\u0131nda Bilik Fondunun aparat r\u0259hb\u0259ri \u0130saxan V\u0259liyev \u00e7\u0131x\u0131\u015flar\u0131nda kitab\u0131n ax\u0131c\u0131 dill\u0259 yaz\u0131ld\u0131\u011f\u0131n\u0131, birn\u0259f\u0259s\u0259 oxundu\u011funu qeyd edibl\u0259r. \u00c7\u0131x\u0131\u015flarda vur\u011fulan\u0131b ki, kitab\u0131n rus dilind\u0259 yaz\u0131lmas\u0131 \u00e7ox \u0259h\u0259miyy\u0259tlidir, m\u00fc\u0259llifl\u0259r Az\u0259rbaycan h\u0259qiq\u0259tl\u0259rini d\u00fcnyaya \u00e7atd\u0131rmaq istiqam\u0259tind\u0259 b\u00f6y\u00fck bir i\u015f\u0259 imza at\u0131blar: \u201cHesab edir\u0259m ki, 1992-ci ild\u0259 erm\u0259ni silahl\u0131 d\u0259st\u0259l\u0259ri t\u0259r\u0259find\u0259n Xocal\u0131da t\u00f6r\u0259dilmi\u015f soyq\u0131r\u0131m\u0131 akt\u0131 il\u0259 ba\u011fl\u0131 d\u0259h\u015f\u0259tli hadis\u0259l\u0259rd\u0259n b\u0259hs ed\u0259n bu kitab\u0131n d\u00fcnya ictimaiyy\u0259tin\u0259 \u00e7atd\u0131r\u0131lmas\u0131 \u00e7ox vacibdi. B\u0259dii \u00fcslubda rus dilind\u0259 yaz\u0131lm\u0131\u015f bu roman\u0131n \u00f6lk\u0259mizin haqq s\u0259sinin d\u00fcnyaya yay\u0131lmas\u0131 i\u015find\u0259 b\u00f6y\u00fck \u00f6n\u0259mi var. \u0130ndiy\u0259 q\u0259d\u0259r s\u00fcbut ed\u0259 bilm\u0259diyimiz bir h\u0259qiq\u0259t &#8211; Qafqaza, \u0259sas\u0259n d\u0259 Az\u0259rbaycana erm\u0259nil\u0259rin 1828-ci ild\u0259n etibar\u0259n k\u00f6\u00e7\u00fcr\u00fclm\u0259si v\u0259 bunun \u00e7ar siyas\u0259tinin t\u0259rkib hiss\u0259si olmas\u0131 kitabda \u00f6z \u0259ksini tap\u0131b. M\u00fc\u0259llifl\u0259r Az\u0259rbaycan xalq\u0131n\u0131n d\u0259rin k\u0259d\u0259rini v\u0259 faci\u0259sini \u00fcr\u0259ka\u011fr\u0131s\u0131 il\u0259 q\u0259l\u0259m\u0259 al\u0131blar, bu qanl\u0131 faci\u0259nin canl\u0131 \u015fahidl\u0259ri olmu\u015f Xocal\u0131 sakinl\u0259rinin ifad\u0259l\u0259ri \u0259sas\u0131nda m\u00fcasir Erm\u0259nistan\u0131n terror\u00e7u liderl\u0259rini i\u00e7 \u00fcz\u00fcn\u00fc if\u015fa edirl\u0259r. \u0130nan\u0131r\u0131q ki, bu \u0259s\u0259r g\u0259l\u0259c\u0259kd\u0259 tarixi qaynaq kimi istifad\u0259 edil\u0259c\u0259k\u201d.<\/p>\n<p>\u00c7\u0131x\u0131\u015f ed\u0259nl\u0259r h\u0259m\u00e7inin \u201cA\u011fr\u0131\u201d kitab\u0131n\u0131n ingilis dilin\u0259 t\u0259rc\u00fcm\u0259 edil\u0259r\u0259k beyn\u0259lxalq ictimaiyy\u0259t\u0259 \u00e7atd\u0131r\u0131lmas\u0131n\u0131n vacibliyini qeyd edibl\u0259r.<\/p>\n<p>\u0130clas\u0131n g\u00fcnd\u0259liyin\u0259 uy\u011fun olaraq t\u0259dbird\u0259 BBMM, AMEA v\u0259 Az\u0259rbaycan Yarad\u0131c\u0131l\u0131q Fondunun birg\u0259 n\u0259\u015fri olan \u201cMultikulturalizm\u201d jurnal\u0131n\u0131n ikinci say\u0131 t\u0259qdim edilib. D\u0259rginin ba\u015f redaktoru F\u0259xri U\u011furlu jurnal\u0131n ikinci say\u0131n\u0131n r\u0259smi x\u0259b\u0259rl\u0259rl\u0259 yana\u015f\u0131, Az\u0259rbaycan Prezidenti \u0130lham \u018fliyevin BMT-nin Sivilizasiyalar Alyans\u0131n\u0131n VII Qlobal Forumundak\u0131 \u00e7\u0131x\u0131\u015f\u0131 il\u0259 a\u00e7\u0131l\u0131r.<\/p>\n<p>\u201cD\u00fcnyan\u0131n tan\u0131nm\u0131\u015f din xadiml\u0259ri\u201d rubrikas\u0131nda Qafqaz M\u00fcs\u0259lmanlar\u0131 \u0130dar\u0259sinin s\u0259dri Allah\u015f\u00fck\u00fcr Pa\u015fazad\u0259nin \u201cA\u011fa \u018flizad\u0259 -c\u00fcmhuriyy\u0259tin v\u0259 sovet d\u00f6vr\u00fcn\u00fcn \u015feyx\u00fclislam\u0131\u201d s\u0259rl\u00f6vh\u0259li m\u0259qal\u0259si verilib. D\u0259rgid\u0259 materiallar \u00fc\u00e7 dild\u0259- Az\u0259rbaycan, rus v\u0259 ingilis dill\u0259rind\u0259 d\u0259rc edilib. Jurnal\u0131n bu say\u0131nda Az\u0259rbaycan \u0259d\u0259biyyat\u0131n\u0131n tan\u0131nm\u0131\u015f m\u00fc\u0259llifl\u0259rinin yeni \u015feirl\u0259ri, hekay\u0259l\u0259ri, essel\u0259ri, t\u0259rc\u00fcm\u0259 v\u0259 reportajlar\u0131 yer al\u0131b. D\u0259rginin \u201cMultikulturalizm mozaikas\u0131\u201d b\u00f6l\u00fcm\u00fcnd\u0259 Az\u0259rbaycan\u0131n c\u0259nub b\u00f6lg\u0259sinin \u0259d\u0259bi m\u0259nz\u0259r\u0259si \u00f6z \u0259ksini tap\u0131b\u201d.<\/p>\n<p>Toplant\u0131da \u00e7\u0131x\u0131\u015f ed\u0259nl\u0259r jurnal\u0131n m\u00fcnd\u0259ricat\u0131nda yer alan materiallar\u0131n m\u00fch\u00fcm v\u0259 aktual oldu\u011funu diqq\u0259t\u0259 \u00e7atd\u0131r\u0131blar.<\/p>\n<p>Toplant\u0131n\u0131 yekunla\u015fd\u0131ran professor Etibar N\u0259c\u0259fov daimi elmi seminarda m\u00fczakir\u0259 edil\u0259n m\u0259s\u0259l\u0259l\u0259rin b\u00f6y\u00fck \u00f6n\u0259m da\u015f\u0131d\u0131\u011f\u0131n\u0131 vur\u011fulayaraq bel\u0259 toplant\u0131lar\u0131n multikultural ideyalar\u0131n t\u0259bli\u011fi v\u0259 t\u0259\u015fviqi i\u015fin\u0259 yeni t\u00f6hf\u0259l\u0259r ver\u0259c\u0259yin\u0259 \u0259minliyini bildirib.<\/p>\n<p>&nbsp;<\/p>\n<p style=\"text-align: right;\"><strong><em>Yadigar M\u0259mm\u0259dli,<\/em><\/strong><\/p>\n<p style=\"text-align: right;\"><strong><em>Bak\u0131 Beyn\u0259lxalq Multikulturalizm M\u0259rk\u0259zinin m\u0259tbuat xidm\u0259ti<\/em><\/strong><\/p>\n<p>&nbsp;<\/p>\n","protected":false},"excerpt":{"rendered":"<p>Bak\u0131 Beyn\u0259lxalq Multikulturalizm M\u0259rk\u0259zi Elmi-Metodik \u015euras\u0131n\u0131n n\u0259zdind\u0259 f\u0259aliyy\u0259t\u0259 ba\u015flayan daimi elmi seminar\u0131n n\u00f6vb\u0259ti toplant\u0131s\u0131 ke\u00e7irilib. M\u0259rk\u0259zin icra\u00e7\u0131 direktoru Azad M\u0259mm\u0259dov qonaqlar\u0131 salamlayaraq daimi elmi seminar\u0131n f\u0259aliyy\u0259tini y\u00fcks\u0259k qiym\u0259tl\u0259ndirib, seminarda m\u00fczakir\u0259y\u0259 \u00e7\u0131xar\u0131lan m\u0259s\u0259l\u0259l\u0259rin Az\u0259rbaycan multikulturalizmi il\u0259 ba\u011fl\u0131 g\u0259l\u0259c\u0259k ara\u015fd\u0131rmalar \u00fc\u00e7\u00fcn qaynaq ola bil\u0259c\u0259yini deyib. Az\u0259rbaycan Respublikas\u0131n\u0131n mill\u0259tl\u0259raras\u0131 multikulturalizm v\u0259 dini m\u0259s\u0259l\u0259l\u0259r \u00fczr\u0259 D\u00f6vl\u0259t m\u00fc\u015faviri xidm\u0259tinin ba\u015f [&hellip;]<\/p>\n","protected":false},"author":2,"featured_media":0,"comment_status":"closed","ping_status":"closed","sticky":false,"template":"","format":"standard","meta":[],"categories":[10],"tags":[20],"_links":{"self":[{"href":"https:\/\/yeniterter.az\/index.php?rest_route=\/wp\/v2\/posts\/4975"}],"collection":[{"href":"https:\/\/yeniterter.az\/index.php?rest_route=\/wp\/v2\/posts"}],"about":[{"href":"https:\/\/yeniterter.az\/index.php?rest_route=\/wp\/v2\/types\/post"}],"author":[{"embeddable":true,"href":"https:\/\/yeniterter.az\/index.php?rest_route=\/wp\/v2\/users\/2"}],"replies":[{"embeddable":true,"href":"https:\/\/yeniterter.az\/index.php?rest_route=%2Fwp%2Fv2%2Fcomments&post=4975"}],"version-history":[{"count":0,"href":"https:\/\/yeniterter.az\/index.php?rest_route=\/wp\/v2\/posts\/4975\/revisions"}],"wp:attachment":[{"href":"https:\/\/yeniterter.az\/index.php?rest_route=%2Fwp%2Fv2%2Fmedia&parent=4975"}],"wp:term":[{"taxonomy":"category","embeddable":true,"href":"https:\/\/yeniterter.az\/index.php?rest_route=%2Fwp%2Fv2%2Fcategories&post=4975"},{"taxonomy":"post_tag","embeddable":true,"href":"https:\/\/yeniterter.az\/index.php?rest_route=%2Fwp%2Fv2%2Ftags&post=4975"}],"curies":[{"name":"wp","href":"https:\/\/api.w.org\/{rel}","templated":true}]}}