{"id":4840,"date":"2016-11-08T15:17:18","date_gmt":"2016-11-08T12:17:18","guid":{"rendered":"http:\/\/www.yeniterter.az\/?p=4840"},"modified":"2016-11-08T15:17:18","modified_gmt":"2016-11-08T12:17:18","slug":"16-noyabr-yunesko-nun-t%c9%99sis-edildiyi-gundur","status":"publish","type":"post","link":"https:\/\/yeniterter.az\/?p=4840","title":{"rendered":"16 NOYABR YUNESKO-nun T\u018fS\u0130S ED\u0130LD\u0130Y\u0130 G\u00dcND\u00dcR"},"content":{"rendered":"<p><img decoding=\"async\" loading=\"lazy\" class=\" wp-image-4841 alignleft\" src=\"http:\/\/www.yeniterter.az\/wp-content\/uploads\/123-1.jpg\" alt=\"123\" width=\"124\" height=\"89\" \/>16 noyabr BMT-nin humanitar sah\u0259 \u00fczr\u0259 ixtisasla\u015fm\u0131\u015f t\u0259\u015fkilat\u0131 olan YUNESKO-nun t\u0259sis edil-diyi g\u00fcnd\u00fcr.<br \/>\nBu qurumun yaranmas\u0131 haqq\u0131nda Nizamnam\u0259 1945-ci il noyabr\u0131n 16-da Londonda imzalanm\u0131\u015f, bir il sonra\u20131946-c\u0131 il noyabr\u0131n 4-d\u0259 is\u0259 20 \u00fczv d\u00f6vl\u0259td\u0259n ibar\u0259t t\u0259\u015fkilat r\u0259smi f\u0259aliyy\u0259t\u0259 ba\u015flam\u0131\u015fd\u0131r. Haz\u0131rda 193 d\u00f6vl\u0259t YUNESKO-nun \u00fczv\u00fcd\u00fcr.<br \/>\nUlu \u00d6nd\u0259r Heyd\u0259r \u018fliyevin 21 fevral 1994-c\u00fc il tarixli S\u0259r\u0259ncam\u0131 il\u0259 Az\u0259rbaycan Respublikas\u0131n\u0131n YUNESKO \u00fczr\u0259 Milli Komissiyas\u0131 yarad\u0131lm\u0131\u015fd\u0131r. 2005-ci il sentyabr\u0131n 15-d\u0259 is\u0259 Prezident \u0130lham \u018fliyev Milli Komissiya il\u0259 ba\u011fl\u0131 \u0259lav\u0259 t\u0259dbirl\u0259r haqq\u0131nda S\u0259r\u0259ncam imzalam\u0131\u015fd\u0131r.<br \/>\nAz\u0259rbaycanla YUNESKO aras\u0131nda haz\u0131rda s\u0131x \u0259laq\u0259l\u0259r m\u00f6vcuddur.<br \/>\nAz\u0259rbaycan\u0131n birinci xan\u0131m\u0131, Heyd\u0259r \u018fliyev Fondunun prezidenti Mehriban \u018fliyevan\u0131n Az\u0259rbaycan-YUNESKO m\u00fcnasib\u0259tl\u0259rinin inki\u015faf\u0131nda v\u0259 m\u00f6hk\u0259ml\u0259nm\u0259sind\u0259 m\u0259xsusi xidm\u0259tl\u0259ri vard\u0131r. Mehriban xan\u0131m \u018fliyevan\u0131n ciddi s\u0259yl\u0259ri n\u0259tic\u0259sind\u0259 Az\u0259rbaycan mu\u011fam\u0131 YUNESKO t\u0259r\u0259find\u0259n b\u0259\u015f\u0259riyy\u0259tin qeyri-maddi irsinin \u015fah \u0259s\u0259ri elan edilmi\u015f, Qobustan D\u00f6vl\u0259t Tarixi B\u0259dii Qoru\u011fu \u00fcmumd\u00fcnya irs siyah\u0131s\u0131na sal\u0131nm\u0131\u015f, \u0130\u00e7\u0259ri\u015f\u0259h\u0259r Qoru\u011fu YUNESKO-nun t\u0259hl\u00fck\u0259d\u0259 olan \u00fcmumd\u00fcnya irsi siyah\u0131s\u0131ndan \u00e7\u0131xar\u0131lm\u0131\u015fd\u0131r. A\u015f\u0131q s\u0259n\u0259ti v\u0259 Novruz bayram\u0131 da YUNESKO-nun qeyri-maddi m\u0259d\u0259ni irs siyah\u0131s\u0131nda \u00f6z\u00fcn\u0259 yer alm\u0131\u015fd\u0131r.<\/p>\n","protected":false},"excerpt":{"rendered":"<p>16 noyabr BMT-nin humanitar sah\u0259 \u00fczr\u0259 ixtisasla\u015fm\u0131\u015f t\u0259\u015fkilat\u0131 olan YUNESKO-nun t\u0259sis edil-diyi g\u00fcnd\u00fcr. Bu qurumun yaranmas\u0131 haqq\u0131nda Nizamnam\u0259 1945-ci il noyabr\u0131n 16-da Londonda imzalanm\u0131\u015f, bir il sonra\u20131946-c\u0131 il noyabr\u0131n 4-d\u0259 is\u0259 20 \u00fczv d\u00f6vl\u0259td\u0259n ibar\u0259t t\u0259\u015fkilat r\u0259smi f\u0259aliyy\u0259t\u0259 ba\u015flam\u0131\u015fd\u0131r. Haz\u0131rda 193 d\u00f6vl\u0259t YUNESKO-nun \u00fczv\u00fcd\u00fcr. Ulu \u00d6nd\u0259r Heyd\u0259r \u018fliyevin 21 fevral 1994-c\u00fc il tarixli S\u0259r\u0259ncam\u0131 il\u0259 [&hellip;]<\/p>\n","protected":false},"author":2,"featured_media":0,"comment_status":"closed","ping_status":"closed","sticky":false,"template":"","format":"standard","meta":[],"categories":[10],"tags":[20],"_links":{"self":[{"href":"https:\/\/yeniterter.az\/index.php?rest_route=\/wp\/v2\/posts\/4840"}],"collection":[{"href":"https:\/\/yeniterter.az\/index.php?rest_route=\/wp\/v2\/posts"}],"about":[{"href":"https:\/\/yeniterter.az\/index.php?rest_route=\/wp\/v2\/types\/post"}],"author":[{"embeddable":true,"href":"https:\/\/yeniterter.az\/index.php?rest_route=\/wp\/v2\/users\/2"}],"replies":[{"embeddable":true,"href":"https:\/\/yeniterter.az\/index.php?rest_route=%2Fwp%2Fv2%2Fcomments&post=4840"}],"version-history":[{"count":0,"href":"https:\/\/yeniterter.az\/index.php?rest_route=\/wp\/v2\/posts\/4840\/revisions"}],"wp:attachment":[{"href":"https:\/\/yeniterter.az\/index.php?rest_route=%2Fwp%2Fv2%2Fmedia&parent=4840"}],"wp:term":[{"taxonomy":"category","embeddable":true,"href":"https:\/\/yeniterter.az\/index.php?rest_route=%2Fwp%2Fv2%2Fcategories&post=4840"},{"taxonomy":"post_tag","embeddable":true,"href":"https:\/\/yeniterter.az\/index.php?rest_route=%2Fwp%2Fv2%2Ftags&post=4840"}],"curies":[{"name":"wp","href":"https:\/\/api.w.org\/{rel}","templated":true}]}}