{"id":4679,"date":"2016-10-19T11:02:06","date_gmt":"2016-10-19T08:02:06","guid":{"rendered":"http:\/\/www.yeniterter.az\/?p=4679"},"modified":"2016-10-20T09:48:21","modified_gmt":"2016-10-20T06:48:21","slug":"az%c9%99rbaycanin-dovl%c9%99t-must%c9%99qilliyinin-25-ci-ildonumu-munasib%c9%99til%c9%99","status":"publish","type":"post","link":"https:\/\/yeniterter.az\/?p=4679","title":{"rendered":"Az\u0259rbaycan\u0131n D\u00f6vl\u0259t M\u00fcst\u0259qilliyinin 25-ci ild\u00f6n\u00fcm\u00fc m\u00fcnasib\u0259til\u0259"},"content":{"rendered":"<p><strong>BURA V\u018fT\u018fND\u0130R&#8230;<\/strong><\/p>\n<p><img decoding=\"async\" loading=\"lazy\" class=\" wp-image-4708 alignleft\" src=\"http:\/\/www.yeniterter.az\/wp-content\/uploads\/333-300x152.jpg\" alt=\"333\" width=\"211\" height=\"107\" srcset=\"https:\/\/yeniterter.az\/wp-content\/uploads\/333-300x152.jpg 300w, https:\/\/yeniterter.az\/wp-content\/uploads\/333.jpg 700w\" sizes=\"(max-width: 211px) 100vw, 211px\" \/>O tarixi g\u00fcnd\u0259n bizi 25 il ay\u0131r\u0131r. M\u0259hz h\u0259min g\u00fcn \u201318 oktyabr 1991-ci il tarixind\u0259 xalq\u0131m\u0131z\u0131n \u00e7oxillik arzusu ger\u00e7\u0259kl\u0259\u015fdi. Az\u0259rbaycan Ali Soveti D\u00f6vl\u0259t M\u00fcst\u0259qilliyi haqq\u0131nda Konstitusiya Akt\u0131n\u0131 q\u0259bul etdi. XX \u0259srd\u0259 ikinci d\u0259f\u0259 Az\u0259rbaycan m\u00fcst\u0259qilliy\u0259 qovu\u015fdu. Lakin bu m\u00fcst\u0259qillik \u00e7ox k\u00f6vr\u0259k idi.<img decoding=\"async\" loading=\"lazy\" class=\" wp-image-4680 alignright\" src=\"http:\/\/www.yeniterter.az\/wp-content\/uploads\/bu-4-300x225.jpg\" alt=\"bu\" width=\"171\" height=\"128\" srcset=\"https:\/\/yeniterter.az\/wp-content\/uploads\/bu-4-300x225.jpg 300w, https:\/\/yeniterter.az\/wp-content\/uploads\/bu-4-768x576.jpg 768w, https:\/\/yeniterter.az\/wp-content\/uploads\/bu-4.jpg 960w\" sizes=\"(max-width: 171px) 100vw, 171px\" \/><br \/>\nSSR\u0130-nin da\u011f\u0131lmas\u0131 n\u0259tic\u0259sind\u0259 m\u00fctt\u0259fiq respublikalar aras\u0131nda \u0259laq\u0259l\u0259r k\u0259silmi\u015f, bu is\u0259 Az\u0259rbaycan\u0131n da iqtisadiyyat\u0131na \u00f6z t\u0259sirini g\u00f6st\u0259rmi\u015fdir. B\u00fct\u00fcn sah\u0259l\u0259rd\u0259, o c\u00fcml\u0259d\u0259n s\u0259nayed\u0259, k\u0259nd t\u0259s\u0259rr\u00fcfat\u0131nda geril\u0259m\u0259l\u0259r, da\u011f\u0131nt\u0131lar m\u00fc\u015fahid\u0259 edilirdi. Erm\u0259nistan\u0131n Az\u0259rbaycana qar\u015f\u0131 apard\u0131\u011f\u0131 elan olunmam\u0131\u015f m\u00fcharib\u0259 is\u0259 v\u0259ziyy\u0259ti daha da a\u011f\u0131rla\u015fd\u0131r\u0131rd\u0131. \u00d6lk\u0259d\u0259 h\u00f6km s\u00fcr\u0259n xaos v\u0259 anarxiya Az\u0259rbaycan\u0131n par\u00e7alanmas\u0131 t\u0259hl\u00fck\u0259sini yarad\u0131rd\u0131. Bu v\u0259ziyy\u0259td\u0259 xalq\u0131n yegan\u0259 \u00fcmidi g\u00fccl\u00fc v\u0259 a\u011f\u0131ll\u0131 lider idi. Az\u0259rbaycan xalq\u0131 bu lideri yaln\u0131z Heyd\u0259r \u018fliyevin \u015f\u0259xsiyy\u0259tind\u0259 g\u00f6r\u00fcrd\u00fc. Onun hakimiyy\u0259t\u0259 ikinci qay\u0131d\u0131\u015f\u0131 k\u00f6vr\u0259k m\u00fcst\u0259qilliyimizi \u0259b\u0259di v\u0259 d\u00f6nm\u0259z etdi, Az\u0259rbaycan\u0131 g\u00fccl\u00fc d\u00f6vl\u0259tl\u0259r s\u0131ras\u0131na \u00e7\u0131xard\u0131. \u00dcmummilli Lider respublikam\u0131z\u0131 \u015e\u0259rqd\u0259 ilk demokratik c\u00fcmhuriyy\u0259t olan AXC-nin varisi elan etdi.<br \/>\nM\u00fcst\u0259qillik ill\u0259rind\u0259 xalq\u0131m\u0131z \u00f6z s\u0259rv\u0259tl\u0259rinin sahibin\u0259 \u00e7evrildi. 1994-c\u00fc ilin 20 sentyabr\u0131nda Heyd\u0259r \u018fliyevin m\u00fc\u0259llifi oldu\u011fu n\u0259h\u0259ng neft kontrakt\u0131\u2013\u201c\u018fsrin m\u00fcqavil\u0259si\u201d imzaland\u0131. Bununla da Az\u0259rbaycan ilk d\u0259f\u0259 olaraq \u00f6z s\u0259rv\u0259tl\u0259rinin sahibi kimi \u00e7\u0131x\u0131\u015f etdi, onun n\u00fcfuzu d\u00fcnya s\u0259viyy\u0259sind\u0259 artd\u0131.<br \/>\n\u00d6z-\u00f6z\u00fcm\u0259 sual verir\u0259m: 25 illik m\u00fcst\u0259qil h\u0259yat\u0131m\u0131z biz\u0259 n\u0259 verib? \u00d6lk\u0259 miqyas\u0131nda g\u00f6r\u00fcl\u0259n i\u015fl\u0259ri sadalamaqla qurtaran deyil, ona g\u00f6r\u0259 d\u0259 do\u011fma T\u0259rt\u0259rimiz\u0259 n\u0259z\u0259r sal\u0131ram. Pal\u00e7\u0131ql\u0131 k\u00fc\u00e7\u0259l\u0259r, y\u00f6nd\u0259msiz k\u00f6\u015fkl\u0259r \u0259v\u0259zin\u0259 g\u00f6zl\u0259rim qar\u015f\u0131s\u0131nda yara\u015f\u0131ql\u0131 Heyd\u0259r \u018fliyev prospekti, gec\u0259l\u0259r nura q\u0259rq olan geni\u015f k\u00fc\u00e7\u0259l\u0259r, bu k\u00fc\u00e7\u0259l\u0259rd\u0259 sakinl\u0259rin tikdirdikl\u0259ri bir-birind\u0259n g\u00f6z\u0259l, m\u00fcasir evl\u0259r canlan\u0131r.<br \/>\nYeni tikil\u0259n binalar\u0131 is\u0259 sadalamaqla qurtaran deyil&#8230;<!--more--><br \/>\nQaraba\u011f m\u00fcharib\u0259si veteranlar\u0131 v\u0259 \u015f\u0259hid ail\u0259l\u0259ri \u00fc\u00e7\u00fcn \u00e7oxm\u0259rt\u0259b\u0259li ya\u015fay\u0131\u015f binalar\u0131 v\u0259 f\u0259rdi evl\u0259r, yeni m\u0259kt\u0259bl\u0259r, u\u015faq ba\u011f\u00e7alar\u0131, inzibati binalar v\u0259 s. Hal-haz\u0131rda in\u015fas\u0131 davam etdiril\u0259n \u015fahmat m\u0259kt\u0259binin, tarix-diyar\u015f\u00fcnasl\u0131q muzeyinin binalar\u0131 is\u0259 Heyd\u0259r \u018fliyev prospektin\u0259 yeni yara\u015f\u0131q ver\u0259c\u0259k.<br \/>\nT\u0259rt\u0259r h\u0259mi\u015f\u0259 ya\u015f\u0131l \u015f\u0259h\u0259r olub. \u0130ndi bu g\u00f6z\u0259llik daha da art\u0131b, insanlar\u0131n istirah\u0259ti \u00fc\u00e7\u00fcn yeni parklar, xiyabanlar sal\u0131n\u0131b.<br \/>\nB\u00fct\u00fcn bunlar \u00f6z yerind\u0259, amma, y\u0259qin h\u0259r bir t\u0259rt\u0259rli t\u0259sdiql\u0259y\u0259r ki, m\u00fcst\u0259qilliyimizin biz\u0259 verdiyi \u0259n b\u00f6y\u00fck t\u00f6hf\u0259l\u0259r sosial sah\u0259 il\u0259 ba\u011fl\u0131d\u0131r. Y\u0259ni, \u0259g\u0259r 90-c\u0131 ill\u0259rin \u0259vv\u0259ll\u0259rind\u0259 biz ciddi sur\u0259td\u0259 i\u015f\u0131q, t\u0259bii qaz, i\u00e7m\u0259li su probleml\u0259ri il\u0259 \u00fczl\u0259\u015firdiks\u0259, indi b\u00fct\u00fcn bunlar ke\u00e7mi\u015fd\u0259 qal\u0131b. N\u0259inki \u015f\u0259h\u0259rin \u00f6z\u00fcnd\u0259, el\u0259 k\u0259ndl\u0259rd\u0259 d\u0259 \u0259hali 24 saat \u0259rzind\u0259 elektrik enerjisi il\u0259 t\u0259min olunur, rayonun 100 faiz qazla\u015fd\u0131r\u0131lmas\u0131 is\u0259 yax\u0131n zamanlarda ba\u015fa \u00e7atd\u0131r\u0131lacaq. Hal-haz\u0131rda yekunla\u015fmaqda olan \u015f\u0259h\u0259rimizin v\u0259 \u0259traf 11 k\u0259ndin su-kanalizasiya layih\u0259si is\u0259 i\u00e7m\u0259li su sar\u0131dan olan probleml\u0259ri tamamil\u0259 aradan qald\u0131racaq.<br \/>\nBu g\u00fcn t\u0259rt\u0259rlil\u0259rin h\u0259yat\u0131 he\u00e7 d\u0259 \u015f\u0259h\u0259r \u0259halisinin \u015f\u0259raitind\u0259n geri qalm\u0131r. M\u0259hz bu s\u0259b\u0259bd\u0259n d\u0259 indi T\u0259rt\u0259r\u0259 ya\u015fama\u011fa g\u0259l\u0259nl\u0259rin say\u0131 ged\u0259nl\u0259rd\u0259n \u00e7oxdur. Bunun bir s\u0259b\u0259bi d\u0259 var ki, bu da yeni i\u015f yerl\u0259rinin a\u00e7\u0131lmas\u0131d\u0131r. H\u0259m m\u00f6vcud idar\u0259 v\u0259 m\u00fc\u0259ssis\u0259l\u0259rd\u0259, h\u0259m d\u0259 \u015f\u0259h\u0259rin abadla\u015fd\u0131r\u0131lmas\u0131, ya\u015f\u0131lla\u015fd\u0131r\u0131lmas\u0131 sah\u0259sind\u0259 onlarla yeni i\u015f yerinin a\u00e7\u0131lmas\u0131 ne\u00e7\u0259-ne\u00e7\u0259 ail\u0259nin dolan\u0131\u015f\u0131\u011f\u0131na m\u00fcsb\u0259t t\u0259sir etmi\u015fdir.<br \/>\nBu g\u00fcnl\u0259rd\u0259 Sabirabadda ke\u00e7iril\u0259n m\u00fc\u015favir\u0259d\u0259 Prezident \u0130lham \u018fliyevin pamb\u0131q\u00e7\u0131l\u0131\u011f\u0131n inki\u015faf\u0131 il\u0259 ba\u011fl\u0131 verdiyi tap-\u015f\u0131r\u0131qlar, t\u00f6vsiy\u0259l\u0259r h\u0259yata ke\u00e7iril\u0259nd\u0259n sonra is\u0259 \u0259lav\u0259 y\u00fczl\u0259rl\u0259 insan i\u015fl\u0259 t\u0259min olunacaq. Y\u0259ni indi h\u0259r k\u0259s yax\u015f\u0131 dolanmaq, ail\u0259sini t\u0259min etm\u0259k ist\u0259yirs\u0259, d\u00f6vl\u0259timiz ona h\u0259r c\u00fcr \u015f\u0259rait yarad\u0131r. Bu da m\u00fcst\u0259qilliyimizin b\u0259hr\u0259l\u0259rind\u0259n biridir.<br \/>\nM\u00fcst\u0259qillik ill\u0259rind\u0259 Az\u0259rbaycan y\u00fcks\u0259k d\u0259r\u0259c\u0259d\u0259 inki\u015faf etmi\u015f sivil, tolerant, multikultural bir \u00f6lk\u0259y\u0259 \u00e7evrilib. T\u0259hsilin, m\u0259d\u0259niyy\u0259tin, s\u0259hiyy\u0259nin inki\u015faf\u0131nda u\u011furlar qazan\u0131l\u0131b.<br \/>\nM\u00fcst\u0259qilliyinin 25-ci ild\u00f6n\u00fcm\u00fc m\u00fcbar\u0259k, \u0259ziz \u00f6lk\u0259m!<\/p>\n<p style=\"text-align: right;\"><strong><em>Svetlana Ba\u011f\u0131rova<\/em><\/strong><\/p>\n","protected":false},"excerpt":{"rendered":"<p>BURA V\u018fT\u018fND\u0130R&#8230; O tarixi g\u00fcnd\u0259n bizi 25 il ay\u0131r\u0131r. M\u0259hz h\u0259min g\u00fcn \u201318 oktyabr 1991-ci il tarixind\u0259 xalq\u0131m\u0131z\u0131n \u00e7oxillik arzusu ger\u00e7\u0259kl\u0259\u015fdi. Az\u0259rbaycan Ali Soveti D\u00f6vl\u0259t M\u00fcst\u0259qilliyi haqq\u0131nda Konstitusiya Akt\u0131n\u0131 q\u0259bul etdi. XX \u0259srd\u0259 ikinci d\u0259f\u0259 Az\u0259rbaycan m\u00fcst\u0259qilliy\u0259 qovu\u015fdu. Lakin bu m\u00fcst\u0259qillik \u00e7ox k\u00f6vr\u0259k idi. SSR\u0130-nin da\u011f\u0131lmas\u0131 n\u0259tic\u0259sind\u0259 m\u00fctt\u0259fiq respublikalar aras\u0131nda \u0259laq\u0259l\u0259r k\u0259silmi\u015f, bu is\u0259 Az\u0259rbaycan\u0131n [&hellip;]<\/p>\n","protected":false},"author":2,"featured_media":0,"comment_status":"closed","ping_status":"closed","sticky":false,"template":"","format":"standard","meta":[],"categories":[1],"tags":[13],"_links":{"self":[{"href":"https:\/\/yeniterter.az\/index.php?rest_route=\/wp\/v2\/posts\/4679"}],"collection":[{"href":"https:\/\/yeniterter.az\/index.php?rest_route=\/wp\/v2\/posts"}],"about":[{"href":"https:\/\/yeniterter.az\/index.php?rest_route=\/wp\/v2\/types\/post"}],"author":[{"embeddable":true,"href":"https:\/\/yeniterter.az\/index.php?rest_route=\/wp\/v2\/users\/2"}],"replies":[{"embeddable":true,"href":"https:\/\/yeniterter.az\/index.php?rest_route=%2Fwp%2Fv2%2Fcomments&post=4679"}],"version-history":[{"count":0,"href":"https:\/\/yeniterter.az\/index.php?rest_route=\/wp\/v2\/posts\/4679\/revisions"}],"wp:attachment":[{"href":"https:\/\/yeniterter.az\/index.php?rest_route=%2Fwp%2Fv2%2Fmedia&parent=4679"}],"wp:term":[{"taxonomy":"category","embeddable":true,"href":"https:\/\/yeniterter.az\/index.php?rest_route=%2Fwp%2Fv2%2Fcategories&post=4679"},{"taxonomy":"post_tag","embeddable":true,"href":"https:\/\/yeniterter.az\/index.php?rest_route=%2Fwp%2Fv2%2Ftags&post=4679"}],"curies":[{"name":"wp","href":"https:\/\/api.w.org\/{rel}","templated":true}]}}