{"id":4673,"date":"2016-10-19T10:49:34","date_gmt":"2016-10-19T07:49:34","guid":{"rendered":"http:\/\/www.yeniterter.az\/?p=4673"},"modified":"2016-10-19T13:22:48","modified_gmt":"2016-10-19T10:22:48","slug":"fransali-jurnalistl%c9%99r-rayonumuzun-qonagi-olublar","status":"publish","type":"post","link":"https:\/\/yeniterter.az\/?p=4673","title":{"rendered":"FRANSALI   JURNAL\u0130STL\u018fR  RAYONUMUZUN   QONA\u011eI   OLUBLAR"},"content":{"rendered":"<p><img decoding=\"async\" loading=\"lazy\" class=\" wp-image-4674 alignleft\" src=\"http:\/\/www.yeniterter.az\/wp-content\/uploads\/007-300x201.jpg\" alt=\"007\" width=\"161\" height=\"108\" srcset=\"https:\/\/yeniterter.az\/wp-content\/uploads\/007-300x201.jpg 300w, https:\/\/yeniterter.az\/wp-content\/uploads\/007-768x514.jpg 768w, https:\/\/yeniterter.az\/wp-content\/uploads\/007-1024x685.jpg 1024w, https:\/\/yeniterter.az\/wp-content\/uploads\/007.jpg 1500w\" sizes=\"(max-width: 161px) 100vw, 161px\" \/>Erm\u0259nistan-Az\u0259rbaycan, Da\u011fl\u0131q Qaraba\u011f m\u00fcnaqi\u015f\u0259si v\u0259 qo\u015funlar\u0131n t\u0259mas x\u0259ttind\u0259ki v\u0259ziyy\u0259t bar\u0259d\u0259 reportaj haz\u0131rlamaq m\u0259qs\u0259di il\u0259 \u00f6lk\u0259mizd\u0259 s\u0259f\u0259rd\u0259 olan Fransan\u0131n m\u0259\u015fhur \u201cL Opinion\u201d q\u0259zetinin m\u00fcxbiri Claude Leblanc, \u201c\u0130nstitute Europen Perspective and Security\u201d beyin m\u0259rk\u0259zinin direktoru Emmanuel Dupuy, \u201cTTU\u201d q\u0259zetinin ba\u015f redaktoru Guillen Monsoins T\u0259rt\u0259r rayonunda oldular.<img decoding=\"async\" loading=\"lazy\" class=\" wp-image-4698 alignright\" src=\"http:\/\/www.yeniterter.az\/wp-content\/uploads\/DSC_7880-\u041a\u043e\u043f\u0438\u0440\u043e\u0432\u0430\u0442\u044c-300x201.jpg\" alt=\"dsc_7880-%d0%ba%d0%be%d0%bf%d0%b8%d1%80%d0%be%d0%b2%d0%b0%d1%82%d1%8c\" width=\"163\" height=\"109\" srcset=\"https:\/\/yeniterter.az\/wp-content\/uploads\/DSC_7880-\u041a\u043e\u043f\u0438\u0440\u043e\u0432\u0430\u0442\u044c-300x201.jpg 300w, https:\/\/yeniterter.az\/wp-content\/uploads\/DSC_7880-\u041a\u043e\u043f\u0438\u0440\u043e\u0432\u0430\u0442\u044c-768x514.jpg 768w, https:\/\/yeniterter.az\/wp-content\/uploads\/DSC_7880-\u041a\u043e\u043f\u0438\u0440\u043e\u0432\u0430\u0442\u044c-1024x686.jpg 1024w, https:\/\/yeniterter.az\/wp-content\/uploads\/DSC_7880-\u041a\u043e\u043f\u0438\u0440\u043e\u0432\u0430\u0442\u044c.jpg 1344w\" sizes=\"(max-width: 163px) 100vw, 163px\" \/><br \/>\nT\u0259rt\u0259r Rayon \u0130cra Hakimiyy\u0259tind\u0259 ke\u00e7iril\u0259n g\u00f6r\u00fc\u015fd\u0259 rayon icra hakimiyy\u0259tinin ba\u015f\u00e7\u0131s\u0131 M\u00fcst\u0259qim M\u0259mm\u0259dov qonaqlara c\u0259bh\u0259 x\u0259ttind\u0259 ya\u015fayan dinc \u0259halinin \u00fczl\u0259\u015fdiyi \u00e7\u0259tinlikl\u0259r, erm\u0259nil\u0259rin ya\u015fay\u0131\u015f m\u0259nt\u0259q\u0259l\u0259rini at\u0259\u015f\u0259 tutmas\u0131 n\u0259tic\u0259sind\u0259 yaranan probleml\u0259r bar\u0259d\u0259 m\u0259lumat verdi.<br \/>\nSonra qonaqlar rayon \u0259razisind\u0259 yerl\u0259\u015f\u0259n N. sayl\u0131 h\u0259rbi hiss\u0259d\u0259, m\u0259cburi k\u00f6\u00e7k\u00fcnl\u0259rin s\u0131x ya\u015fad\u0131\u011f\u0131 H\u0259s\u0259nqaya k\u0259ndind\u0259 erm\u0259ni artilleriyas\u0131n\u0131n at\u0259\u015fi n\u0259tic\u0259sind\u0259 da\u011f\u0131nt\u0131ya m\u0259ruz qalm\u0131\u015f m\u0259nzill\u0259rd\u0259 olmu\u015f, m\u0259cburi k\u00f6\u00e7k\u00fcn ail\u0259l\u0259ri il\u0259 g\u00f6r\u00fc\u015f\u00fcb, onlar\u0131n probleml\u0259ri il\u0259 maraqlan\u0131blar. Erm\u0259nil\u0259rin Qaraba\u011fa k\u00f6\u00e7\u00fcr\u00fclm\u0259sinin 150 illiyi m\u00fcnasib\u0259ti il\u0259 \u015e\u0131xarx q\u0259s\u0259b\u0259sind\u0259 \u00f6zl\u0259ri t\u0259r\u0259find\u0259n ucald\u0131lm\u0131\u015f \u201cMara\u011fa-150\u201d abid\u0259sinin qal\u0131qlar\u0131na bax\u0131blar.<\/p>\n","protected":false},"excerpt":{"rendered":"<p>Erm\u0259nistan-Az\u0259rbaycan, Da\u011fl\u0131q Qaraba\u011f m\u00fcnaqi\u015f\u0259si v\u0259 qo\u015funlar\u0131n t\u0259mas x\u0259ttind\u0259ki v\u0259ziyy\u0259t bar\u0259d\u0259 reportaj haz\u0131rlamaq m\u0259qs\u0259di il\u0259 \u00f6lk\u0259mizd\u0259 s\u0259f\u0259rd\u0259 olan Fransan\u0131n m\u0259\u015fhur \u201cL Opinion\u201d q\u0259zetinin m\u00fcxbiri Claude Leblanc, \u201c\u0130nstitute Europen Perspective and Security\u201d beyin m\u0259rk\u0259zinin direktoru Emmanuel Dupuy, \u201cTTU\u201d q\u0259zetinin ba\u015f redaktoru Guillen Monsoins T\u0259rt\u0259r rayonunda oldular. T\u0259rt\u0259r Rayon \u0130cra Hakimiyy\u0259tind\u0259 ke\u00e7iril\u0259n g\u00f6r\u00fc\u015fd\u0259 rayon icra hakimiyy\u0259tinin ba\u015f\u00e7\u0131s\u0131 M\u00fcst\u0259qim [&hellip;]<\/p>\n","protected":false},"author":2,"featured_media":0,"comment_status":"closed","ping_status":"closed","sticky":false,"template":"","format":"standard","meta":[],"categories":[1],"tags":[13],"_links":{"self":[{"href":"https:\/\/yeniterter.az\/index.php?rest_route=\/wp\/v2\/posts\/4673"}],"collection":[{"href":"https:\/\/yeniterter.az\/index.php?rest_route=\/wp\/v2\/posts"}],"about":[{"href":"https:\/\/yeniterter.az\/index.php?rest_route=\/wp\/v2\/types\/post"}],"author":[{"embeddable":true,"href":"https:\/\/yeniterter.az\/index.php?rest_route=\/wp\/v2\/users\/2"}],"replies":[{"embeddable":true,"href":"https:\/\/yeniterter.az\/index.php?rest_route=%2Fwp%2Fv2%2Fcomments&post=4673"}],"version-history":[{"count":0,"href":"https:\/\/yeniterter.az\/index.php?rest_route=\/wp\/v2\/posts\/4673\/revisions"}],"wp:attachment":[{"href":"https:\/\/yeniterter.az\/index.php?rest_route=%2Fwp%2Fv2%2Fmedia&parent=4673"}],"wp:term":[{"taxonomy":"category","embeddable":true,"href":"https:\/\/yeniterter.az\/index.php?rest_route=%2Fwp%2Fv2%2Fcategories&post=4673"},{"taxonomy":"post_tag","embeddable":true,"href":"https:\/\/yeniterter.az\/index.php?rest_route=%2Fwp%2Fv2%2Ftags&post=4673"}],"curies":[{"name":"wp","href":"https:\/\/api.w.org\/{rel}","templated":true}]}}